{"id":562584,"date":"2025-11-27T16:00:16","date_gmt":"2025-11-27T16:00:16","guid":{"rendered":"https:\/\/www.europesays.com\/fr\/562584\/"},"modified":"2025-11-27T16:00:16","modified_gmt":"2025-11-27T16:00:16","slug":"la-gauche-et-les-ecologistes-derriere-regis-juanico","status":"publish","type":"post","link":"https:\/\/www.europesays.com\/fr\/562584\/","title":{"rendered":"la gauche et les \u00e9cologistes derri\u00e8re R\u00e9gis Juanico"},"content":{"rendered":"<p>\u00ab\u00a0Nous avons d\u00e9cid\u00e9 d\u2019unir nos forces pour Saint-\u00c9tienne et pour tourner la page des funestes mandatures de <a href=\"https:\/\/www.leprogres.fr\/p\/gael-perdriau\" target=\"_blank\" rel=\"noopener\">Ga\u00ebl Perdriau<\/a>.\u00a0\u00bb<\/p>\n<p><a href=\"https:\/\/www.leprogres.fr\/p\/regis-juanico\" target=\"_blank\" rel=\"noopener\">R\u00e9gis Juanico<\/a> a officialis\u00e9 jeudi matin, dans son local de campagne situ\u00e9 rue Charles-de-Gaulle, le rassemblement des partis de gauche et \u00e9cologistes. \u00ab\u00a0Une union in\u00e9dite puisque jamais vue depuis vingt-cinq ans et qui a \u00e9t\u00e9 le fruit du vote des adh\u00e9rents\u00a0\u00bb, a insist\u00e9, dans un bref discours, la t\u00eate de liste.<\/p>\n<p>Autour de lui, les repr\u00e9sentants des diff\u00e9rentes composantes de ce large rassemblement ont, \u00e0 leur tour, pris la parole pour affirmer leur d\u00e9termination \u00e0 gagner.<\/p>\n<p>Val\u00e9rie Atif (PC), Olivier Longeon et Julie Tokhi (Les \u00e9cologistes), Annick Jehanne (Place publique), Hubert Morenvillez (Les Radicaux de gauche), Jean Duverger (G\u00e9n\u00e9ration \u00e9cologie), Fran\u00e7oise Roche-Elmi (G\u00e9n\u00e9ration. s) Johann Cesa (Parti socialiste) et enfin les deux conseillers d\u2019opposition de Saint-\u00c9tienne demain, Laetitia Valentin et Ali Rafsi, ont affich\u00e9 leur volont\u00e9 commune.<\/p>\n<p>  \u00ab\u00a0Nous n\u2019avons pas le droit de perdre\u00a0\u00bb<\/p>\n<p>\u00ab\u00a0Pour en arriver l\u00e0, nous avons pris le temps de la discussion (les adh\u00e9rents des \u00c9cologistes et du PC ont approuv\u00e9 cette union \u00e0 75\u00a0% NDLR). Notre responsabilit\u00e9 est de gagner. J\u2019irai m\u00eame plus loin\u00a0: nous n\u2019avons pas le droit de perdre\u00a0\u00bb, a r\u00e9sum\u00e9 Julie Tokhi.<\/p>\n<p>Quant au programme et la constitution de la liste, il faudra encore patienter. \u00ab\u00a0Nous aurons des personnes exp\u00e9riment\u00e9es, qui connaissent les dossiers et de la M\u00e9tropole, tout en nous appuyant sur des personnalit\u00e9s nouvelles issues de la soci\u00e9t\u00e9 civile, des diff\u00e9rents quartiers de Saint-\u00c9tienne\u00a0\u00bb, a pr\u00e9cis\u00e9 R\u00e9gis Juanico.<\/p>\n<p>Concernant l\u2019absence de La France insoumise, Isabelle Dumestre a sobrement comment\u00e9\u00a0: \u00ab\u00a0LFI a fait le choix de pr\u00e9senter des listes partout. La situation n\u2019est pas diff\u00e9rente \u00e0 Saint-Etienne. Le miracle n\u2019a pas eu lieu.\u00a0\u00bb<\/p>\n","protected":false},"excerpt":{"rendered":"\u00ab\u00a0Nous avons d\u00e9cid\u00e9 d\u2019unir nos forces pour Saint-\u00c9tienne et pour tourner la page des funestes mandatures de Ga\u00ebl&hellip;\n","protected":false},"author":2,"featured_media":562585,"comment_status":"","ping_status":"","sticky":false,"template":"","format":"standard","meta":{"footnotes":""},"categories":[9653],"tags":[1111,11,2430,7539,4188,1777,674,1011,27,12,316,25,4001,7538],"class_list":{"0":"post-562584","1":"post","2":"type-post","3":"status-publish","4":"format-standard","5":"has-post-thumbnail","7":"category-saint-etienne","8":"tag-actu","9":"tag-actualites","10":"tag-auvergne-rhone-alpes","11":"tag-edition-loire-sud","12":"tag-elections-municipales","13":"tag-eu","14":"tag-europe","15":"tag-fr","16":"tag-france","17":"tag-news","18":"tag-politique","19":"tag-republique-francaise","20":"tag-saint-etienne","21":"tag-saint-etienne-ville"},"share_on_mastodon":{"url":"https:\/\/pubeurope.com\/@fr\/115622499177218246","error":""},"_links":{"self":[{"href":"https:\/\/www.europesays.com\/fr\/wp-json\/wp\/v2\/posts\/562584","targetHints":{"allow":["GET"]}}],"collection":[{"href":"https:\/\/www.europesays.com\/fr\/wp-json\/wp\/v2\/posts"}],"about":[{"href":"https:\/\/www.europesays.com\/fr\/wp-json\/wp\/v2\/types\/post"}],"author":[{"embeddable":true,"href":"https:\/\/www.europesays.com\/fr\/wp-json\/wp\/v2\/users\/2"}],"replies":[{"embeddable":true,"href":"https:\/\/www.europesays.com\/fr\/wp-json\/wp\/v2\/comments?post=562584"}],"version-history":[{"count":0,"href":"https:\/\/www.europesays.com\/fr\/wp-json\/wp\/v2\/posts\/562584\/revisions"}],"wp:featuredmedia":[{"embeddable":true,"href":"https:\/\/www.europesays.com\/fr\/wp-json\/wp\/v2\/media\/562585"}],"wp:attachment":[{"href":"https:\/\/www.europesays.com\/fr\/wp-json\/wp\/v2\/media?parent=562584"}],"wp:term":[{"taxonomy":"category","embeddable":true,"href":"https:\/\/www.europesays.com\/fr\/wp-json\/wp\/v2\/categories?post=562584"},{"taxonomy":"post_tag","embeddable":true,"href":"https:\/\/www.europesays.com\/fr\/wp-json\/wp\/v2\/tags?post=562584"}],"curies":[{"name":"wp","href":"https:\/\/api.w.org\/{rel}","templated":true}]}}