{"id":562600,"date":"2025-11-27T16:13:25","date_gmt":"2025-11-27T16:13:25","guid":{"rendered":"https:\/\/www.europesays.com\/fr\/562600\/"},"modified":"2025-11-27T16:13:25","modified_gmt":"2025-11-27T16:13:25","slug":"le-poulpe-doigt-arrache-a-rouen-par-une-grenade-le-parquet-met-la-police-hors-de-cause","status":"publish","type":"post","link":"https:\/\/www.europesays.com\/fr\/562600\/","title":{"rendered":"Le Poulpe &#8211; Doigt arrach\u00e9 \u00e0 Rouen par une grenade : le parquet met la police hors de cause"},"content":{"rendered":"<p>\n      Enqu\u00eate\n    <\/p>\n<p class=\"paragraph-03\">\n            Par<br \/>\n              Manuel Sanson (Mediapart)<\/p>\n<p>              &#8211; le<\/p>\n<p>                27\/11\/2025<\/p>\n<p>              \u00e0<\/p>\n<p>                11h00<\/p>\n<p class=\"headline-2 text-bold page-article__summary\">\n        Le 23 mars 2023, \u00e0 Rouen, une manifestante pacifique a perdu un bout de son pouce apr\u00e8s un tir de grenade lanc\u00e9e par un policier. Le procureur qui a ouvert l\u2019enqu\u00eate, le m\u00eame qu\u2019\u00e0 Sainte-Soline, n\u2019a rien trouv\u00e9 \u00e0 redire au comportement des forces de l\u2019ordre.\n      <\/p>\n<p>&#13;<br \/>\nLa faute \u00e0 pas de chance. En tout cas, la faute \u00e0 personne, sur le plan p\u00e9nal.\u00a0C\u2019est en substance le message final de la justice \u00e0 la suite de la grave blessure, la perte d\u2019un bout de son pouce, subie par Doris. Cette accompagnante d\u2019\u00e9l\u00e8ves en situation de handicap (AESH) dans un coll\u00e8ge rouennais, syndiqu\u00e9e \u00e0 la CGT, avait manifest\u00e9 le 23 mars 2023 contre la r\u00e9forme des retraites.&#13;<br \/>\nD\u2019apr\u00e8s les \u00e9l\u00e9ments de l\u2019enqu\u00eate consult\u00e9s par Mediapart, la jeune femme a tr\u00e8s vraisemblablement \u00e9t\u00e9 touch\u00e9e par une grenade assourdissante GM2L. Un autre manifestant, affili\u00e9 lui aussi \u00e0 la CGT, avait \u00e9t\u00e9 bless\u00e9, occasionnant\u00a0\u00ab\u00a0l\u2019alt\u00e9ration grave de ses facult\u00e9s auditives\u00a0\u00bb. Tous deux &#8230;<\/p>\n<p>    <img decoding=\"async\" alt=\"\" class=\"scroll-up-button__icon\" src=\"https:\/\/www.lepoulpe.info\/packs\/media\/images\/application\/icons\/icon-arrow-top-53dcb9d627350b09fe029db1e56bd8d5.svg\"\/><\/p>\n","protected":false},"excerpt":{"rendered":"Enqu\u00eate Par Manuel Sanson (Mediapart) &#8211; le 27\/11\/2025 \u00e0 11h00 Le 23 mars 2023, \u00e0 Rouen, une manifestante&hellip;\n","protected":false},"author":2,"featured_media":562601,"comment_status":"","ping_status":"","sticky":false,"template":"","format":"standard","meta":{"footnotes":""},"categories":[9587],"tags":[1111,11,1777,674,1011,27,12,5161,25,9590],"class_list":{"0":"post-562600","1":"post","2":"type-post","3":"status-publish","4":"format-standard","5":"has-post-thumbnail","7":"category-rouen","8":"tag-actu","9":"tag-actualites","10":"tag-eu","11":"tag-europe","12":"tag-fr","13":"tag-france","14":"tag-news","15":"tag-normandie","16":"tag-republique-francaise","17":"tag-rouen"},"share_on_mastodon":{"url":"https:\/\/pubeurope.com\/@fr\/115622551695422476","error":""},"_links":{"self":[{"href":"https:\/\/www.europesays.com\/fr\/wp-json\/wp\/v2\/posts\/562600","targetHints":{"allow":["GET"]}}],"collection":[{"href":"https:\/\/www.europesays.com\/fr\/wp-json\/wp\/v2\/posts"}],"about":[{"href":"https:\/\/www.europesays.com\/fr\/wp-json\/wp\/v2\/types\/post"}],"author":[{"embeddable":true,"href":"https:\/\/www.europesays.com\/fr\/wp-json\/wp\/v2\/users\/2"}],"replies":[{"embeddable":true,"href":"https:\/\/www.europesays.com\/fr\/wp-json\/wp\/v2\/comments?post=562600"}],"version-history":[{"count":0,"href":"https:\/\/www.europesays.com\/fr\/wp-json\/wp\/v2\/posts\/562600\/revisions"}],"wp:featuredmedia":[{"embeddable":true,"href":"https:\/\/www.europesays.com\/fr\/wp-json\/wp\/v2\/media\/562601"}],"wp:attachment":[{"href":"https:\/\/www.europesays.com\/fr\/wp-json\/wp\/v2\/media?parent=562600"}],"wp:term":[{"taxonomy":"category","embeddable":true,"href":"https:\/\/www.europesays.com\/fr\/wp-json\/wp\/v2\/categories?post=562600"},{"taxonomy":"post_tag","embeddable":true,"href":"https:\/\/www.europesays.com\/fr\/wp-json\/wp\/v2\/tags?post=562600"}],"curies":[{"name":"wp","href":"https:\/\/api.w.org\/{rel}","templated":true}]}}