{"id":562602,"date":"2025-11-27T16:14:13","date_gmt":"2025-11-27T16:14:13","guid":{"rendered":"https:\/\/www.europesays.com\/fr\/562602\/"},"modified":"2025-11-27T16:14:13","modified_gmt":"2025-11-27T16:14:13","slug":"appel-a-temoins-pour-retrouver-louanne-14-ans-disparue-depuis-vingt-jours","status":"publish","type":"post","link":"https:\/\/www.europesays.com\/fr\/562602\/","title":{"rendered":"Appel \u00e0 t\u00e9moins pour retrouver Louanne, 14 ans, disparue depuis vingt jours"},"content":{"rendered":"<p>La police de <a href=\"https:\/\/www.20minutes.fr\/dossier\/seine_maritime-1\" class=\"c-link c-link--is-underlined\" target=\"_blank\" rel=\"noopener\">Seine-Maritime<\/a> a lanc\u00e9 un appel \u00e0 t\u00e9moins pour retrouver Louanne. \u00c2g\u00e9e de 14 ans, l\u2019adolescente a disparu depuis le 7\u00a0novembre \u00ab\u00a0depuis son <a href=\"https:\/\/www.20minutes.fr\/dossier\/college\" class=\"c-link c-link--is-underlined\" target=\"_blank\" rel=\"noopener\">coll\u00e8ge<\/a>\u00a0\u00bb situ\u00e9 sur la commune de Canteleu, dans l\u2019agglom\u00e9ration de <a href=\"https:\/\/www.20minutes.fr\/dossier\/rouen\" class=\"c-link c-link--is-underlined\" target=\"_blank\" rel=\"noopener\">Rouen<\/a>. Elle aurait \u00e9t\u00e9 vue dans le quartier Saint-Sever dans le courant de la semaine.<\/p>\n<\/p>\n<p>\u00ab\u00a0Tr\u00e8s mince\u00a0\u00bb, les cheveux ch\u00e2tains, longs et lisses, de type europ\u00e9en, elle a les yeux marron et mesure 1,60\u00a0m. Elle portait un surv\u00eatement noir de la marque Under Amour lors de sa disparition. Toute personne l\u2019ayant vue ou ayant des infirmations est pri\u00e9e de contacter le commissariat de Rouen au 02\u00a032\u00a081\u00a025\u00a000.<\/p>\n<p>Dans le m\u00eame \u00e9tablissement que le jeune Alexandr<\/p>\n<p>Selon <a href=\"https:\/\/france3-regions.franceinfo.fr\/normandie\/seine-maritime\/rouen\/disparition-inquietante-d-une-mineure-pres-de-rouen-3256624.html\" target=\"_blank\" class=\"c-link c-link--is-underlined\" rel=\"noopener\">France 3 Normandie<\/a>, les parents auraient re\u00e7u des messages r\u00e9guli\u00e8rement ces derniers jours. Malgr\u00e9 tout, la police souhaite relayer cette disparition jug\u00e9e inqui\u00e9tante, comme toute disparition de mineur. Elle \u00e9tait plac\u00e9e dans le foyer IDEFHI \u00e0 Canteleu.<\/p>\n<p class=\"mb-m@xs text-l@xs\">En cliquant sur\u00ab J\u2019accepte \u00bb, vous acceptez le d\u00e9p\u00f4t de cookies par des services externes et aurez ainsi acc\u00e8s aux contenus de nos partenaires.<\/p>\n<p class=\"mb-xl@xs text-s@xs\">Plus d\u2019informations sur la page<a href=\"https:\/\/www.20minutes.fr\/gestion-cookies\" class=\"mx-xxs@xs color-ultramarine\" target=\"_blank\" rel=\"noopener\">Politique de gestion des cookies<\/a><\/p>\n<p>J\u2019accepte<\/p>\n<p>C\u2019est dans ce m\u00eame \u00e9tablissement que se trouvait Alexandr. Le jeune homme d\u2019origine ukrainienne avait lui aussi disparu, au cours de l\u2019\u00e9t\u00e9. Il avait \u00e9t\u00e9 emmen\u00e9 de force \u00e0 <a href=\"https:\/\/www.20minutes.fr\/dossier\/kiev\" class=\"c-link c-link--is-underlined\" target=\"_blank\" rel=\"noopener\">Kiev<\/a> par sa m\u00e8re et son beau-p\u00e8re, avant d\u2019\u00eatre rapatri\u00e9 sain et sauf en France. Sa m\u00e8re et son beau-p\u00e8re ont \u00e9t\u00e9 condamn\u00e9s et la premi\u00e8re a \u00e9t\u00e9 d\u00e9chue de son autorit\u00e9 parentale.<\/p>\n","protected":false},"excerpt":{"rendered":"La police de Seine-Maritime a lanc\u00e9 un appel \u00e0 t\u00e9moins pour retrouver Louanne. \u00c2g\u00e9e de 14 ans, l\u2019adolescente&hellip;\n","protected":false},"author":2,"featured_media":562603,"comment_status":"","ping_status":"","sticky":false,"template":"","format":"standard","meta":{"footnotes":""},"categories":[9587],"tags":[1111,47,11,2715,1777,674,118,1011,27,1123,12,5161,25,9590,5163],"class_list":{"0":"post-562602","1":"post","2":"type-post","3":"status-publish","4":"format-standard","5":"has-post-thumbnail","7":"category-rouen","8":"tag-actu","9":"tag-actualite","10":"tag-actualites","11":"tag-disparition","12":"tag-eu","13":"tag-europe","14":"tag-faits-divers","15":"tag-fr","16":"tag-france","17":"tag-mineur","18":"tag-news","19":"tag-normandie","20":"tag-republique-francaise","21":"tag-rouen","22":"tag-seine-maritime"},"share_on_mastodon":{"url":"https:\/\/pubeurope.com\/@fr\/115622554204483780","error":""},"_links":{"self":[{"href":"https:\/\/www.europesays.com\/fr\/wp-json\/wp\/v2\/posts\/562602","targetHints":{"allow":["GET"]}}],"collection":[{"href":"https:\/\/www.europesays.com\/fr\/wp-json\/wp\/v2\/posts"}],"about":[{"href":"https:\/\/www.europesays.com\/fr\/wp-json\/wp\/v2\/types\/post"}],"author":[{"embeddable":true,"href":"https:\/\/www.europesays.com\/fr\/wp-json\/wp\/v2\/users\/2"}],"replies":[{"embeddable":true,"href":"https:\/\/www.europesays.com\/fr\/wp-json\/wp\/v2\/comments?post=562602"}],"version-history":[{"count":0,"href":"https:\/\/www.europesays.com\/fr\/wp-json\/wp\/v2\/posts\/562602\/revisions"}],"wp:featuredmedia":[{"embeddable":true,"href":"https:\/\/www.europesays.com\/fr\/wp-json\/wp\/v2\/media\/562603"}],"wp:attachment":[{"href":"https:\/\/www.europesays.com\/fr\/wp-json\/wp\/v2\/media?parent=562602"}],"wp:term":[{"taxonomy":"category","embeddable":true,"href":"https:\/\/www.europesays.com\/fr\/wp-json\/wp\/v2\/categories?post=562602"},{"taxonomy":"post_tag","embeddable":true,"href":"https:\/\/www.europesays.com\/fr\/wp-json\/wp\/v2\/tags?post=562602"}],"curies":[{"name":"wp","href":"https:\/\/api.w.org\/{rel}","templated":true}]}}