{"id":562604,"date":"2025-11-27T16:15:19","date_gmt":"2025-11-27T16:15:19","guid":{"rendered":"https:\/\/www.europesays.com\/fr\/562604\/"},"modified":"2025-11-27T16:15:19","modified_gmt":"2025-11-27T16:15:19","slug":"grenoble-la-boutique-muy-mucho-a-ferme-ses-portes-rue-lafayette","status":"publish","type":"post","link":"https:\/\/www.europesays.com\/fr\/562604\/","title":{"rendered":"Grenoble. La boutique Muy Mucho a ferm\u00e9 ses portes rue Lafayette"},"content":{"rendered":"<p>Chez Muy Mucho, on trouvait des articles de d\u00e9coration, de bien-\u00eatre et des accessoires au style naturel pour la maison, ainsi que des produits de la Maison du Savon de Marseille. Cette cha\u00eene de boutiques s\u2019inspire d\u2019une ambiance m\u00e9diterran\u00e9enne. La premi\u00e8re a vu le jour \u00e0 Barcelone.<\/p>\n<p>Celle de Grenoble vient, quant \u00e0 elle, de cesser son activit\u00e9. Un panneau plac\u00e9 devant l\u2019entr\u00e9e pr\u00e9cise que le local n\u2019a pas encore \u00e9t\u00e9 repris\u00a0: \u00ab\u00a0Muy Mucho et la Maison du Savon de Marseille remercient leur aimable client\u00e8le pour ces trois ann\u00e9es pass\u00e9es \u00e0 leurs c\u00f4t\u00e9s. Nous esp\u00e9rons leur avoir apport\u00e9 les meilleurs conseils, la meilleure qualit\u00e9, du professionnalisme et de la bonne humeur\u00a0! \u00a0\u00bb<\/p>\n<p>Ce contenu est bloqu\u00e9 car vous n&rsquo;avez pas accept\u00e9 les cookies et autres traceurs.<\/p>\n<p>En cliquant sur \u00ab J\u2019accepte \u00bb, les cookies et autres traceurs seront d\u00e9pos\u00e9s et vous pourrez visualiser les contenus  (<a href=\"\" class=\"consentModule_policy\" target=\"_blank\" title=\"Consulter la politique de protection des donn\u00e9es du fournisseur\">plus d&rsquo;informations<\/a>).<\/p>\n<p>En cliquant sur \u00ab J\u2019accepte tous les cookies \u00bb, vous autorisez des d\u00e9p\u00f4ts de cookies et autres traceurs pour le stockage de vos donn\u00e9es sur nos sites et applications \u00e0 des fins de personnalisation et de ciblage publicitaire.<\/p>\n<p class=\"consentModule_secondaryText\">Vous gardez la possibilit\u00e9 de retirer votre consentement \u00e0 tout moment en consultant notre <a href=\"https:\/\/www.ledauphine.com\/protection-des-donnees\" target=\"_blank\" title=\"Consulter notre politique de protection des donn\u00e9es\" rel=\"noopener\">politique de protection des donn\u00e9es<\/a>. <br \/>&#13;<br \/>\n            <a href=\"https:\/\/www.ledauphine.com\/economie\/2025\/11\/27\/javascript:Didomi.notice.show()\" class=\"consentModule_cmp\" target=\"_blank\" rel=\"noopener\">G\u00e9rer mes choix<\/a>&#13;\n        <\/p>\n<p>&#13;<br \/>\n                        J&rsquo;accepte&#13;<br \/>\n            J&rsquo;accepte tous les cookies&#13;\n        <\/p>\n<p>L\u2019\u00e9quipe exprime \u00e9galement sa gratitude envers ses employeurs pour leur combativit\u00e9 et leur bienveillance. Forte de son exp\u00e9rience, elle ajoute\u00a0: \u00ab\u00a0Nous nous reverrons peut-\u00eatre ailleurs, qui sait\u00a0? \u00a0\u00bb<\/p>\n<p>La boutique \u00e9tait situ\u00e9e au 8, rue Lafayette, en pleine zone pi\u00e9tonne de Grenoble.<\/p>\n","protected":false},"excerpt":{"rendered":"Chez Muy Mucho, on trouvait des articles de d\u00e9coration, de bien-\u00eatre et des accessoires au style naturel pour&hellip;\n","protected":false},"author":2,"featured_media":562605,"comment_status":"","ping_status":"","sticky":false,"template":"","format":"standard","meta":{"footnotes":""},"categories":[9566],"tags":[1111,11,2430,4406,33,112,1777,674,1011,27,2731,2732,12,25],"class_list":{"0":"post-562604","1":"post","2":"type-post","3":"status-publish","4":"format-standard","5":"has-post-thumbnail","7":"category-grenoble","8":"tag-actu","9":"tag-actualites","10":"tag-auvergne-rhone-alpes","11":"tag-commerce-et-services","12":"tag-economie","13":"tag-edition-grenoble-agglomeration","14":"tag-eu","15":"tag-europe","16":"tag-fr","17":"tag-france","18":"tag-grenoble","19":"tag-grenoble-bassin","20":"tag-news","21":"tag-republique-francaise"},"share_on_mastodon":{"url":"https:\/\/pubeurope.com\/@fr\/115622558096505570","error":""},"_links":{"self":[{"href":"https:\/\/www.europesays.com\/fr\/wp-json\/wp\/v2\/posts\/562604","targetHints":{"allow":["GET"]}}],"collection":[{"href":"https:\/\/www.europesays.com\/fr\/wp-json\/wp\/v2\/posts"}],"about":[{"href":"https:\/\/www.europesays.com\/fr\/wp-json\/wp\/v2\/types\/post"}],"author":[{"embeddable":true,"href":"https:\/\/www.europesays.com\/fr\/wp-json\/wp\/v2\/users\/2"}],"replies":[{"embeddable":true,"href":"https:\/\/www.europesays.com\/fr\/wp-json\/wp\/v2\/comments?post=562604"}],"version-history":[{"count":0,"href":"https:\/\/www.europesays.com\/fr\/wp-json\/wp\/v2\/posts\/562604\/revisions"}],"wp:featuredmedia":[{"embeddable":true,"href":"https:\/\/www.europesays.com\/fr\/wp-json\/wp\/v2\/media\/562605"}],"wp:attachment":[{"href":"https:\/\/www.europesays.com\/fr\/wp-json\/wp\/v2\/media?parent=562604"}],"wp:term":[{"taxonomy":"category","embeddable":true,"href":"https:\/\/www.europesays.com\/fr\/wp-json\/wp\/v2\/categories?post=562604"},{"taxonomy":"post_tag","embeddable":true,"href":"https:\/\/www.europesays.com\/fr\/wp-json\/wp\/v2\/tags?post=562604"}],"curies":[{"name":"wp","href":"https:\/\/api.w.org\/{rel}","templated":true}]}}