{"id":562606,"date":"2025-11-27T16:16:22","date_gmt":"2025-11-27T16:16:22","guid":{"rendered":"https:\/\/www.europesays.com\/fr\/562606\/"},"modified":"2025-11-27T16:16:22","modified_gmt":"2025-11-27T16:16:22","slug":"grenoble-pour-sa-25e-edition-magic-bus-va-sinstaller-au-palais-des-sports","status":"publish","type":"post","link":"https:\/\/www.europesays.com\/fr\/562606\/","title":{"rendered":"Grenoble. Pour sa 25e\u00a0\u00e9dition, Magic Bus va s\u2019installer au Palais des sports"},"content":{"rendered":"<p>Pour sa 25e\u00a0 \u00e9dition, le <a href=\"https:\/\/www.ledauphine.com\/culture-loisirs\/2025\/03\/30\/isere-grenoble-magic-bus-un-festival-au-carrefour-des-musiques-actuelles\" target=\"_blank\" rel=\"noopener\">festival Magic Bus<\/a> revient sur un site unique\u00a0! \u00ab\u00a0Apr\u00e8s deux ann\u00e9es transitoires pass\u00e9es \u00e0 parcourir les salles grenobloises suite au d\u00e9part du site de l\u2019Esplanade, l\u2019envie de poser de nouveau ses valises dans un lieu \u00e0 r\u00e9investir \u00e0 son image s\u2019est impos\u00e9e\u00a0\u00bb, explique l\u2019organisation.<\/p>\n<p>Les 29 et 30\u00a0mai 2026, c\u2019est donc au Palais des sports que les concerts seront organis\u00e9s. \u00ab\u00a0Une sc\u00e8ne int\u00e9rieure, sp\u00e9cialement configur\u00e9e pour accueillir le public dans les bonnes conditions, et une sc\u00e8ne ext\u00e9rieure, d\u00e9di\u00e9e aux derni\u00e8res d\u00e9couvertes locales, feront vibrer cette \u00e9dition anniversaire.\u00a0\u00bb<\/p>\n<p>Le festival, port\u00e9 \u00e0 100\u00a0% par l\u2019association Retour de Sc\u00e8ne, a r\u00e9sist\u00e9 \u00e0 de nombreuses temp\u00eates, du Covid aux contraintes budg\u00e9taires, et n\u2019a jamais baiss\u00e9 les bras, se r\u00e9inventant sans cesse. C\u2019est aussi l\u2019un des rares festivals de musique \u00e0 Grenoble. Son maintien est donc une bonne nouvelle.<\/p>\n<p class=\"note\">Premi\u00e8re partie de la programmation d\u00e9voil\u00e9e le 10\u00a0d\u00e9cembre.<\/p>\n","protected":false},"excerpt":{"rendered":"Pour sa 25e\u00a0 \u00e9dition, le festival Magic Bus revient sur un site unique\u00a0! \u00ab\u00a0Apr\u00e8s deux ann\u00e9es transitoires pass\u00e9es&hellip;\n","protected":false},"author":2,"featured_media":562607,"comment_status":"","ping_status":"","sticky":false,"template":"","format":"standard","meta":{"footnotes":""},"categories":[9566],"tags":[1111,11,2430,1687,112,1777,674,1011,27,2731,2732,108,12,25,3140],"class_list":{"0":"post-562606","1":"post","2":"type-post","3":"status-publish","4":"format-standard","5":"has-post-thumbnail","7":"category-grenoble","8":"tag-actu","9":"tag-actualites","10":"tag-auvergne-rhone-alpes","11":"tag-culture-loisirs","12":"tag-edition-grenoble-agglomeration","13":"tag-eu","14":"tag-europe","15":"tag-fr","16":"tag-france","17":"tag-grenoble","18":"tag-grenoble-bassin","19":"tag-isere","20":"tag-news","21":"tag-republique-francaise","22":"tag-spectacle"},"share_on_mastodon":{"url":"https:\/\/pubeurope.com\/@fr\/115622562102927321","error":""},"_links":{"self":[{"href":"https:\/\/www.europesays.com\/fr\/wp-json\/wp\/v2\/posts\/562606","targetHints":{"allow":["GET"]}}],"collection":[{"href":"https:\/\/www.europesays.com\/fr\/wp-json\/wp\/v2\/posts"}],"about":[{"href":"https:\/\/www.europesays.com\/fr\/wp-json\/wp\/v2\/types\/post"}],"author":[{"embeddable":true,"href":"https:\/\/www.europesays.com\/fr\/wp-json\/wp\/v2\/users\/2"}],"replies":[{"embeddable":true,"href":"https:\/\/www.europesays.com\/fr\/wp-json\/wp\/v2\/comments?post=562606"}],"version-history":[{"count":0,"href":"https:\/\/www.europesays.com\/fr\/wp-json\/wp\/v2\/posts\/562606\/revisions"}],"wp:featuredmedia":[{"embeddable":true,"href":"https:\/\/www.europesays.com\/fr\/wp-json\/wp\/v2\/media\/562607"}],"wp:attachment":[{"href":"https:\/\/www.europesays.com\/fr\/wp-json\/wp\/v2\/media?parent=562606"}],"wp:term":[{"taxonomy":"category","embeddable":true,"href":"https:\/\/www.europesays.com\/fr\/wp-json\/wp\/v2\/categories?post=562606"},{"taxonomy":"post_tag","embeddable":true,"href":"https:\/\/www.europesays.com\/fr\/wp-json\/wp\/v2\/tags?post=562606"}],"curies":[{"name":"wp","href":"https:\/\/api.w.org\/{rel}","templated":true}]}}