{"id":562608,"date":"2025-11-27T16:17:11","date_gmt":"2025-11-27T16:17:11","guid":{"rendered":"https:\/\/www.europesays.com\/fr\/562608\/"},"modified":"2025-11-27T16:17:11","modified_gmt":"2025-11-27T16:17:11","slug":"le-detenu-evade-lors-dune-sortie-au-planetarium-a-rennes-a-ete-interpelle","status":"publish","type":"post","link":"https:\/\/www.europesays.com\/fr\/562608\/","title":{"rendered":"Le d\u00e9tenu \u00e9vad\u00e9 lors d&rsquo;une sortie au plan\u00e9tarium \u00e0 Rennes a \u00e9t\u00e9 interpell\u00e9"},"content":{"rendered":"<p>                    Par<br \/>\n        <strong><br \/>\n            <a href=\"https:\/\/actu.fr\/auteur\/brian-legoff\" title=\"Consulter tous les articles de Brian Le Goff\" target=\"_blank\" rel=\"noopener\">Brian Le Goff<\/a><br \/>\n                    <\/strong><\/p>\n<p>        Publi\u00e9 le<\/p>\n<p>            27 nov. 2025 \u00e0 16h05        <\/p>\n<p>Sa traque aura dur\u00e9 pr\u00e8s de deux semaines. <a href=\"https:\/\/actu.fr\/bretagne\/rennes_35238\/il-a-echappe-a-la-vigilance-des-encadrants-un-detenu-s-evade-lors-d-une-sortie-au-planetarium-de-rennes_63450738.html\" target=\"_blank\" rel=\"noopener\">Apr\u00e8s s\u2019\u00eatre \u00e9vad\u00e9, vendredi 14\u00a0novembre, lors d\u2019une sortie culturelle au plan\u00e9tarium<\/a>, situ\u00e9 au sein des Champs Libres \u00e0 Rennes, <strong>l\u2019homme de 37\u00a0ans<\/strong> recherch\u00e9 a \u00e9t\u00e9<strong> interpell\u00e9 par la BRI \u00e0 Nantes<\/strong>, jeudi 27 novembre, indiquent plusieurs sources de police, ainsique le Fr\u00e9dric Teillet, procureur de Rennes, \u00e0 <a href=\"https:\/\/actu.fr\/rennes\/\" target=\"_blank\" rel=\"noopener\">actu Rennes<\/a>, confirmant <a href=\"https:\/\/www.ouest-france.fr\/societe\/faits-divers\/info-ouest-france-levade-de-la-prison-de-rennes-interpelle-a-nantes-29277e2e-cb9a-11f0-a0e6-83b9718ad3c0\" target=\"_blank\" rel=\"noopener\">Ouest-France<\/a>.<\/p>\n<p class=\" wall-content\">Toujours selon le quotidien r\u00e9gional, l\u2019homme, qui \u00e9tait introuvable depuis son \u00e9vasion, \u00e9tait recherch\u00e9 par les enqu\u00eateurs de la Division de criminalit\u00e9 organis\u00e9e te sp\u00e9cialis\u00e9e de Rennes et a \u00e9t\u00e9 localis\u00e9 dans un camp de gens du voyage.<\/p>\n<p class=\" wall-content\">Il aurait tent\u00e9 de fuir durant l\u2019intervention, mais les \u00e9quipes de la BRI cernaient les lieux.<\/p>\n<p class=\" wall-content\">Personnalisez votre actualit\u00e9 en ajoutant vos villes et m\u00e9dias en favori avec <a href=\"https:\/\/moncompte.actu.fr\" title=\"D\u00e9couvez Mon Actu\" rel=\"nofollow noopener\" data-trk=\"{&quot;cta&quot;:{&quot;action&quot;:&quot;https:\\\/\\\/moncompte.actu.fr&quot;,&quot;category&quot;:&quot;mon compte&quot;,&quot;from&quot;:&quot;article footer&quot;,&quot;name&quot;:&quot;Mon actu&quot;,&quot;type&quot;:&quot;cta&quot;}}\" target=\"_blank\">Mon Actu<\/a>.<\/p>\n","protected":false},"excerpt":{"rendered":"Par Brian Le Goff Publi\u00e9 le 27 nov. 2025 \u00e0 16h05 Sa traque aura dur\u00e9 pr\u00e8s de deux&hellip;\n","protected":false},"author":2,"featured_media":562609,"comment_status":"","ping_status":"","sticky":false,"template":"","format":"standard","meta":{"footnotes":""},"categories":[2821],"tags":[1111,11,829,1777,674,118,1011,27,12,1072,899,584,25],"class_list":{"0":"post-562608","1":"post","2":"type-post","3":"status-publish","4":"format-standard","5":"has-post-thumbnail","7":"category-rennes","8":"tag-actu","9":"tag-actualites","10":"tag-bretagne","11":"tag-eu","12":"tag-europe","13":"tag-faits-divers","14":"tag-fr","15":"tag-france","16":"tag-news","17":"tag-police","18":"tag-prisons","19":"tag-rennes","20":"tag-republique-francaise"},"share_on_mastodon":{"url":"https:\/\/pubeurope.com\/@fr\/115622565995700474","error":""},"_links":{"self":[{"href":"https:\/\/www.europesays.com\/fr\/wp-json\/wp\/v2\/posts\/562608","targetHints":{"allow":["GET"]}}],"collection":[{"href":"https:\/\/www.europesays.com\/fr\/wp-json\/wp\/v2\/posts"}],"about":[{"href":"https:\/\/www.europesays.com\/fr\/wp-json\/wp\/v2\/types\/post"}],"author":[{"embeddable":true,"href":"https:\/\/www.europesays.com\/fr\/wp-json\/wp\/v2\/users\/2"}],"replies":[{"embeddable":true,"href":"https:\/\/www.europesays.com\/fr\/wp-json\/wp\/v2\/comments?post=562608"}],"version-history":[{"count":0,"href":"https:\/\/www.europesays.com\/fr\/wp-json\/wp\/v2\/posts\/562608\/revisions"}],"wp:featuredmedia":[{"embeddable":true,"href":"https:\/\/www.europesays.com\/fr\/wp-json\/wp\/v2\/media\/562609"}],"wp:attachment":[{"href":"https:\/\/www.europesays.com\/fr\/wp-json\/wp\/v2\/media?parent=562608"}],"wp:term":[{"taxonomy":"category","embeddable":true,"href":"https:\/\/www.europesays.com\/fr\/wp-json\/wp\/v2\/categories?post=562608"},{"taxonomy":"post_tag","embeddable":true,"href":"https:\/\/www.europesays.com\/fr\/wp-json\/wp\/v2\/tags?post=562608"}],"curies":[{"name":"wp","href":"https:\/\/api.w.org\/{rel}","templated":true}]}}