{"id":562610,"date":"2025-11-27T16:18:28","date_gmt":"2025-11-27T16:18:28","guid":{"rendered":"https:\/\/www.europesays.com\/fr\/562610\/"},"modified":"2025-11-27T16:18:28","modified_gmt":"2025-11-27T16:18:28","slug":"evasion-dun-detenu-de-la-prison-de-rennes-lors-dune-sortie-culturelle-lhomme-a-ete-interpelle-ce-jeudi-a-nantes","status":"publish","type":"post","link":"https:\/\/www.europesays.com\/fr\/562610\/","title":{"rendered":"Evasion d&rsquo;un d\u00e9tenu de la prison de Rennes lors d&rsquo;une sortie culturelle\u00a0: l&rsquo;homme a \u00e9t\u00e9 interpell\u00e9 ce jeudi \u00e0 Nantes"},"content":{"rendered":"<p>Le d\u00e9tenu de la prison de Rennes, qui s&rsquo;est \u00e9vad\u00e9 lors d&rsquo;une sortie culturelle au plan\u00e9tarium des Champs Libres de Rennes le 14 novembre 2025, a \u00e9t\u00e9 interpell\u00e9 ce jeudi \u00e0 Nantes. Son fr\u00e8re a \u00e9t\u00e9 aussi arr\u00eat\u00e9. <\/p>\n<p><strong>Sa cavale aura dur\u00e9 13 jours<\/strong>. Emile Siegler, dit \u00ab\u00a0Gino\u00a0\u00bb, qui s&rsquo;est \u00e9vad\u00e9 le 14 novembre 2025 de la prison de Rennes-Vezin lors d&rsquo;une sortie culturelle encadr\u00e9e au plan\u00e9tarium des Champs Libres de Rennes, a \u00e9t\u00e9 interpell\u00e9 jeudi 27 novembre en d\u00e9but d&rsquo;apr\u00e8s-midi \u00e0 Nantes. Selon des sources d&rsquo;ICI, confirmant une information de\u00a0<a target=\"_blank\" rel=\"nofollow noopener noreferrer\" class=\"IciLink ici-link IciArticleLink g-ici-body-regular-1 underline brand svelte-1chfe2s\" href=\"https:\/\/www.ouest-france.fr\/societe\/faits-divers\/info-ouest-france-levade-de-la-prison-de-rennes-interpelle-a-nantes-29277e2e-cb9a-11f0-a0e6-83b9718ad3c0\">Ouest-France<\/a>,\u00a0 l&rsquo;ex d\u00e9tenu \u00e2g\u00e9 de 37 ans,\u00a0\u00a0<a class=\"IciLink ici-link IciArticleLink g-ici-body-regular-1 underline brand svelte-1chfe2s\" href=\"https:\/\/www.francebleu.fr\/infos\/faits-divers-justice\/un-lourd-passe-judiciaire-pour-le-detenu-en-cavale-de-la-prison-de-rennes-vezin-8346482\" target=\"_blank\" rel=\"noopener\">condamn\u00e9 \u00e0 de multiples reprises dans des affaires d&rsquo;extorsion ou de vols par ruse,<\/a>\u00a0a \u00e9t\u00e9 arr\u00eat\u00e9 alors qu&rsquo;il se trouvait sur un terrain des gens du voyage autour de Nantes, le camp de la Clari\u00e8re, prairie de Mauves. Il \u00e9tait activement recherch\u00e9 par les policiers de la division de la criminalit\u00e9 organis\u00e9e et sp\u00e9cialis\u00e9e de Rennes. Les unit\u00e9s de la BRI de Nantes, la Brigade de recherche et d&rsquo;intervention de Nantes, ont mobilis\u00e9 d&rsquo;importants moyens pour l&rsquo;arr\u00eater.<\/p>\n<p>Une deuxi\u00e8me arrestation<\/p>\n<p><strong>Le fr\u00e8re du d\u00e9tenu, condamn\u00e9 \u00e0 une peine de 5 ans et recherch\u00e9, a \u00e9galement \u00e9t\u00e9 interpell\u00e9<\/strong> ce jeudi au m\u00eame moment, a confirm\u00e9 le parquet de Rennes \u00e0 l&rsquo;Agence de Radio-France.<\/p>\n<p>Le directeur de la prison limog\u00e9<\/p>\n<p>Apr\u00e8s cette \u00e9vasion, le ministre de la justice G\u00e9rald Darmanin a annonc\u00e9 le limogeage du directeur de la prison de Rennes-Vezin. <strong>Cette d\u00e9cision a provoqu\u00e9 une vive pol\u00e9mique<\/strong> car c&rsquo;est le juge d&rsquo;application des peines qui avait autoris\u00e9 cette sortie culturelle. Le syndicat national des directeur p\u00e9nitentiaires a fait part de son indignation et de son incompr\u00e9hension.<\/p>\n<p> <img decoding=\"async\" src=\"https:\/\/www.europesays.com\/fr\/wp-content\/uploads\/2025\/11\/1764260308_778_1280\" alt=\"illustration agrandir l'image\" style=\"--_image-preview:url('data:image\/jpeg;base64,\/9j\/2wBDACgcHiMeGSgjISMtKygwPGRBPDc3PHtYXUlkkYCZlo+AjIqgtObDoKrarYqMyP\/L2u71\/\/\/\/m8H\/\/\/\/6\/+b9\/\/j\/2wBDASstLTw1PHZBQXb4pYyl+Pj4+Pj4+Pj4+Pj4+Pj4+Pj4+Pj4+Pj4+Pj4+Pj4+Pj4+Pj4+Pj4+Pj4+Pj4+Pj4+Pj\/wAARCAAXACoDASIAAhEBAxEB\/8QAGAAAAwEBAAAAAAAAAAAAAAAAAAEDAgT\/xAAYEAEBAQEBAAAAAAAAAAAAAAAAAQISA\/\/EABUBAQEAAAAAAAAAAAAAAAAAAAAB\/8QAFBEBAAAAAAAAAAAAAAAAAAAAAP\/aAAwDAQACEQMRAD8Al5unFc2F8gvKfScpWqinRdJ3TPQIYWyAitlQBGayAD\/\/2Q==');\" loading=\"lazy\" fetchpriority=\"low\" class=\"svelte-1cksh76 rounded\" onload=\"this.__e=event\" onerror=\"this.__e=event\"\/> Le d\u00e9tenu en cavale a \u00e9t\u00e9 interpell\u00e9 dans un camp des gens du voyage \u00e0 la clari\u00e8re, prairie de Mauves \u00e0 Nantes (photo d&rsquo;illustration) \u00a9 Radio France &#8211; Alexandre Barreau  <\/p>\n","protected":false},"excerpt":{"rendered":"Le d\u00e9tenu de la prison de Rennes, qui s&rsquo;est \u00e9vad\u00e9 lors d&rsquo;une sortie culturelle au plan\u00e9tarium des Champs&hellip;\n","protected":false},"author":2,"featured_media":562611,"comment_status":"","ping_status":"","sticky":false,"template":"","format":"standard","meta":{"footnotes":""},"categories":[2821],"tags":[1111,11,829,1777,674,1011,27,12,584,25],"class_list":{"0":"post-562610","1":"post","2":"type-post","3":"status-publish","4":"format-standard","5":"has-post-thumbnail","7":"category-rennes","8":"tag-actu","9":"tag-actualites","10":"tag-bretagne","11":"tag-eu","12":"tag-europe","13":"tag-fr","14":"tag-france","15":"tag-news","16":"tag-rennes","17":"tag-republique-francaise"},"share_on_mastodon":{"url":"https:\/\/pubeurope.com\/@fr\/115622570932816803","error":""},"_links":{"self":[{"href":"https:\/\/www.europesays.com\/fr\/wp-json\/wp\/v2\/posts\/562610","targetHints":{"allow":["GET"]}}],"collection":[{"href":"https:\/\/www.europesays.com\/fr\/wp-json\/wp\/v2\/posts"}],"about":[{"href":"https:\/\/www.europesays.com\/fr\/wp-json\/wp\/v2\/types\/post"}],"author":[{"embeddable":true,"href":"https:\/\/www.europesays.com\/fr\/wp-json\/wp\/v2\/users\/2"}],"replies":[{"embeddable":true,"href":"https:\/\/www.europesays.com\/fr\/wp-json\/wp\/v2\/comments?post=562610"}],"version-history":[{"count":0,"href":"https:\/\/www.europesays.com\/fr\/wp-json\/wp\/v2\/posts\/562610\/revisions"}],"wp:featuredmedia":[{"embeddable":true,"href":"https:\/\/www.europesays.com\/fr\/wp-json\/wp\/v2\/media\/562611"}],"wp:attachment":[{"href":"https:\/\/www.europesays.com\/fr\/wp-json\/wp\/v2\/media?parent=562610"}],"wp:term":[{"taxonomy":"category","embeddable":true,"href":"https:\/\/www.europesays.com\/fr\/wp-json\/wp\/v2\/categories?post=562610"},{"taxonomy":"post_tag","embeddable":true,"href":"https:\/\/www.europesays.com\/fr\/wp-json\/wp\/v2\/tags?post=562610"}],"curies":[{"name":"wp","href":"https:\/\/api.w.org\/{rel}","templated":true}]}}