{"id":562618,"date":"2025-11-27T16:22:17","date_gmt":"2025-11-27T16:22:17","guid":{"rendered":"https:\/\/www.europesays.com\/fr\/562618\/"},"modified":"2025-11-27T16:22:17","modified_gmt":"2025-11-27T16:22:17","slug":"nice-cette-association-appelle-au-don-de-poussettes","status":"publish","type":"post","link":"https:\/\/www.europesays.com\/fr\/562618\/","title":{"rendered":"Nice: cette association appelle au don de poussettes"},"content":{"rendered":"<p>Un objet est manquant au local de l&rsquo;Ordre de Malte \u00e0 Nice. Des poussettes, tout simplement, \u00ab\u00a0du b\u00e9b\u00e9 qui vient de na\u00eetre, donc des landaus, jusqu&rsquo;aux poussettes canne\u00a0\u00bb. L&rsquo;association s&rsquo;alarme sur ce point explique Ang\u00e9lique, infirmi\u00e8re de l&rsquo;Ordre de Malte \u00e0 Nice. \u00ab\u00a0On n&rsquo;a vraiment plus rien, on n&rsquo;a plus de stock et on a un besoin criant\u00a0\u00bb.<\/p>\n<p>Un objet pr\u00e9cieux devenu rare<\/p>\n<p>Pourquoi ce besoin ? \u00ab\u00a0C&rsquo;est souvent des personnes qui n&rsquo;en ont pas, qui cherchent\u00a0\u00bb ou alors des mamans \u00ab\u00a0qui en ont une qui s&rsquo;est cass\u00e9e parce que malheureusement, maintenant, les poussettes ne durent pas tr\u00e8s longtemps\u00a0\u00bb. Les m\u00e8res avec enfant qui sont \u00e0 la rue ou en grande difficult\u00e9 \u00ab\u00a0marchent beaucoup parce qu&rsquo;elles vont de rendez-vous en rendez-vous\u00a0\u00bb explique Ang\u00e9lique. \u00ab\u00a0Les enfants grandissent, deviennent lourds, elles mettent leurs courses dedans quand elles vont \u00e0 l&rsquo;\u00e9picerie sociale\u00a0\u00bb.<\/p>\n<p>Ouvert le mardi et le vendredi matin<\/p>\n<p>Alors l&rsquo;Ordre de Malte lance un appel: ces poussettes, si elles dorment chez nous, dans nos caves, dans nos greniers, vous pouvez leur donner une deuxi\u00e8me vie au 42 rue Dabray le mardi et le vendredi matin aux heures d&rsquo;ouverture du dispensaire de 9h30 \u00e0 13h. \u00ab\u00a0Et nous, on dispatche apr\u00e8s en fonction des associations qui ont besoin\u00a0\u00bb conclut Ang\u00e9lique.<\/p>\n<p>\u00a0<\/p>\n","protected":false},"excerpt":{"rendered":"Un objet est manquant au local de l&rsquo;Ordre de Malte \u00e0 Nice. Des poussettes, tout simplement, \u00ab\u00a0du b\u00e9b\u00e9&hellip;\n","protected":false},"author":2,"featured_media":562619,"comment_status":"","ping_status":"","sticky":false,"template":"","format":"standard","meta":{"footnotes":""},"categories":[2819],"tags":[1111,11,1777,674,1011,27,12,2401,882,25],"class_list":{"0":"post-562618","1":"post","2":"type-post","3":"status-publish","4":"format-standard","5":"has-post-thumbnail","7":"category-nice","8":"tag-actu","9":"tag-actualites","10":"tag-eu","11":"tag-europe","12":"tag-fr","13":"tag-france","14":"tag-news","15":"tag-nice","16":"tag-provence-alpes-cote-dazur","17":"tag-republique-francaise"},"share_on_mastodon":{"url":"https:\/\/pubeurope.com\/@fr\/115622585719275199","error":""},"_links":{"self":[{"href":"https:\/\/www.europesays.com\/fr\/wp-json\/wp\/v2\/posts\/562618","targetHints":{"allow":["GET"]}}],"collection":[{"href":"https:\/\/www.europesays.com\/fr\/wp-json\/wp\/v2\/posts"}],"about":[{"href":"https:\/\/www.europesays.com\/fr\/wp-json\/wp\/v2\/types\/post"}],"author":[{"embeddable":true,"href":"https:\/\/www.europesays.com\/fr\/wp-json\/wp\/v2\/users\/2"}],"replies":[{"embeddable":true,"href":"https:\/\/www.europesays.com\/fr\/wp-json\/wp\/v2\/comments?post=562618"}],"version-history":[{"count":0,"href":"https:\/\/www.europesays.com\/fr\/wp-json\/wp\/v2\/posts\/562618\/revisions"}],"wp:featuredmedia":[{"embeddable":true,"href":"https:\/\/www.europesays.com\/fr\/wp-json\/wp\/v2\/media\/562619"}],"wp:attachment":[{"href":"https:\/\/www.europesays.com\/fr\/wp-json\/wp\/v2\/media?parent=562618"}],"wp:term":[{"taxonomy":"category","embeddable":true,"href":"https:\/\/www.europesays.com\/fr\/wp-json\/wp\/v2\/categories?post=562618"},{"taxonomy":"post_tag","embeddable":true,"href":"https:\/\/www.europesays.com\/fr\/wp-json\/wp\/v2\/tags?post=562618"}],"curies":[{"name":"wp","href":"https:\/\/api.w.org\/{rel}","templated":true}]}}