{"id":562622,"date":"2025-11-27T16:24:36","date_gmt":"2025-11-27T16:24:36","guid":{"rendered":"https:\/\/www.europesays.com\/fr\/562622\/"},"modified":"2025-11-27T16:24:36","modified_gmt":"2025-11-27T16:24:36","slug":"dans-les-quartiers-populaires-nantais-des-services-publics-de-qualite","status":"publish","type":"post","link":"https:\/\/www.europesays.com\/fr\/562622\/","title":{"rendered":"Dans les quartiers populaires nantais, des services publics de qualit\u00e9"},"content":{"rendered":"<p>\u00ab\u00a0Dans le cadre du projet global Nantes Nord, l\u2019enjeu est de proposer aux habitantes et habitants une offre renforc\u00e9e de services administratifs et sociaux\u00a0\u00bb, affirme la Ville. Ce projet est aussi compl\u00e9mentaire d\u2019un programme de r\u00e9novation de mairies de quartier et de construction d\u2019\u00e9quipements engag\u00e9 depuis plusieurs ann\u00e9es dans les quartiers nantais. Ce p\u00f4le d\u2019environ 4 500 m\u00b2, implant\u00e9 au c\u0153ur du quartier prioritaire Ch\u00eane-des-<br \/>Anglais, regroupera la mairie de quartier, un guichet CCAS ouvert depuis d\u00e9but 2025 dans le quartier, le relais petite enfance, la direction de quartier, ainsi qu\u2019une agence Nantes M\u00e9tropole Habitat (actuellement relog\u00e9e rue Jacques-Cartier).<br \/>\u00a0<\/p>\n<p>Ce projet int\u00e8gre \u00e9galement un nouveau site du Conservatoire de Nantes pour d\u00e9velopper les pratiques artistiques au c\u0153ur du quartier populaire et en faire un levier d\u2019\u00e9mancipation, d\u2019excellence et de lien social. \u00ab\u00a0Un projet qui n\u2019a pas d\u2019\u00e9quivalent en France\u00a0\u00bb, souligne la Ville.<br \/>Compl\u00e9mentaire du Conservatoire de l\u2019\u020ale de Nantes, et de celui install\u00e9 depuis 2024 au c\u0153ur du quartier Bellevue, cet \u00e9quipement de 2 000 m\u00b2, pens\u00e9 avec les acteurs culturels, associatifs et sociaux du quartier, pourra former entre 600 et 800 \u00e9l\u00e8ves. Il comprendra 12 salles de musique, 2 salles de th\u00e9\u00e2tre (dont une pouvant accueillir du public), 3 studios, 1 studio de cr\u00e9ation multim\u00e9dia, un p\u00f4le petite enfance d\u00e9di\u00e9 \u00e0 l\u2019\u00e9veil, ainsi qu\u2019une salle de spectacle de 200 places assises et 400 places debout ouverte aux acteurs du territoire.\u00a0<br \/>Par ailleurs, la salle de diffusion, ouverte aux associations du quartier, offrira un espace de rencontre et de convivialit\u00e9 o\u00f9 les habitantes et les habitants pourront se retrouver et participer \u00e0 la vie de quartier.<br \/>Le b\u00e2timent sera exemplaire en mati\u00e8re de transition \u00e9cologique avec un raccordement au r\u00e9seau de chaleur, l\u2019usage de mat\u00e9riaux biosourc\u00e9s ou issus du r\u00e9emploi et la mise en \u0153uvre de la charte chantier durable.Un aboutissement pour Mathieu Gauffre, le directeur du Conservatoire de Nantes. \u00ab\u00a0Ce projet porte une ambition artistique, sociale et \u00e9ducative forte. Nous posons ce constat\u00a0: la pratique artistique est un lieu de rencontres o\u00f9 les diff\u00e9rences sociales s\u2019\u00e9teignent. C\u2019est une offre qui n\u2019existe pas aujourd\u2019hui \u00e0 Nantes. Au niveau national, c\u2019est innovant.\u00a0Et c\u2019est aussi un facteur d\u2019\u00e9mancipation. Entre 600 et 800 \u00e9l\u00e8ves seront accueillis par l\u2019\u00e9tablissement.\u00a0\u00bb<\/p>\n<p><strong>Les \u00e9tudes d\u00e9marreront d\u00e9but 2027, pour un d\u00e9marrage envisag\u00e9 des travaux au premier semestre 2029 et une livraison pr\u00e9vue d\u2019ici fin 2031. Le projet de p\u00f4le d\u2019\u00e9quipements publics, co-port\u00e9 par la Ville de Nantes et Nantes M\u00e9tropole Habitat est estim\u00e9 \u00e0 30 M\u20ac TTC.<\/strong><\/p>\n","protected":false},"excerpt":{"rendered":"\u00ab\u00a0Dans le cadre du projet global Nantes Nord, l\u2019enjeu est de proposer aux habitantes et habitants une offre&hellip;\n","protected":false},"author":2,"featured_media":562623,"comment_status":"","ping_status":"","sticky":false,"template":"","format":"standard","meta":{"footnotes":""},"categories":[2818],"tags":[1111,11,1777,674,1011,27,766,12,2636,25],"class_list":{"0":"post-562622","1":"post","2":"type-post","3":"status-publish","4":"format-standard","5":"has-post-thumbnail","7":"category-nantes","8":"tag-actu","9":"tag-actualites","10":"tag-eu","11":"tag-europe","12":"tag-fr","13":"tag-france","14":"tag-nantes","15":"tag-news","16":"tag-pays-de-la-loire","17":"tag-republique-francaise"},"share_on_mastodon":{"url":"https:\/\/pubeurope.com\/@fr\/115622593485462786","error":""},"_links":{"self":[{"href":"https:\/\/www.europesays.com\/fr\/wp-json\/wp\/v2\/posts\/562622","targetHints":{"allow":["GET"]}}],"collection":[{"href":"https:\/\/www.europesays.com\/fr\/wp-json\/wp\/v2\/posts"}],"about":[{"href":"https:\/\/www.europesays.com\/fr\/wp-json\/wp\/v2\/types\/post"}],"author":[{"embeddable":true,"href":"https:\/\/www.europesays.com\/fr\/wp-json\/wp\/v2\/users\/2"}],"replies":[{"embeddable":true,"href":"https:\/\/www.europesays.com\/fr\/wp-json\/wp\/v2\/comments?post=562622"}],"version-history":[{"count":0,"href":"https:\/\/www.europesays.com\/fr\/wp-json\/wp\/v2\/posts\/562622\/revisions"}],"wp:featuredmedia":[{"embeddable":true,"href":"https:\/\/www.europesays.com\/fr\/wp-json\/wp\/v2\/media\/562623"}],"wp:attachment":[{"href":"https:\/\/www.europesays.com\/fr\/wp-json\/wp\/v2\/media?parent=562622"}],"wp:term":[{"taxonomy":"category","embeddable":true,"href":"https:\/\/www.europesays.com\/fr\/wp-json\/wp\/v2\/categories?post=562622"},{"taxonomy":"post_tag","embeddable":true,"href":"https:\/\/www.europesays.com\/fr\/wp-json\/wp\/v2\/tags?post=562622"}],"curies":[{"name":"wp","href":"https:\/\/api.w.org\/{rel}","templated":true}]}}