{"id":562624,"date":"2025-11-27T16:25:12","date_gmt":"2025-11-27T16:25:12","guid":{"rendered":"https:\/\/www.europesays.com\/fr\/562624\/"},"modified":"2025-11-27T16:25:12","modified_gmt":"2025-11-27T16:25:12","slug":"marche-de-noel-a-eynesse-au-profit-de-linstitut-bergonie","status":"publish","type":"post","link":"https:\/\/www.europesays.com\/fr\/562624\/","title":{"rendered":"March\u00e9 de No\u00ebl \u00e0 Eynesse au profit de l\u2019Institut Bergoni\u00e9"},"content":{"rendered":"<p>Dimanche 7\u00a0d\u00e9cembre, le Plaisir de cr\u00e9er, association de loisirs, propose son march&#8230;<\/p>\n<p>Dimanche 7\u00a0d\u00e9cembre, le Plaisir de cr\u00e9er, association de loisirs, propose son march\u00e9 de No\u00ebl de 9\u00a0h\u00a030 \u00e0 17\u00a0heures, \u00e0 la salle des f\u00eates. Les cr\u00e9ations sont multiples et vont des objets en bois, en verre et en m\u00e9tal d\u00e9cor\u00e9s, aux coussins. Tous les articles sont vendus au profit de la recherche contre le cancer de l\u2019Institut Bergoni\u00e9, centre r\u00e9gional de lutte contre le cancer de Bordeaux. Les b\u00e9n\u00e9voles invitent les visiteurs \u00e0 soutenir ainsi leur action. Ils trouveront \u00e9galement d\u2019autres exposants avec des d\u00e9corations de No\u00ebl, du cartonnage, du linge brod\u00e9, des produits de beaut\u00e9, des bijoux et des produits locaux. Une restauration est pr\u00e9vue sur place et une tombola dot\u00e9e de nombreux lots sera aussi propos\u00e9e.<\/p>\n","protected":false},"excerpt":{"rendered":"Dimanche 7\u00a0d\u00e9cembre, le Plaisir de cr\u00e9er, association de loisirs, propose son march&#8230; Dimanche 7\u00a0d\u00e9cembre, le Plaisir de cr\u00e9er,&hellip;\n","protected":false},"author":2,"featured_media":562625,"comment_status":"","ping_status":"","sticky":false,"template":"","format":"standard","meta":{"footnotes":""},"categories":[2817],"tags":[1111,11,1997,1777,674,1011,27,12,2219,25],"class_list":{"0":"post-562624","1":"post","2":"type-post","3":"status-publish","4":"format-standard","5":"has-post-thumbnail","7":"category-bordeaux","8":"tag-actu","9":"tag-actualites","10":"tag-bordeaux","11":"tag-eu","12":"tag-europe","13":"tag-fr","14":"tag-france","15":"tag-news","16":"tag-nouvelle-aquitaine","17":"tag-republique-francaise"},"share_on_mastodon":{"url":"https:\/\/pubeurope.com\/@fr\/115622597480439024","error":""},"_links":{"self":[{"href":"https:\/\/www.europesays.com\/fr\/wp-json\/wp\/v2\/posts\/562624","targetHints":{"allow":["GET"]}}],"collection":[{"href":"https:\/\/www.europesays.com\/fr\/wp-json\/wp\/v2\/posts"}],"about":[{"href":"https:\/\/www.europesays.com\/fr\/wp-json\/wp\/v2\/types\/post"}],"author":[{"embeddable":true,"href":"https:\/\/www.europesays.com\/fr\/wp-json\/wp\/v2\/users\/2"}],"replies":[{"embeddable":true,"href":"https:\/\/www.europesays.com\/fr\/wp-json\/wp\/v2\/comments?post=562624"}],"version-history":[{"count":0,"href":"https:\/\/www.europesays.com\/fr\/wp-json\/wp\/v2\/posts\/562624\/revisions"}],"wp:featuredmedia":[{"embeddable":true,"href":"https:\/\/www.europesays.com\/fr\/wp-json\/wp\/v2\/media\/562625"}],"wp:attachment":[{"href":"https:\/\/www.europesays.com\/fr\/wp-json\/wp\/v2\/media?parent=562624"}],"wp:term":[{"taxonomy":"category","embeddable":true,"href":"https:\/\/www.europesays.com\/fr\/wp-json\/wp\/v2\/categories?post=562624"},{"taxonomy":"post_tag","embeddable":true,"href":"https:\/\/www.europesays.com\/fr\/wp-json\/wp\/v2\/tags?post=562624"}],"curies":[{"name":"wp","href":"https:\/\/api.w.org\/{rel}","templated":true}]}}