{"id":562626,"date":"2025-11-27T16:26:13","date_gmt":"2025-11-27T16:26:13","guid":{"rendered":"https:\/\/www.europesays.com\/fr\/562626\/"},"modified":"2025-11-27T16:26:13","modified_gmt":"2025-11-27T16:26:13","slug":"la-chambre-de-commerce-et-dindustrie-depose-plainte-pour-menaces","status":"publish","type":"post","link":"https:\/\/www.europesays.com\/fr\/562626\/","title":{"rendered":"la Chambre de commerce et d\u2019industrie d\u00e9pose plainte pour menaces"},"content":{"rendered":"<p>Pour la Chambre de commerce et d\u2019industrie (CCI) de Bordeaux, c\u2019\u00e9tait un contrat comme un autre. Une soir\u00e9e destin\u00e9e \u00e0 valoriser des associations, le 10\u00a0d\u00e9cembre, au Palais de la bourse. \u00ab\u00a0Nous n\u2019avions aucune raison de refuser la location \u00e0 un gala caritatif\u00a0\u00bb, explique Philippe Garcia, le directeur de la communication. C\u2019\u00e9tait sans compter sur le caract\u00e8re sulfureux des Nuits du bien commun. Organis\u00e9es partout en France, elles suscitent <a href=\"https:\/\/www.sudouest.fr\/gironde\/bordeaux\/bordeaux-le-ps-girondin-denonce-la-tenue-d-une-nuit-du-bien-commun-offensive-de-l-extreme-droite-financee-par-l-exile-fiscal-pierre-edouard-sterin-26818121.php\" target=\"_blank\" rel=\"noopener\">une vive opposition<\/a> pour leurs liens avec le milliardaire d\u2019extr\u00eame droite Pierre-\u00c9douard St\u00e9rin.<\/p>\n","protected":false},"excerpt":{"rendered":"Pour la Chambre de commerce et d\u2019industrie (CCI) de Bordeaux, c\u2019\u00e9tait un contrat comme un autre. Une soir\u00e9e&hellip;\n","protected":false},"author":2,"featured_media":562627,"comment_status":"","ping_status":"","sticky":false,"template":"","format":"standard","meta":{"footnotes":""},"categories":[2817],"tags":[1111,11,1997,1777,674,1011,27,12,2219,25],"class_list":{"0":"post-562626","1":"post","2":"type-post","3":"status-publish","4":"format-standard","5":"has-post-thumbnail","7":"category-bordeaux","8":"tag-actu","9":"tag-actualites","10":"tag-bordeaux","11":"tag-eu","12":"tag-europe","13":"tag-fr","14":"tag-france","15":"tag-news","16":"tag-nouvelle-aquitaine","17":"tag-republique-francaise"},"share_on_mastodon":{"url":"https:\/\/pubeurope.com\/@fr\/115622601393752016","error":""},"_links":{"self":[{"href":"https:\/\/www.europesays.com\/fr\/wp-json\/wp\/v2\/posts\/562626","targetHints":{"allow":["GET"]}}],"collection":[{"href":"https:\/\/www.europesays.com\/fr\/wp-json\/wp\/v2\/posts"}],"about":[{"href":"https:\/\/www.europesays.com\/fr\/wp-json\/wp\/v2\/types\/post"}],"author":[{"embeddable":true,"href":"https:\/\/www.europesays.com\/fr\/wp-json\/wp\/v2\/users\/2"}],"replies":[{"embeddable":true,"href":"https:\/\/www.europesays.com\/fr\/wp-json\/wp\/v2\/comments?post=562626"}],"version-history":[{"count":0,"href":"https:\/\/www.europesays.com\/fr\/wp-json\/wp\/v2\/posts\/562626\/revisions"}],"wp:featuredmedia":[{"embeddable":true,"href":"https:\/\/www.europesays.com\/fr\/wp-json\/wp\/v2\/media\/562627"}],"wp:attachment":[{"href":"https:\/\/www.europesays.com\/fr\/wp-json\/wp\/v2\/media?parent=562626"}],"wp:term":[{"taxonomy":"category","embeddable":true,"href":"https:\/\/www.europesays.com\/fr\/wp-json\/wp\/v2\/categories?post=562626"},{"taxonomy":"post_tag","embeddable":true,"href":"https:\/\/www.europesays.com\/fr\/wp-json\/wp\/v2\/tags?post=562626"}],"curies":[{"name":"wp","href":"https:\/\/api.w.org\/{rel}","templated":true}]}}