{"id":562628,"date":"2025-11-27T16:27:13","date_gmt":"2025-11-27T16:27:13","guid":{"rendered":"https:\/\/www.europesays.com\/fr\/562628\/"},"modified":"2025-11-27T16:27:13","modified_gmt":"2025-11-27T16:27:13","slug":"deux-golfs-vendus-au-prive-par-la-mairie-de-toulouse-que-vont-ils-devenir","status":"publish","type":"post","link":"https:\/\/www.europesays.com\/fr\/562628\/","title":{"rendered":"Deux golfs vendus au priv\u00e9 par la mairie de Toulouse, que vont-ils devenir\u00a0?"},"content":{"rendered":"<p>                    Par<br \/>\n        <strong><br \/>\n            <a href=\"https:\/\/actu.fr\/auteur\/guillaume-laurens\" title=\"Consulter tous les articles de Guillaume Laurens\" target=\"_blank\" rel=\"noopener\">Guillaume Laurens<\/a><br \/>\n                    <\/strong><\/p>\n<p>        Publi\u00e9 le<\/p>\n<p>            27 nov. 2025 \u00e0 17h20        <\/p>\n<p>Lanc\u00e9e depuis plusieurs ann\u00e9es, la vente de bien jug\u00e9s non utiles dans le patrimoine communal se poursuit au fil de l\u2019eau dans la Ville rose. \u00c0 l\u2019occasion d\u2019une session du conseil municipal, mercredi 26\u00a0novembre 2025, la mairie de <a href=\"https:\/\/actu.fr\/toulouse\/\" target=\"_blank\" rel=\"noopener\"><strong>Toulouse<\/strong> <\/a>a ent\u00e9rin\u00e9 la <strong>cession au priv\u00e9 de deux golfs<\/strong> qui \u00e9taient, jusqu\u2019ici, dans le domaine public. Ce qu\u2019il faut savoir sur ce dossier.<\/p>\n<p>Deux golfs municipaux\u2026 en dehors de Toulouse\u2009!<\/p>\n<p class=\" wall-content\">La vente avait \u00e9t\u00e9 ent\u00e9rin\u00e9e par la mairie en novembre 2024. Un an plus tard, c\u2019est act\u00e9. Si plusieurs hypoth\u00e8ses ont \u00e9t\u00e9 \u00e9tudi\u00e9es, la collectivit\u00e9 a finalement d\u00e9cid\u00e9 de <strong>sortir du service public <\/strong>ces deux golfs \u00e0 \u00ab\u2009la situation financi\u00e8re saine\u2009\u00bb et de les vendre \u00e0 un acteur priv\u00e9. Deux golfs qui, paradoxalement, sont situ\u00e9s\u2026 dans <strong>d\u2019autres communes.<\/strong><\/p>\n<p class=\" wall-content\">Sur 57 hectares, celui de <strong>T\u00e9oula<\/strong> est \u00e0<strong> Plaisance-du-Touch<\/strong>. Il comprend un parcours 18 trous, un practice, divers b\u00e2timents et services, ainsi qu\u2019un parking de 2\u2009700 m\u00b2. Celui de <strong>la Ram\u00e9e, <\/strong>qui fait 61 hectares, est implant\u00e9 \u00e0 <strong>Tournefeuille<\/strong>. Il est dot\u00e9 d\u2019un parcours 18 trous, d\u2019un autre de neuf trous, avec mini-golf, corps de ferme, divers b\u00e2timents, ainsi qu\u2019un parking de 6\u2009400 m\u00b2.<\/p>\n<p>    <img   decoding=\"async\" loading=\"lazy\" src=\"https:\/\/www.europesays.com\/fr\/wp-content\/uploads\/2025\/11\/golf-teoula-toulouse-960x640.jpg\" alt=\"Le golf de T\u00e9oula, situ\u00e9 \u00e0 Plaisance-du-Touch, hors M\u00e9tropole, est \u00e0 ce jour propri\u00e9t\u00e9 de la mairie de Toulouse\" width=\"960\" height=\"640\"\/><br \/>\n    Le golf de T\u00e9oula, situ\u00e9 \u00e0 Plaisance-du-Touch, hors M\u00e9tropole, est \u00e0 ce jour propri\u00e9t\u00e9 de la mairie de Toulouse (\u00a9Google)Rapporter l\u2019\u00e9quivalent de 37\u00a0ann\u00e9es de redevance<\/p>\n<p class=\" wall-content\">Tous deux \u00e9taient jusqu\u2019ici exploit\u00e9s par la <strong>soci\u00e9t\u00e9 UGolf<\/strong> sous concession, en contrepartie d\u2019une redevance vers\u00e9e \u00e0 la mairie.<\/p>\n<p class=\" wall-content\">L\u2019op\u00e9ration de vente permettra de rapporter <strong>plus de 10\u00a0millions d\u2019euros<\/strong> \u00e0 la municipalit\u00e9 : dans le d\u00e9tail, 4,77 millions pour T\u00e9oula et 5,83 pour La Ram\u00e9e, soit l\u2019\u00e9quivalent de <strong>\u00ab\u200937 ann\u00e9es de redevance\u2009\u00bb, <\/strong>souligne <strong>Sacha Briand, <\/strong>l\u2019adjoint en charge des Finances.<\/p>\n<p>Votre r\u00e9gion, votre actu !<\/p>\n<p>Recevez chaque jour les infos qui comptent pour vous.<\/p>\n<p>\t<a href=\"https:\/\/actu.fr\/newsletter\" class=\"ac-btn ac-btn--corner ac-btn--medium ac-btn--blue800\" target=\"_blank\" rel=\"noopener\">S&rsquo;incrire<\/a><br \/>\nLa mairie ne veut plus de golfs municipaux<\/p>\n<p class=\" wall-content\">Pourquoi la municipalit\u00e9 de Toulouse se s\u00e9pare-t-elle de ses golfs\u2009? \u00ab\u2009L\u2019intervention de la mairie dans l\u2019organisation de l\u2019activit\u00e9 golfique n\u2019appara\u00eet <strong>plus pertinente\u2009\u00bb,<\/strong> dit la collectivit\u00e9, qui veut aussi \u00ab\u2009prendre en compte pour les ann\u00e9es \u00e0 venir l\u2019impact \u00e9cologique\u2009\u00bb de ce sport et \u00ab\u2009souhaite privil\u00e9gier la promotion d\u2019activit\u00e9s plus respectueuses de l\u2019environnement ou plus inclusives\u2009\u00bb.<\/p>\n<p class=\" wall-content\">\u00ab\u2009Nous vendons, car c\u2019est rare qu\u2019une collectivit\u00e9 poss\u00e8de des golfs, d\u2019autant plus que l\u2019un d\u2019entre eux n\u2019est m\u00eame pas situ\u00e9 sur le territoire de la M\u00e9tropole\u2009\u00bb, expliquait au printemps <strong>Pierre Trautmann<\/strong>, adjoint au maire en charge de la commande publique.<\/p>\n<p>\u00ab\u00a0Cela immobilise un patrimoine\u00a0\u00bb, dit l\u2019adjoint aux Finances<\/p>\n<p class=\" wall-content\">\u00ab\u00a0La mairie \u00e9tait <strong>\u00e0 l\u2019origine de la cr\u00e9ation de ces golfs,<\/strong> dans les ann\u00e9es 80, consid\u00e9rant \u00e0 l\u2019\u00e9poque que cela contribuerait \u00e0 l\u2019attractivit\u00e9 de la M\u00e9tropole, mais aujourd\u2019hui, <strong>cela immobilise un patrimoine<\/strong> que l\u2019on pr\u00e9f\u00e8re \u00e0 consacrer \u00e0 nos comp\u00e9tences essentielles\u00a0\u00bb, assume <strong>Sacha Briand<\/strong>. \u00ab\u00a0Nous avons re\u00e7u une offre int\u00e9ressante, comparativement \u00e0 la redevance per\u00e7ue\u00a0\u00bb.<\/p>\n<p>Cela restera des golfs pendant 20\u00a0ans au moins<\/p>\n<p class=\" wall-content\">Et si au printemps dernier, des riverains s\u2019\u00e9taient \u00e9mus de cette vente, craignant que le foncier c\u00e9d\u00e9 ne donne lieu \u00e0 de vastes op\u00e9rations immobili\u00e8res, la mairie <strong>exclut toute b\u00e9tonisation<\/strong> du site, et avance deux arguments.<\/p>\n<p class=\" wall-content\">Primo, ces deux golfs resteront des golfs\u2026 pour <strong>deux d\u00e9cennies<\/strong> au moins. Le nouveau propri\u00e9taire s\u2019est en effet engag\u00e9 \u00e0 investir pour r\u00e9nover les sites, mais aussi \u00e0 maintenir cette activit\u00e9 pendant <strong>20\u00a0ans<\/strong>.<\/p>\n<p class=\" wall-content\">Secundo, la collectivit\u00e9 fait valoir que les fonciers concern\u00e9s sont <strong>class\u00e9s en zone naturelle<\/strong> et qu\u2019ils seront, \u00e0 ce titre, <strong>prot\u00e9g\u00e9s<\/strong> par le prochain <strong>PLUi-H<\/strong> (Plan local d\u2019urbanisme intercommunal et d\u2019habitat) qui doit \u00eatre vot\u00e9 le 18 d\u00e9cembre prochain en conseil de M\u00e9tropole.<\/p>\n<p class=\" wall-content\">\u00ab\u00a0En somme, m\u00eame au bout de 20 ans\u00a0\u00bb, assure Sacha Briand, \u00ab\u00a0ces terrains ne seront pas constructibles, car avec la <strong>loi ZAN<\/strong>, ils n\u2019ont aucune vocation \u00e0 \u00eatre urbanis\u00e9s\u00a0\u00bb.<\/p>\n<p>\u00ab\u2009Cela sert \u00e0 une seule chose\u2009: rentrer de l\u2019argent\u2009\u00bb, pour l\u2019opposition<\/p>\n<p class=\" wall-content\">Les diff\u00e9rents groupes d\u2019<strong>opposition<\/strong> se sont prononc\u00e9s <strong>contre cette nouvelle vente<\/strong> de biens publics. \u00ab\u2009On a l\u00e0 des espaces verts de 120 hectares, qu\u2019il faut \u00e0 tout prix pr\u00e9server avec l\u2019expansion future de la M\u00e9tropole\u2009\u00bb, avance <strong>Maxime Le Texier<\/strong>, co-pr\u00e9sident du groupe AMC (Alternative municipaliste citoyenne). L\u2019\u00e9lu aurait voulu conserver ces sites dans le giron public\u2009: \u00ab\u2009Ces deux golfs g\u00e9n\u00e8rent une activit\u00e9 exc\u00e9dentaire, avec <strong>250\u2009000\u00a0euros de b\u00e9n\u00e9fices par an<\/strong>. Pourquoi s\u2019en s\u00e9parer\u2009? La majorit\u00e9 nous assure que la ma\u00eetrise du foncier est ficel\u00e9e, mais on prend des risques\u2009\u00bb.<\/p>\n<blockquote class=\"ac-article-quote wall-content\">\n<p>C&rsquo;est une vente dont on devrait se passer. Elle est destin\u00e9e \u00e0 une seule chose : rentrer de l&rsquo;argent dans les caisses, parce qu&rsquo;on a un m\u00e9tro ou des cam\u00e9ras \u00e0 financer.<\/p>\n<p>    <strong>Maxime Le Texier<\/strong>\n            <\/p><\/blockquote>\n<p class=\" wall-content\">\u00c0 l\u2019issue des deux concessions en vigueur (septembre\u00a02026 pour l\u2019un, d\u00e9cembre\u00a02027 pour l\u2019autre), ces deux vastes sites tomberont dans l\u2019escarcelle du priv\u00e9 et du groupement constitu\u00e9 d\u2019<strong>UGolf SAS-Patrimoine et Golf 3<\/strong>, qui a \u00e9t\u00e9 retenu par la collectivit\u00e9.<\/p>\n<p class=\" wall-content\">Personnalisez votre actualit\u00e9 en ajoutant vos villes et m\u00e9dias en favori avec <a href=\"https:\/\/moncompte.actu.fr\" title=\"D\u00e9couvez Mon Actu\" rel=\"nofollow noopener\" data-trk=\"{&quot;cta&quot;:{&quot;action&quot;:&quot;https:\\\/\\\/moncompte.actu.fr&quot;,&quot;category&quot;:&quot;mon compte&quot;,&quot;from&quot;:&quot;article footer&quot;,&quot;name&quot;:&quot;Mon actu&quot;,&quot;type&quot;:&quot;cta&quot;}}\" target=\"_blank\">Mon Actu<\/a>.<\/p>\n","protected":false},"excerpt":{"rendered":"Par Guillaume Laurens Publi\u00e9 le 27 nov. 2025 \u00e0 17h20 Lanc\u00e9e depuis plusieurs ann\u00e9es, la vente de bien&hellip;\n","protected":false},"author":2,"featured_media":562629,"comment_status":"","ping_status":"","sticky":false,"template":"","format":"standard","meta":{"footnotes":""},"categories":[2816],"tags":[1111,11,1777,674,1011,27,12,2680,25,104,2312,1090],"class_list":{"0":"post-562628","1":"post","2":"type-post","3":"status-publish","4":"format-standard","5":"has-post-thumbnail","7":"category-toulouse","8":"tag-actu","9":"tag-actualites","10":"tag-eu","11":"tag-europe","12":"tag-fr","13":"tag-france","14":"tag-news","15":"tag-occitanie","16":"tag-republique-francaise","17":"tag-societe","18":"tag-toulouse","19":"tag-toulouse-metropole"},"share_on_mastodon":{"url":"https:\/\/pubeurope.com\/@fr\/115622605990273593","error":""},"_links":{"self":[{"href":"https:\/\/www.europesays.com\/fr\/wp-json\/wp\/v2\/posts\/562628","targetHints":{"allow":["GET"]}}],"collection":[{"href":"https:\/\/www.europesays.com\/fr\/wp-json\/wp\/v2\/posts"}],"about":[{"href":"https:\/\/www.europesays.com\/fr\/wp-json\/wp\/v2\/types\/post"}],"author":[{"embeddable":true,"href":"https:\/\/www.europesays.com\/fr\/wp-json\/wp\/v2\/users\/2"}],"replies":[{"embeddable":true,"href":"https:\/\/www.europesays.com\/fr\/wp-json\/wp\/v2\/comments?post=562628"}],"version-history":[{"count":0,"href":"https:\/\/www.europesays.com\/fr\/wp-json\/wp\/v2\/posts\/562628\/revisions"}],"wp:featuredmedia":[{"embeddable":true,"href":"https:\/\/www.europesays.com\/fr\/wp-json\/wp\/v2\/media\/562629"}],"wp:attachment":[{"href":"https:\/\/www.europesays.com\/fr\/wp-json\/wp\/v2\/media?parent=562628"}],"wp:term":[{"taxonomy":"category","embeddable":true,"href":"https:\/\/www.europesays.com\/fr\/wp-json\/wp\/v2\/categories?post=562628"},{"taxonomy":"post_tag","embeddable":true,"href":"https:\/\/www.europesays.com\/fr\/wp-json\/wp\/v2\/tags?post=562628"}],"curies":[{"name":"wp","href":"https:\/\/api.w.org\/{rel}","templated":true}]}}