{"id":562632,"date":"2025-11-27T16:29:17","date_gmt":"2025-11-27T16:29:17","guid":{"rendered":"https:\/\/www.europesays.com\/fr\/562632\/"},"modified":"2025-11-27T16:29:17","modified_gmt":"2025-11-27T16:29:17","slug":"marches-de-noel-festival-du-welsh-nouveautes-10-idees-de-sorties-pour-ce-week-end-pres-de-lille","status":"publish","type":"post","link":"https:\/\/www.europesays.com\/fr\/562632\/","title":{"rendered":"March\u00e9s de No\u00ebl, festival du welsh, nouveaut\u00e9s\u2026 10 id\u00e9es de sorties pour ce week-end pr\u00e8s de Lille"},"content":{"rendered":"<p>                    Par<br \/>\n        <strong><br \/>\n            <a href=\"https:\/\/actu.fr\/auteur\/amandine-vachez\" title=\"Consulter tous les articles de Amandine Vachez\" target=\"_blank\" rel=\"noopener\">Amandine Vachez<\/a><br \/>\n                    <\/strong><\/p>\n<p>        Publi\u00e9 le<\/p>\n<p>            27 nov. 2025 \u00e0 16h54        <\/p>\n<p>Il n\u2019est pas toujours \u00e9vident de faire son<b> programme pour le week-end<\/b>. Si vous \u00eates en manque d\u2019inspiration, voici <b>10 id\u00e9es<\/b>, rep\u00e9r\u00e9es par la r\u00e9daction, pour les<b> samedi\u00a029 et dimanche 30\u00a0novembre 2025<\/b>, \u00e0 proximit\u00e9 de <a href=\"https:\/\/actu.fr\/lille\/\" target=\"_blank\" rel=\"noopener\">Lille<\/a> (Nord).<\/p>\n<p>10 id\u00e9es de sorties \u00e0 proximit\u00e9 de Lille<\/p>\n<ul class=\" wall-content\">\n<li><b>Vinyle market du Singe Savant<br \/><\/b>Tous les styles \u00e0 prix styl\u00e9s\u2009! Le vinyle market du Singe Savant revient ce samedi 29\u00a0novembre, avec du rock, du funk, de la techno, du jazz, du reggae ou encore du metal ou de la techno\u2026 La vente se tiendra de 11\u2009h \u00e0 18\u2009h. Et sur place, il y a de quoi boire et manger. <a href=\"https:\/\/www.facebook.com\/events\/1066652558762153\/\" target=\"_blank\" rel=\"noopener\">Infos<\/a>.<\/li>\n<\/ul>\n<ul class=\" wall-content\">\n<li><b>Des parcours immersifs et d\u00e9cors de cin\u00e9ma\u2009: devenez le h\u00e9ros d\u2019une aventure fantastique<\/b>\n<p>\u00c0 Lille, Inside Game transforme 1\u2009200 m\u00b2 du centre commercial Lillenium en univers fantastiques o\u00f9 les visiteurs, guid\u00e9s par des com\u00e9diens, vivent une aventure grandeur nature. <a href=\"https:\/\/actu.fr\/hauts-de-france\/lille_59350\/lille-quatre-parcours-immersifs-et-decors-de-cinema-sur-1200-m%c2%b2-devenez-le-heros-dune-aventure-fantastique_63492821.html\" target=\"_blank\" rel=\"noopener\">Infos<\/a>.<\/p>\n<\/li>\n<\/ul>\n<ul class=\" wall-content\">\n<li><b>March\u00e9, spectacles\u2026 \u00ab\u2009Mairie Christmas\u2009\u00bb ce samedi \u00e0 l\u2019H\u00f4tel de ville de Lille\u2009!<\/b>\n<p>Voil\u00e0 un \u00e9v\u00e9nement qui sent bon No\u00ebl\u2009! Ce samedi 29\u00a0novembre, d\u00e9couvrez \u00ab\u2009Mairie Christmas\u2009\u00bb et son march\u00e9 durable \u00e0 l\u2019h\u00f4tel de Ville de Lille. <a href=\"https:\/\/actu.fr\/hauts-de-france\/lille_59350\/lille-marche-spectacles-decouvrez-mairie-christmas-ce-samedi-a-lhotel-de-ville_63490067.html\" target=\"_blank\" rel=\"noopener\">Infos<\/a>.<\/p>\n<\/li>\n<\/ul>\n<ul class=\" wall-content\">\n<li><b>Avelin Halluin\u2026 Les brocantes en salle et bourses aux jouets du week-end dans le Nord<\/b>\n<p>Le week-end du samedi\u00a029 et du dimanche 30\u00a0novembre, de nombreuses brocantes en salle et bourses aux jouets sont organis\u00e9es dans le Nord. <a href=\"https:\/\/actu.fr\/loisirs-culture\/nord-les-brocantes-en-salle-et-bourses-aux-jouets-du-week-end-des-29-et-30-novembre_63477580.html\" target=\"_blank\" rel=\"noopener\">Le programme<\/a>.<\/p>\n<\/li>\n<\/ul>\n<ul class=\" wall-content\">\n<li><b>Marcq-en-Bar\u0153ul\u2009: l\u2019\u00e9norme f\u00eate aux hu\u00eetres fait son grand retour ce week-end<\/b>\n<p>Ev\u00e9nement devenu incontournable de la ville de la m\u00e9tropole lilloise, la grande f\u00eate aux hu\u00eetres est de retour \u00e0 l\u2019hippodrome du vendredi\u00a028 au dimanche 30\u00a0novembre. <a href=\"https:\/\/actu.fr\/hauts-de-france\/marcq-en-baroeul_59378\/marcq-en-baroeul-lenorme-fete-aux-huitres-fait-son-grand-retour-ce-week-end_63485025.html\" target=\"_blank\" rel=\"noopener\">Infos<\/a>.<\/p>\n<\/li>\n<\/ul>\n<ul class=\" wall-content\">\n<li><b>Durable, associatifs, en c\u0153ur de ville\u2026 Les march\u00e9s de No\u00ebl du week-end<\/b>\n<p>De nombreux march\u00e9s de No\u00ebl animeront le territoire, le week-end des 28, 29 et 30\u00a0novembre, dans le Nord. On vous donne le programme avec les <a href=\"https:\/\/actu.fr\/hauts-de-france\/roubaix_59512\/durable-associatifs-en-coeur-de-ville-les-marches-de-noel-du-week-end-dans-le-nord_63495989.html\" target=\"_blank\" rel=\"noopener\">infos pratiques<\/a>.<\/p>\n<\/li>\n<\/ul>\n<p>Votre r\u00e9gion, votre actu !<\/p>\n<p>Recevez chaque jour les infos qui comptent pour vous.<\/p>\n<p>\t<a href=\"https:\/\/actu.fr\/newsletter\" class=\"ac-btn ac-btn--corner ac-btn--medium ac-btn--blue800\" target=\"_blank\" rel=\"noopener\">S&rsquo;incrire<\/a><\/p>\n<ul class=\" wall-content\">\n<li><b>Lille\u2009: un grand festival gratuit d\u00e9di\u00e9 au welsh aura lieu tout le week-end\u2009!<\/b>\n<p>Avis aux amoureux de la gastronomie du Nord\u2009! Ces samedi\u00a029 et dimanche 30\u00a0novembre, un festival d\u00e9di\u00e9 au welsh se tiendra dans la Capitale des Flandres. Et en plus l\u2019entr\u00e9e est gratuite. <a href=\"https:\/\/actu.fr\/hauts-de-france\/lille_59350\/lille-un-grand-festival-gratuit-dedie-au-welsh-aura-lieu-tout-le-week-end_63478157.html\" target=\"_blank\" rel=\"noopener\">Infos<\/a>.<\/p>\n<\/li>\n<\/ul>\n<ul class=\" wall-content\">\n<li><b>Ce site de mobilier et d\u00e9co vintage organise une grande vente de No\u00ebl \u00e0 Lille pendant 3 jours<\/b>\n<p>Pendant trois jours, du 27 au 29\u00a0novembre, le site de mobilier et d\u00e9co vintage S\u00e9lection M s\u2019installe \u00e0 Lille\u2009: inspirez-vous pour votre maison et pr\u00e9parez les festivit\u00e9s\u2009! <a href=\"https:\/\/actu.fr\/hauts-de-france\/lille_59350\/ce-site-de-mobilier-et-deco-vintage-organise-une-grande-vente-de-noel-a-lille-pendant-3-jours_63491153.html\" target=\"_blank\" rel=\"noopener\">Infos<\/a>.<\/p>\n<\/li>\n<\/ul>\n<ul class=\" wall-content\">\n<li>\n<p><b>C\u2019est quoi Escapad, ce concept in\u00e9dit au centre Westfield Euralille\u2009?<\/b><\/p>\n<p>Padel, escalade, resto et ambiance d\u00e9tendue\u2009: le concept Escapad d\u00e9barque \u00e0 Westfield Euralille et r\u00e9invente la fa\u00e7on de bouger, manger et se retrouver en ville. <a href=\"https:\/\/actu.fr\/hauts-de-france\/lille_59350\/cest-quoi-escapad-ce-concept-inedit-de-sport-urbain-qui-ouvre-au-centre-westfield-euralille_63393265.html\" target=\"_blank\" rel=\"noopener\">Infos<\/a>.<\/p>\n<\/li>\n<\/ul>\n<ul class=\" wall-content\">\n<li>\n<p><b>Des installations hypnotiques et impressionnantes dans la nouvelle expo du Fresnoy<\/b><\/p>\n<p>\u00ab\u2009Simultan\u00e9it\u00e9\u2009\u00bb est le th\u00e8me de la nouvelle exposition \u00ab\u2009Panorama\u2009\u00bb r\u00e9unissant 50 \u0153uvres in\u00e9dites au Fresnoy de Tourcoing, visible jusqu\u2019\u00e0 d\u00e9but 2026. Elle vaut le d\u00e9tour\u2009! <a href=\"https:\/\/actu.fr\/hauts-de-france\/tourcoing_59599\/a-tourcoing-des-installations-hypnotiques-et-impressionnantes-dans-la-nouvelle-expo-panorama-27_63454191.html\" target=\"_blank\" rel=\"noopener\">D\u00e9tails<\/a>.<\/p>\n<\/li>\n<\/ul>\n<p class=\" wall-content\">Voil\u00e0 de quoi vous inspirer. Retrouvez r\u00e9guli\u00e8rement des id\u00e9es de sorties et actualit\u00e9s culturelles <a href=\"https:\/\/actu.fr\/lille\/loisirs-culture\" target=\"_blank\" rel=\"noopener\">dans notre rubrique d\u00e9di\u00e9e<\/a>.<\/p>\n<p class=\" wall-content\">Personnalisez votre actualit\u00e9 en ajoutant vos villes et m\u00e9dias en favori avec <a href=\"https:\/\/moncompte.actu.fr\" title=\"D\u00e9couvez Mon Actu\" rel=\"nofollow noopener\" data-trk=\"{&quot;cta&quot;:{&quot;action&quot;:&quot;https:\\\/\\\/moncompte.actu.fr&quot;,&quot;category&quot;:&quot;mon compte&quot;,&quot;from&quot;:&quot;article footer&quot;,&quot;name&quot;:&quot;Mon actu&quot;,&quot;type&quot;:&quot;cta&quot;}}\" target=\"_blank\">Mon Actu<\/a>.<\/p>\n","protected":false},"excerpt":{"rendered":"Par Amandine Vachez Publi\u00e9 le 27 nov. 2025 \u00e0 16h54 Il n\u2019est pas toujours \u00e9vident de faire son&hellip;\n","protected":false},"author":2,"featured_media":562633,"comment_status":"","ping_status":"","sticky":false,"template":"","format":"standard","meta":{"footnotes":""},"categories":[2815],"tags":[1111,11,677,1777,674,652,1011,27,811,1307,1652,12,25],"class_list":{"0":"post-562632","1":"post","2":"type-post","3":"status-publish","4":"format-standard","5":"has-post-thumbnail","7":"category-lille","8":"tag-actu","9":"tag-actualites","10":"tag-bons-plans","11":"tag-eu","12":"tag-europe","13":"tag-famille","14":"tag-fr","15":"tag-france","16":"tag-hauts-de-france","17":"tag-lille","18":"tag-loisirs-culture","19":"tag-news","20":"tag-republique-francaise"},"share_on_mastodon":{"url":"https:\/\/pubeurope.com\/@fr\/115622613217459083","error":""},"_links":{"self":[{"href":"https:\/\/www.europesays.com\/fr\/wp-json\/wp\/v2\/posts\/562632","targetHints":{"allow":["GET"]}}],"collection":[{"href":"https:\/\/www.europesays.com\/fr\/wp-json\/wp\/v2\/posts"}],"about":[{"href":"https:\/\/www.europesays.com\/fr\/wp-json\/wp\/v2\/types\/post"}],"author":[{"embeddable":true,"href":"https:\/\/www.europesays.com\/fr\/wp-json\/wp\/v2\/users\/2"}],"replies":[{"embeddable":true,"href":"https:\/\/www.europesays.com\/fr\/wp-json\/wp\/v2\/comments?post=562632"}],"version-history":[{"count":0,"href":"https:\/\/www.europesays.com\/fr\/wp-json\/wp\/v2\/posts\/562632\/revisions"}],"wp:featuredmedia":[{"embeddable":true,"href":"https:\/\/www.europesays.com\/fr\/wp-json\/wp\/v2\/media\/562633"}],"wp:attachment":[{"href":"https:\/\/www.europesays.com\/fr\/wp-json\/wp\/v2\/media?parent=562632"}],"wp:term":[{"taxonomy":"category","embeddable":true,"href":"https:\/\/www.europesays.com\/fr\/wp-json\/wp\/v2\/categories?post=562632"},{"taxonomy":"post_tag","embeddable":true,"href":"https:\/\/www.europesays.com\/fr\/wp-json\/wp\/v2\/tags?post=562632"}],"curies":[{"name":"wp","href":"https:\/\/api.w.org\/{rel}","templated":true}]}}