{"id":562638,"date":"2025-11-27T16:33:20","date_gmt":"2025-11-27T16:33:20","guid":{"rendered":"https:\/\/www.europesays.com\/fr\/562638\/"},"modified":"2025-11-27T16:33:20","modified_gmt":"2025-11-27T16:33:20","slug":"newcastle-denonce-des-violences-policieres-contre-ses-supporters-apres-le-match-face-a-marseille","status":"publish","type":"post","link":"https:\/\/www.europesays.com\/fr\/562638\/","title":{"rendered":"Newcastle d\u00e9nonce des violences polici\u00e8res contre ses supporters apr\u00e8s le match face \u00e0 Marseille"},"content":{"rendered":"<p class=\"article-p mdl\">Les fans de Newcastle ne garderont pas un tr\u00e8s bon souvenir de leur d\u00e9placement \u00e0 Marseille. Outre la d\u00e9faite (2-1) conc\u00e9d\u00e9e en terres phoc\u00e9ennes mardi soir, le club anglais s&rsquo;est plaint dans un communiqu\u00e9 publi\u00e9 ce jeudi du \u00ab\u00a0<strong>traitement inacceptable\u00a0<\/strong>r\u00e9serv\u00e9 \u00e0 [leurs] supporters par la police\u00a0\u00bb fran\u00e7aise aux abords du stade V\u00e9lodrome, apr\u00e8s\u00a0<a class=\"link\" href=\"https:\/\/www.rtl.fr\/sport\/football\/om-newcastle-suivez-la-rencontre-de-ligue-des-champions-en-direct-sur-notre-radio-digitale-7900571014\" title=\"Marseille renverse Newcastle gr\u00e2ce \u00e0 un doubl\u00e9 d&#039;Aubameyang et se relance en Ligue des champions\" target=\"_blank\" rel=\"noopener\">le match comptant pour la cinqui\u00e8me journ\u00e9e de Ligue des champions<\/a>.<\/p>\n<p class=\"article-p mdl\">\u00ab\u00a0Apr\u00e8s le coup de sifflet final,\u00a0nos supporters ont \u00e9t\u00e9 contraints de rester dans le stade pendant pr\u00e8s d&rsquo;une heure, sur instruction des autorit\u00e9s locales, afin d&rsquo;assurer leur s\u00e9curit\u00e9 lors de leur sortie du stade\u00a0\u00bb, indique l&rsquo;\u00e9quipe du nord de l&rsquo;Angleterre.<\/p>\n<p class=\"article-p mdl\">Une fois le premier groupe de supporters lib\u00e9r\u00e9 de l&rsquo;enceinte, \u00ab\u00a0la police a commenc\u00e9 \u00e0 utiliser <strong>une force inutile et disproportionn\u00e9e<\/strong> pour emp\u00eacher le reste de nos fans d&rsquo;avancer\u00a0\u00bb vers la station de m\u00e9tro la plus proche, peut-on lire dans le communiqu\u00e9.<\/p>\n<p class=\"article-p mdl\">Toujours selon Newcastle, les forces de l&rsquo;ordre auraient \u00ab\u00a0notamment utilis\u00e9 du <strong>gaz lacrymog\u00e8ne<\/strong>, des matraques et des boucliers\u00a0\u00bb, agressant \u00ab\u00a0sans discernement\u00a0\u00bb les supporters britanniques.<\/p>\n<blockquote class=\"twitter-tweet\">\n<p lang=\"en\" dir=\"ltr\">We will be formally raising our concerns with UEFA, Olympique de Marseille and French police in relation to the unacceptable treatment of our supporters by police at Stade V\u00e9lodrome following Tuesday\u2019s UEFA Champions League fixture.<a href=\"https:\/\/t.co\/gnpRRYQhiJ\">https:\/\/t.co\/gnpRRYQhiJ<\/a><\/p>\n<p>\u2014 Newcastle United (@NUFC) <a href=\"https:\/\/twitter.com\/NUFC\/status\/1993983567622189133?ref_src=twsrc%5Etfw\" target=\"_blank\" rel=\"noopener\">November 27, 2025<\/a><\/p><\/blockquote>\n<p>\u00ab\u00a0Trait\u00e9 comme du b\u00e9tail\u00a0\u00bb<\/p>\n<p class=\"article-p mdl\">Divers m\u00e9dias anglais ont recueilli les t\u00e9moignages de supporters pr\u00e9sents au moment des faits. L&rsquo;un d&rsquo;entre eux confiait au \u00ab\u00a0Telegraph\u00a0\u00bb avoir \u00e9t\u00e9 \u00ab\u00a0trait\u00e9 comme du b\u00e9tail\u00a0\u00bb par la police fran\u00e7aise.<\/p>\n<p class=\"article-p mdl\">\u00ab\u00a0<strong>Un z\u00e8le excessif <\/strong>de la part des forces de l&rsquo;ordre et un manque de bon sens (peut-\u00eatre d\u00e9lib\u00e9r\u00e9) ont rendu la <strong>situation inconfortable et franchement dangereuse<\/strong>\u00ab\u00a0, regrette-t-il dans les colonnes du quotidien britannique.<\/p>\n<p class=\"article-p mdl\">Le d\u00e9placement des pr\u00e8s de 3.500 supporters de Newcastle \u00e0 Marseille \u00e9tait <strong>redout\u00e9 et strictement encadr\u00e9<\/strong> par les forces de l&rsquo;ordre, afin d&rsquo;\u00e9viter tout d\u00e9bordement. 1.000 policiers \u00e9taient d\u00e9ploy\u00e9s dans la cite phoc\u00e9enne. Ce qui n&rsquo;a pas emp\u00each\u00e9 quelques affrontements entre fans des deux camps d\u00e8s lundi soir, \u00e0 la veille de la rencontre.<\/p>\n<p>            Newcastle r\u00e9clame l&rsquo;ouverture d&rsquo;une enqu\u00eate officielle<\/p>\n<p class=\"article-p mdl\">La Pr\u00e9fecture de police des Bouches-du-Rh\u00f4ne n&rsquo;a pas tard\u00e9 \u00e0 r\u00e9agir au communiqu\u00e9 du club anglais. \u00ab\u00a0La s\u00e9curisation de la rencontre [&#8230;] a \u00e9t\u00e9 <strong>pr\u00e9par\u00e9e bien en amont<\/strong>, en lien avec l\u2019UEFA et les clubs : deux r\u00e9unions en pr\u00e9fecture et une r\u00e9union au stade sous l\u2019\u00e9gide de l\u2019UEFA\u00a0\u00bb, a-t-elle d\u00e9taill\u00e9 aupr\u00e8s de \u00ab\u00a0La Provence\u00a0\u00bb.<\/p>\n<p>\u00ab\u00a0L&rsquo;objectif du dispositif de s\u00e9curit\u00e9 a \u00e9t\u00e9 atteint : pas d&rsquo;agression ou de heurts entre supporters hormis un fait isol\u00e9 ailleurs dans la ville plus tard dans la nuit, interrompu gr\u00e2ce \u00e0 une intervention rapide de la police. [\u2026] <strong>La police a eu une attitude bienveillante<\/strong> tout au long du dispositif\u00a0\u00bb, se d\u00e9fend la pr\u00e9fecture.<\/p>\n<p>Newcastle entend faire toute la lumi\u00e8re sur ces \u00e9v\u00e9nements. \u00ab\u00a0Nous demanderons \u00e0 l&rsquo;UEFA, \u00e0 l&rsquo;Olympique de Marseille et aux autorit\u00e9s locales d&rsquo;<strong>ouvrir une enqu\u00eate officielle<\/strong> sur cette affaire afin de tirer les le\u00e7ons qui s&rsquo;imposent et d&rsquo;\u00e9viter que de tels comportements ne se reproduisent\u00a0\u00bb, indique le club en conclusion de son communiqu\u00e9.<\/p>\n<p>    La r\u00e9daction vous recommande<\/p>\n<p class=\"s-newsletter__title\">\n                L\u2019actualit\u00e9 par la r\u00e9daction de RTL dans votre bo\u00eete mail.\n            <\/p>\n<p class=\"s-newsletter__subtitle\">\n                Gr\u00e2ce \u00e0 votre compte RTL abonnez-vous \u00e0 la newsletter RTL info pour suivre toute l&rsquo;actualit\u00e9 au quotidien\n            <\/p>\n<p>\n                                    Lire la suite\n                                <\/p>\n<p>                            <script async src=\"https:\/\/platform.twitter.com\/widgets.js\" charset=\"utf-8\"><\/script><\/p>\n","protected":false},"excerpt":{"rendered":"Les fans de Newcastle ne garderont pas un tr\u00e8s bon souvenir de leur d\u00e9placement \u00e0 Marseille. Outre la&hellip;\n","protected":false},"author":2,"featured_media":562639,"comment_status":"","ping_status":"","sticky":false,"template":"","format":"standard","meta":{"footnotes":""},"categories":[2814],"tags":[1111,11,1777,674,107,63,1011,27,447,884,19739,12,1176,1072,882,25],"class_list":{"0":"post-562638","1":"post","2":"type-post","3":"status-publish","4":"format-standard","5":"has-post-thumbnail","7":"category-marseille","8":"tag-actu","9":"tag-actualites","10":"tag-eu","11":"tag-europe","12":"tag-fil-info","13":"tag-football","14":"tag-fr","15":"tag-france","16":"tag-ligue-des-champions","17":"tag-marseille","18":"tag-newcastle","19":"tag-news","20":"tag-olympique-de-marseille","21":"tag-police","22":"tag-provence-alpes-cote-dazur","23":"tag-republique-francaise"},"share_on_mastodon":{"url":"https:\/\/pubeurope.com\/@fr\/115622628898997527","error":""},"_links":{"self":[{"href":"https:\/\/www.europesays.com\/fr\/wp-json\/wp\/v2\/posts\/562638","targetHints":{"allow":["GET"]}}],"collection":[{"href":"https:\/\/www.europesays.com\/fr\/wp-json\/wp\/v2\/posts"}],"about":[{"href":"https:\/\/www.europesays.com\/fr\/wp-json\/wp\/v2\/types\/post"}],"author":[{"embeddable":true,"href":"https:\/\/www.europesays.com\/fr\/wp-json\/wp\/v2\/users\/2"}],"replies":[{"embeddable":true,"href":"https:\/\/www.europesays.com\/fr\/wp-json\/wp\/v2\/comments?post=562638"}],"version-history":[{"count":0,"href":"https:\/\/www.europesays.com\/fr\/wp-json\/wp\/v2\/posts\/562638\/revisions"}],"wp:featuredmedia":[{"embeddable":true,"href":"https:\/\/www.europesays.com\/fr\/wp-json\/wp\/v2\/media\/562639"}],"wp:attachment":[{"href":"https:\/\/www.europesays.com\/fr\/wp-json\/wp\/v2\/media?parent=562638"}],"wp:term":[{"taxonomy":"category","embeddable":true,"href":"https:\/\/www.europesays.com\/fr\/wp-json\/wp\/v2\/categories?post=562638"},{"taxonomy":"post_tag","embeddable":true,"href":"https:\/\/www.europesays.com\/fr\/wp-json\/wp\/v2\/tags?post=562638"}],"curies":[{"name":"wp","href":"https:\/\/api.w.org\/{rel}","templated":true}]}}