{"id":562640,"date":"2025-11-27T16:34:13","date_gmt":"2025-11-27T16:34:13","guid":{"rendered":"https:\/\/www.europesays.com\/fr\/562640\/"},"modified":"2025-11-27T16:34:13","modified_gmt":"2025-11-27T16:34:13","slug":"pres-de-lyon-la-police-ouvre-le-coffre-fort-bien-charge-un-business-crapuleux-tombe","status":"publish","type":"post","link":"https:\/\/www.europesays.com\/fr\/562640\/","title":{"rendered":"Pr\u00e8s de Lyon. La police ouvre le coffre-fort bien charg\u00e9, un business crapuleux tombe"},"content":{"rendered":"<p>                    Par<br \/>\n        <strong><br \/>\n            <a href=\"https:\/\/actu.fr\/auteur\/julien-damboise\" title=\"Consulter tous les articles de Julien Damboise\" target=\"_blank\" rel=\"noopener\">Julien Damboise<\/a><br \/>\n                    <\/strong><\/p>\n<p>        Publi\u00e9 le<\/p>\n<p>            27 nov. 2025 \u00e0 17h08        <\/p>\n<p>La police continue de <strong>traquer les trafiquants<\/strong> de drogues dans la m\u00e9tropole de <a href=\"https:\/\/actu.fr\/lyon\/\" target=\"_blank\" rel=\"noopener\">Lyon<\/a>. Cette semaine, une op\u00e9ration \u00e0 <a href=\"https:\/\/actu.fr\/auvergne-rhone-alpes\/villeurbanne_69266\" target=\"_blank\" rel=\"noopener\">Villeurbanne<\/a> s\u2019est d\u00e9roul\u00e9e avec \u00e0 la cl\u00e9 des d\u00e9couvertes dans un <strong>coffre-fort\u00a0<\/strong>install\u00e9 dans un appartement utilis\u00e9 par les narcotrafiquants.\u00a0<\/p>\n<p>    <a href=\"https:\/\/www.google.com\/maps\/embed?pb=!1m18!1m12!1m3!1d2655.202656645268!2d4.886790485058487!3d45.773126978143736!2m3!1f0!2f0!3f0!3m2!1i1024!2i768!4f13.1!3m3!1m2!1s0x47f4c03973647a61%3A0xfc207a44cf4bcda5!2s24%20Rue%20Pierre-Joseph%20Proudhon%2C%2069100%20Villeurbanne!5e1!3m2!1sfr!2sfr!4v1764256480934!5m2!1sfr!2sfr\" title=\"Ouvrie le lien\" target=\"_blank\" rel=\"noopener\">Cliquez ici pour visualiser le contenu<\/a><\/p>\n<p>Un trafic \u00ab\u00a0bien implant\u00e9\u00a0\u00bb<\/p>\n<p class=\" wall-content\">Apr\u00e8s <strong>cinq jours de surveillance<\/strong> du point de deal consid\u00e9r\u00e9 comme \u00ab\u00a0bien implant\u00e9\u00a0\u00bb par les autorit\u00e9s, les forces de l\u2019ordre ont d\u00e9termin\u00e9 que ce lieu de <a href=\"https:\/\/actu.fr\/tag\/drogue\" target=\"_blank\" rel=\"noopener\">trafic de stup\u00e9fiants<\/a> \u00e9tait g\u00e9r\u00e9 notamment avec un \u00ab\u00a0charbonneur\u00a0\u00bb, le dealer, ainsi que deux individus charg\u00e9s du ravitaillement de la mati\u00e8re vendue.<\/p>\n<p class=\" wall-content\">Les agents du groupe de s\u00e9curit\u00e9 de proximit\u00e9 (GSP) ont aussi identifi\u00e9 un appartement nourrice, servant de lieu de stockage. Apr\u00e8s l\u2019interception d\u2019un acheteur \u00e2g\u00e9 de 24 ans<strong> vers 15 h ce mardi<\/strong> 25 novembre, un habitant de la commune, une op\u00e9ration sp\u00e9ciale a \u00e9t\u00e9 lanc\u00e9e.<\/p>\n<p>Un coffre-fort bien rempli<\/p>\n<p class=\" wall-content\">Apr\u00e8s trois premi\u00e8res arrestations, donc celles d\u2019un ravitailleur et du \u00ab\u00a0charbonneur\u00a0\u00bb \u00e2g\u00e9s d\u2019une vingtaine d\u2019ann\u00e9es, les policiers ont <strong>fonc\u00e9 vers l\u2019appartement suspect<\/strong> avec l\u2019espoir de mettre la main sur les r\u00e9serves des narcotrafiquants.<\/p>\n<p class=\" wall-content\">Alors que deux autres personnes \u00e9taient menott\u00e9es dans le logement, un coffre-fort a \u00e9t\u00e9 d\u00e9couvert. \u00c0 l\u2019int\u00e9rieur, <strong>6,5 kg de r\u00e9sine et d\u2019herbe de cannabis<\/strong> ont \u00e9t\u00e9 retrouv\u00e9s, mais pas seulement. Plus inqui\u00e9tant encore, les agents ont aussi mis la main sur <strong>une arme de poing<\/strong> ainsi que des cartouches.<\/p>\n<p class=\" wall-content\">Tous les protagonistes, sur qui un total de 1 300 euros en liquide ont \u00e9t\u00e9 r\u00e9cup\u00e9r\u00e9s, ont \u00e9t\u00e9 plac\u00e9s en <strong>garde \u00e0 vue<\/strong> et devaient \u00eatre interrog\u00e9s dans le cadre de l\u2019enqu\u00eate ouverte.\u00a0<\/p>\n<p class=\" wall-content\">Personnalisez votre actualit\u00e9 en ajoutant vos villes et m\u00e9dias en favori avec <a href=\"https:\/\/moncompte.actu.fr\" title=\"D\u00e9couvez Mon Actu\" rel=\"nofollow noopener\" data-trk=\"{&quot;cta&quot;:{&quot;action&quot;:&quot;https:\\\/\\\/moncompte.actu.fr&quot;,&quot;category&quot;:&quot;mon compte&quot;,&quot;from&quot;:&quot;article footer&quot;,&quot;name&quot;:&quot;Mon actu&quot;,&quot;type&quot;:&quot;cta&quot;}}\" target=\"_blank\">Mon Actu<\/a>.<\/p>\n","protected":false},"excerpt":{"rendered":"Par Julien Damboise Publi\u00e9 le 27 nov. 2025 \u00e0 17h08 La police continue de traquer les trafiquants de&hellip;\n","protected":false},"author":2,"featured_media":20298,"comment_status":"","ping_status":"","sticky":false,"template":"","format":"standard","meta":{"footnotes":""},"categories":[1889],"tags":[1111,11,2430,1052,1777,674,118,1011,27,2428,813,12,1072,25],"class_list":{"0":"post-562640","1":"post","2":"type-post","3":"status-publish","4":"format-standard","5":"has-post-thumbnail","7":"category-lyon","8":"tag-actu","9":"tag-actualites","10":"tag-auvergne-rhone-alpes","11":"tag-drogue","12":"tag-eu","13":"tag-europe","14":"tag-faits-divers","15":"tag-fr","16":"tag-france","17":"tag-lyon","18":"tag-narcotrafiquants","19":"tag-news","20":"tag-police","21":"tag-republique-francaise"},"share_on_mastodon":{"url":"https:\/\/pubeurope.com\/@fr\/115622632965376383","error":""},"_links":{"self":[{"href":"https:\/\/www.europesays.com\/fr\/wp-json\/wp\/v2\/posts\/562640","targetHints":{"allow":["GET"]}}],"collection":[{"href":"https:\/\/www.europesays.com\/fr\/wp-json\/wp\/v2\/posts"}],"about":[{"href":"https:\/\/www.europesays.com\/fr\/wp-json\/wp\/v2\/types\/post"}],"author":[{"embeddable":true,"href":"https:\/\/www.europesays.com\/fr\/wp-json\/wp\/v2\/users\/2"}],"replies":[{"embeddable":true,"href":"https:\/\/www.europesays.com\/fr\/wp-json\/wp\/v2\/comments?post=562640"}],"version-history":[{"count":0,"href":"https:\/\/www.europesays.com\/fr\/wp-json\/wp\/v2\/posts\/562640\/revisions"}],"wp:featuredmedia":[{"embeddable":true,"href":"https:\/\/www.europesays.com\/fr\/wp-json\/wp\/v2\/media\/20298"}],"wp:attachment":[{"href":"https:\/\/www.europesays.com\/fr\/wp-json\/wp\/v2\/media?parent=562640"}],"wp:term":[{"taxonomy":"category","embeddable":true,"href":"https:\/\/www.europesays.com\/fr\/wp-json\/wp\/v2\/categories?post=562640"},{"taxonomy":"post_tag","embeddable":true,"href":"https:\/\/www.europesays.com\/fr\/wp-json\/wp\/v2\/tags?post=562640"}],"curies":[{"name":"wp","href":"https:\/\/api.w.org\/{rel}","templated":true}]}}