{"id":562641,"date":"2025-11-27T16:35:18","date_gmt":"2025-11-27T16:35:18","guid":{"rendered":"https:\/\/www.europesays.com\/fr\/562641\/"},"modified":"2025-11-27T16:35:18","modified_gmt":"2025-11-27T16:35:18","slug":"lyon-demenager-le-marche-de-noel-a-bellecour-fait-parler-ce-quen-pensent-les-commercants","status":"publish","type":"post","link":"https:\/\/www.europesays.com\/fr\/562641\/","title":{"rendered":"Lyon. D\u00e9m\u00e9nager le march\u00e9 de No\u00ebl \u00e0 Bellecour fait parler, ce qu&rsquo;en pensent les commer\u00e7ants"},"content":{"rendered":"<p>                    Par<br \/>\n        <strong><br \/>\n            <a href=\"https:\/\/actu.fr\/auteur\/julien-sournies\" title=\"Consulter tous les articles de Julien Sournies\" target=\"_blank\" rel=\"noopener\">Julien Sournies<\/a><br \/>\n                    <\/strong><\/p>\n<p>        Publi\u00e9 le<\/p>\n<p>            27 nov. 2025 \u00e0 17h01        <\/p>\n<p>Le <a href=\"https:\/\/actu.fr\/auvergne-rhone-alpes\/lyon_69123\/lyon-le-marche-de-noel-de-retour-100-chalets-horaires-dates-a-quoi-s-attendre_63432618.html\" target=\"_blank\" rel=\"noopener\">march\u00e9 de No\u00ebl<\/a> cohabitera-t-il un jour avec Tissage urbain et la statue de Louis XIV \u00e0 <a href=\"https:\/\/actu.fr\/lyon\/\" target=\"_blank\" rel=\"noopener\">Lyon<\/a>\u2009? En septembre dernier, une <a href=\"https:\/\/actu.fr\/auvergne-rhone-alpes\/lyon_69123\/lyon-un-marche-de-noel-magistral-et-geant-place-bellecour-la-proposition-d-un-lyonnais_63149902.html\" target=\"_blank\" rel=\"noopener\">p\u00e9tition en ce sens<\/a>, intitul\u00e9e \u00ab\u2009Pour un march\u00e9 de No\u00ebl magistral \u00e0 Bellecour\u2009: f\u00e9\u00e9rique, \u00e9cologique et international\u2009\u00bb, a \u00e9t\u00e9 lanc\u00e9e pour le transf\u00e9rer de la place Carnot vers la plus grande place de la capitale des Gaules. Alors qu\u2019il est habit\u00e9 par quelque 100 chalets cet hiver, ce march\u00e9 de No\u00ebl se verrait plus cons\u00e9quent avec <strong>250 \u00e0 300 chalets<\/strong>, un grand sapin, une patinoire ou encore un carrousel pour les enfants.<br \/>Sur la place, cette id\u00e9e fait sourire les commer\u00e7ants. Si certains \u00e9mettent quelques r\u00e9serves, une bonne partie des exposants et artisans ne se disent pas contre une d\u00e9localisation.<\/p>\n<p>\u00ab\u2009L\u2019ambiance y serait plus f\u00e9\u00e9rique\u2009\u00bb<\/p>\n<p class=\" wall-content\">\u00ab\u2009Je pense que \u00e7a peut \u00eatre plus appropri\u00e9 \u00e0 la ville de Lyon et \u00e7a changerait aussi les habitudes des gens\u2009\u00bb, estime Samira. Pour cette artisane, il serait logique que la place Bellecour soit au c\u0153ur de tous les plus grands projets.<\/p>\n<p class=\" wall-content\">\u00ab\u2009Et puis, <strong>c\u2019est plus prestigieux<\/strong> l\u00e0-bas. Lyon, c\u2019est une grande ville, donc normalement, on devrait pouvoir \u00eatre en mesure de proposer un march\u00e9 de No\u00ebl \u00e0 la hauteur de celui de Strasbourg. Bellecour, c\u2019est Bellecour quoi, il faut que Lyon ait de l\u2019ambition. D\u2019ailleurs, je pense aussi que l\u2019ambiance y serait plus f\u00e9\u00e9rique, car ici \u00e7a manque un peu de d\u00e9coration\u2009\u00bb, poursuit-elle.<\/p>\n<p>    <img   decoding=\"async\" loading=\"lazy\" src=\"https:\/\/www.europesays.com\/fr\/wp-content\/uploads\/2025\/11\/bellecour-marche-de-noel-960x640.jpg\" alt=\"Le Lyonnais a imagin\u00e9, visuels \u00e0 l'appui, un immense march\u00e9 de No\u00ebl place Bellecour avec animations, patinoire ou encore grand sapin.\" width=\"960\" height=\"640\"\/><br \/>\n    Le Lyonnais a imagin\u00e9, visuels \u00e0 l\u2019appui, un immense march\u00e9 de No\u00ebl place Bellecour avec animations, patinoire ou encore grand sapin. (\u00a9Agence Gentleview)<\/p>\n<p class=\" wall-content\">Pour Dany, un march\u00e9 de No\u00ebl \u00e0 Bellecour serait \u00ab\u2009certainement une bonne affaire\u2009\u00bb. Au comptoir de son chalet canadien, cette Qu\u00e9b\u00e9coise s\u2019y voit d\u00e9j\u00e0\u2009: \u00ab\u2009C\u2019est plus grand, \u00e7a pourrait donner un look des grands et beaux march\u00e9s de No\u00ebl que l\u2019on peut retrouver en Alsace ou en Allemagne.\u2009\u00bb<\/p>\n<blockquote class=\"ac-article-quote wall-content\">\n<p>Puis surtout, il y a tellement de monde l\u00e0-bas. Quand je vois la fr\u00e9quentation ces derniers jours, je me dis comment pourrait-on avoir plus de monde ? Et Bellecour, c&rsquo;est \u00e9videmment le bon endroit.<\/p>\n<p>    <strong>Dany Gagn\u00e9<\/strong><br \/>\n        Commer\u00e7ante du march\u00e9 de No\u00ebl de Lyon depuis 2018    <\/p><\/blockquote>\n<p>\u00ab\u2009Il faut r\u00e9ussir \u00e0 la garnir, car si ce n\u2019est pas le cas, \u00e7a ferait un peu t\u00e2che\u2009\u00bb<\/p>\n<p class=\" wall-content\">M\u00eame son de cloche pour Thomas. Install\u00e9 sur la place Carnot depuis trois ans, ce dernier est enthousiaste \u00e0 l\u2019id\u00e9e de retrouver les chalets \u00e0 Bellecour dans les ann\u00e9es \u00e0 venir. \u00ab\u2009C\u2019est une place magnifique. Si l\u2019on veut un march\u00e9 de No\u00ebl d\u2019envergure, il est clair qu\u2019il faut s\u2019installer sur le lieu central de la ville, comme ils le font ailleurs.\u2009\u00bb<\/p>\n<p>Votre r\u00e9gion, votre actu !<\/p>\n<p>Recevez chaque jour les infos qui comptent pour vous.<\/p>\n<p>\t<a href=\"https:\/\/actu.fr\/newsletter\" class=\"ac-btn ac-btn--corner ac-btn--medium ac-btn--blue800\" target=\"_blank\" rel=\"noopener\">S&rsquo;incrire<\/a><\/p>\n<p class=\" wall-content\">De son c\u00f4t\u00e9, Guillaume se montre partag\u00e9 devant un \u00e9ventuel d\u00e9m\u00e9nagement. \u00ab\u2009Ce ne serait pas forc\u00e9ment une mauvaise id\u00e9e, c\u2019est s\u00fbr\u2009: c\u2019est une grande place, belle et cela ram\u00e8nerait du monde. Le seul probl\u00e8me toutefois, c\u2019est de savoir s\u2019il y aurait assez d\u2019exposants pr\u00eats \u00e0 s\u2019installer sur la place.<strong> Il faut r\u00e9ussir \u00e0 la garnir<\/strong>, car si ce n\u2019est pas le cas, \u00e7a ferait un peu t\u00e2che\u2009\u00bb, appuie-t-il.<\/p>\n<p>    <img   decoding=\"async\" loading=\"lazy\" src=\"https:\/\/www.europesays.com\/fr\/wp-content\/uploads\/2025\/11\/marche-de-noel-lyon-2-960x640.jpg\" alt=\"Le march\u00e9 de No\u00ebl de Lyon est situ\u00e9 sur la place Carnot, en Presqu'\u00eele.\" width=\"960\" height=\"640\"\/><br \/>\n    Le march\u00e9 de No\u00ebl de Lyon d\u00e9m\u00e9nagera-t-il place Bellecour \u00e0 l\u2019avenir\u2009? (\u00a9Julien Sournies \/ actu Lyon)<\/p>\n<p class=\" wall-content\">Pour V\u00e9ronique, en revanche, un changement d\u2019adresse ne s\u2019accompagnerait pas inexorablement d\u2019une hausse de la fr\u00e9quentation\u2009: \u00ab\u2009C\u00f4t\u00e9 s\u00e9curit\u00e9, ce serait aussi beaucoup plus difficile avec toute la circulation qu\u2019il y a autour. De plus, j\u2019imagine mal un march\u00e9 cloisonn\u00e9 sur une aussi grande place.\u2009\u00bb<\/p>\n<p class=\" wall-content\">Si cette p\u00e9tition recueille de nombreux partisans avec plus de <a href=\"https:\/\/www.mesopinions.com\/petition\/art-culture\/marche-noel-magistral-a-bellecour-feerique\/250795\" target=\"_blank\" rel=\"noopener\">11\u2009000 signatures <\/a>et\u00a0l\u2019approbation de plusieurs artisans, une d\u00e9localisation du march\u00e9 de No\u00ebl ne sera pas pour l\u2019ann\u00e9e prochaine, ni celle d\u2019apr\u00e8s. En cause\u2009: le march\u00e9 de la D\u00e9l\u00e9gation de service public (DSP), confi\u00e9e \u00e0 la SAS F\u00e9\u00e9rie de No\u00ebl pour l\u2019organisation du march\u00e9, doit \u00eatre renouvel\u00e9 en <strong>2028<\/strong>.<\/p>\n<p>\u00ab\u2009Jusqu\u2019\u00e0 la fin du mandat, il n\u2019y a pas de sujet\u2009\u00bb<\/p>\n<p class=\" wall-content\">En outre, du c\u00f4t\u00e9 de la municipalit\u00e9, l\u2019id\u00e9e de d\u00e9placer le march\u00e9 de No\u00ebl semble peu convaincre, l\u2019adjointe au maire en charge du commerce, Camille Augey, estimant qu\u2019il n\u2019y a \u00ab\u2009pas de sujet\u2009\u00bb et que la place Carnot reste le \u00ab\u2009meilleur endroit\u2009\u00bb.<\/p>\n<p class=\" wall-content\">Reste donc \u00e0 savoir si la prochaine municipalit\u00e9 se penchera sur ce dossier en 2026. En tout cas, dans le camp de <a href=\"https:\/\/actu.fr\/auvergne-rhone-alpes\/lyon_69123\/lyon-jean-michel-aulas-l-interview-evenement-ses-promesses-exclusives-s-il-est-maire_63489342.html\" target=\"_blank\" rel=\"noopener\">Jean-Michel Aulas<\/a>, grand favori \u00e0 la mairie de <a href=\"https:\/\/actu.fr\/lyon\/\" target=\"_blank\" rel=\"noopener\">Lyon<\/a>, cette initiative avait convaincu l\u2019une de ses <a href=\"https:\/\/actu.fr\/auvergne-rhone-alpes\/lyon_69123\/municipales-2026-a-lyon-jean-michel-aulas-a-choisi-qui-dirige-sa-campagne-voici-les-noms_63462763.html\" target=\"_blank\" rel=\"noopener\">trois directrices de campagne<\/a>, B\u00e9atrice de Montille, laquelle avait notamment salu\u00e9 \u00ab\u2009une belle initiative citoyenne, f\u00e9erique et lumineuse\u2009\u00bb.<\/p>\n<p class=\" wall-content\">Personnalisez votre actualit\u00e9 en ajoutant vos villes et m\u00e9dias en favori avec <a href=\"https:\/\/moncompte.actu.fr\" title=\"D\u00e9couvez Mon Actu\" rel=\"nofollow noopener\" data-trk=\"{&quot;cta&quot;:{&quot;action&quot;:&quot;https:\\\/\\\/moncompte.actu.fr&quot;,&quot;category&quot;:&quot;mon compte&quot;,&quot;from&quot;:&quot;article footer&quot;,&quot;name&quot;:&quot;Mon actu&quot;,&quot;type&quot;:&quot;cta&quot;}}\" target=\"_blank\">Mon Actu<\/a>.<\/p>\n","protected":false},"excerpt":{"rendered":"Par Julien Sournies Publi\u00e9 le 27 nov. 2025 \u00e0 17h01 Le march\u00e9 de No\u00ebl cohabitera-t-il un jour avec&hellip;\n","protected":false},"author":2,"featured_media":562642,"comment_status":"","ping_status":"","sticky":false,"template":"","format":"standard","meta":{"footnotes":""},"categories":[1889],"tags":[1111,11,2430,5272,1777,674,1011,27,2428,12,15830,25,104],"class_list":{"0":"post-562641","1":"post","2":"type-post","3":"status-publish","4":"format-standard","5":"has-post-thumbnail","7":"category-lyon","8":"tag-actu","9":"tag-actualites","10":"tag-auvergne-rhone-alpes","11":"tag-bellecour","12":"tag-eu","13":"tag-europe","14":"tag-fr","15":"tag-france","16":"tag-lyon","17":"tag-news","18":"tag-noel","19":"tag-republique-francaise","20":"tag-societe"},"share_on_mastodon":{"url":"https:\/\/pubeurope.com\/@fr\/115622638055895855","error":""},"_links":{"self":[{"href":"https:\/\/www.europesays.com\/fr\/wp-json\/wp\/v2\/posts\/562641","targetHints":{"allow":["GET"]}}],"collection":[{"href":"https:\/\/www.europesays.com\/fr\/wp-json\/wp\/v2\/posts"}],"about":[{"href":"https:\/\/www.europesays.com\/fr\/wp-json\/wp\/v2\/types\/post"}],"author":[{"embeddable":true,"href":"https:\/\/www.europesays.com\/fr\/wp-json\/wp\/v2\/users\/2"}],"replies":[{"embeddable":true,"href":"https:\/\/www.europesays.com\/fr\/wp-json\/wp\/v2\/comments?post=562641"}],"version-history":[{"count":0,"href":"https:\/\/www.europesays.com\/fr\/wp-json\/wp\/v2\/posts\/562641\/revisions"}],"wp:featuredmedia":[{"embeddable":true,"href":"https:\/\/www.europesays.com\/fr\/wp-json\/wp\/v2\/media\/562642"}],"wp:attachment":[{"href":"https:\/\/www.europesays.com\/fr\/wp-json\/wp\/v2\/media?parent=562641"}],"wp:term":[{"taxonomy":"category","embeddable":true,"href":"https:\/\/www.europesays.com\/fr\/wp-json\/wp\/v2\/categories?post=562641"},{"taxonomy":"post_tag","embeddable":true,"href":"https:\/\/www.europesays.com\/fr\/wp-json\/wp\/v2\/tags?post=562641"}],"curies":[{"name":"wp","href":"https:\/\/api.w.org\/{rel}","templated":true}]}}