{"id":562645,"date":"2025-11-27T16:38:14","date_gmt":"2025-11-27T16:38:14","guid":{"rendered":"https:\/\/www.europesays.com\/fr\/562645\/"},"modified":"2025-11-27T16:38:14","modified_gmt":"2025-11-27T16:38:14","slug":"municipales-les-deux-secteurs-cles-que-rachida-dati-promet-de-degraisser-pour-reduire-la-dette-de-paris","status":"publish","type":"post","link":"https:\/\/www.europesays.com\/fr\/562645\/","title":{"rendered":"Municipales. Les deux secteurs cl\u00e9s que Rachida Dati promet de d\u00e9graisser pour r\u00e9duire la dette de Paris"},"content":{"rendered":"<p>                    Par<br \/>\n        <strong><br \/>\n            <a href=\"https:\/\/actu.fr\/auteur\/julie-bossart-actu-fr\" title=\"Consulter tous les articles de Julie Bossart\" target=\"_blank\" rel=\"noopener\">Julie Bossart<\/a><br \/>\n                    <\/strong><\/p>\n<p>        Publi\u00e9 le<\/p>\n<p>            27 nov. 2025 \u00e0 14h09        <\/p>\n<p>Entre \u00ab\u2009600\u00a0millions et un milliard d\u2019euros\u2009\u00bb, c\u2019est le montant des \u00e9conomies que chercherait \u00e0 r\u00e9aliser <a href=\"https:\/\/actu.fr\/tag\/rachida-dati\" target=\"_blank\" rel=\"noopener\">Rachida Dati<\/a>, si elle \u00e9tait \u00e9lue en mars\u00a02026 maire de Paris. L\u2019objectif est double pour la candidate LR\u2009: contribuer au redressement des finances de la capitale, endett\u00e9e \u00e0 hauteur de 9,3\u00a0milliards d\u2019euros, et utiliser en partie les \u00e9conomies d\u00e9gag\u00e9es sur l\u2019ensemble de sa mandature afin de renforcer des politiques de s\u00e9curit\u00e9 et de propret\u00e9, indique-t-elle dans un entretien aux <a href=\"https:\/\/www.lesechos.fr\/elections\/municipales\/municipales-a-paris-le-plan-de-rachida-dati-pour-reduire-la-dette-2201169\" target=\"_blank\" rel=\"noopener\">\u00c9chos<\/a>, ce jeudi 27\u00a0novembre 2025.<br \/>Pour y parvenir, la maire du 7e arrondissement compte r\u00e9duire les d\u00e9penses li\u00e9es au <a href=\"https:\/\/actu.fr\/ile-de-france\/paris_75056\/les-principaux-bailleurs-sociaux-de-paris-annoncent-le-gel-des-loyers-226-000-foyers-concernes_63492220.html\" target=\"_blank\" rel=\"noopener\">logement social<\/a> et ma\u00eetriser le co\u00fbt de fonctionnement de l\u2019<a href=\"https:\/\/actu.fr\/tag\/mairie-de-paris\" target=\"_blank\" rel=\"noopener\">H\u00f4tel de Ville<\/a>.<\/p>\n<p>R\u00e9duire la pr\u00e9emption pour miser sur la r\u00e9novation<\/p>\n<p class=\" wall-content\">En ce qui concerne le premier axe de son plan, la candidate affirme qu\u2019elle limitera \u00ab\u2009drastiquement\u2009\u00bb la pr\u00e9emption d\u2019immeubles pour les transformer en logements sociaux, ce qui permettrait de d\u00e9gager \u00ab\u2009100\u00a0millions d\u2019euros par an pour un grand plan de r\u00e9novation du parc social\u2009\u00bb. Elle n\u2019entend pas non plus aller au-del\u00e0 des 25\u2009% de logements sociaux, objectif fix\u00e9 par la loi SRU, aujourd\u2019hui atteint sur l\u2019ensemble de la capitale malgr\u00e9 un <a href=\"https:\/\/actu.fr\/societe\/carte-quels-sont-les-quartiers-a-paris-qui-comptent-le-plus-de-logements-sociaux_38588056.html\" target=\"_blank\" rel=\"noopener\">net d\u00e9s\u00e9quilibre<\/a> entre les arrondissements de l\u2019est et de l\u2019ouest.<\/p>\n<p class=\" wall-content\">Quant au deuxi\u00e8me axe, Rachida Dati pense d\u00e9gager \u00ab\u200965\u00a0millions d\u2019euros d\u2019\u00e9conomies en r\u00e9duisant le train de vie\u2009\u00bb de la Mairie o\u00f9 travaillent 53\u2009000 agents. Avec une diminution \u00ab\u2009des postes de bureaux pour mettre plus de monde sur le terrain, pour la propret\u00e9, les cr\u00e8ches, la s\u00e9curit\u00e9\u2009\u00bb.\u00a0Son concurrent <a href=\"https:\/\/actu.fr\/ile-de-france\/paris_75056\/consensuel-inconnu-qui-est-pierre-yves-bournazel-l-anti-dati-a-droite-pour-les-municipales-a-paris_63365132.html\" target=\"_blank\" rel=\"noopener\">Pierre-Yves Bournazel<\/a>, candidat Horizons aux municipales <a href=\"https:\/\/actu.fr\/ile-de-france\/paris_75056\/municipales-2026-a-paris-renaissance-investit-pierre-yves-bournazel-aux-depens-de-rachida-dati_63364694.html\" target=\"_blank\" rel=\"noopener\">soutenu par Renaissance<\/a>, a pr\u00e9sent\u00e9 la semaine derni\u00e8re un plan d\u2019\u00e9conomies de 400\u00a0millions d\u2019euros en s\u2019attaquant aux \u00ab\u2009privil\u00e8ges\u2009\u00bb de l\u2019H\u00f4tel de ville.<\/p>\n<p class=\" wall-content\">Au passage, la maire du 7e arrondissement tacle \u00ab\u2009les d\u00e9rives dans les notes de frais\u2009\u00bb, apr\u00e8s la <a href=\"https:\/\/actu.fr\/ile-de-france\/paris_75056\/shopping-voyages-sous-la-pression-anne-hidalgo-revele-ses-notes-de-frais-et-souleve-l-indignation_63178904.html\" target=\"_blank\" rel=\"noopener\">pol\u00e9mique sur les frais<\/a> de repr\u00e9sentation de l\u2019\u00e9dile socialiste et son voyage \u00e0 Tahiti.<br \/>\u00ab\u2009On peut me reprocher ce qu\u2019on veut, mais je n\u2019ai jamais \u00e9t\u00e9 mise en cause pour de l\u2019argent public\u2009\u00bb, se d\u00e9fend Rachida Dati, qui doit compara\u00eetre devant le tribunal correctionnel en septembre\u00a02026 pour <a href=\"https:\/\/actu.fr\/ile-de-france\/paris_75056\/municipales-2026-a-paris-renvoyee-en-proces-pour-corruption-rachida-dati-ne-renoncera-en-rien_62944968.html\" target=\"_blank\" rel=\"noopener\">corruption et trafic d\u2019influence<\/a>, soup\u00e7onn\u00e9e d\u2019avoir touch\u00e9 de l\u2019argent pour faire du lobbying en faveur de Renault-Nissan quand elle \u00e9tait eurod\u00e9put\u00e9e. Des charges qu\u2019elle conteste.<\/p>\n<p>\u00ab\u2009Pas de hausses d\u2019imp\u00f4ts \u00bb<\/p>\n<p class=\" wall-content\">\u00ab\u2009Je ne ferai pas de hausses d\u2019imp\u00f4ts\u2009\u00bb, ajoute Rachida Dati, critiquant la \u00ab\u2009mauvaise gestion\u2009\u00bb de la maire PS sortante Anne Hidalgo, notamment la hausse de 52\u2009% du taux de la taxe fonci\u00e8re d\u00e9cid\u00e9e en 2023. Elle assure aussi que les subvenions municipales seront coup\u00e9es aux associations \u00ab\u2009dont l\u2019utilit\u00e9 est trop \u00e9loign\u00e9e des Parisiens, dont celles \u00e0 l\u2019international\u2009\u00bb.<\/p>\n<p class=\" wall-content\">Selon la candidate LR, ce plan devrait selon elle permettre \u00ab\u2009d\u2019amorcer un d\u00e9sendettement avant la fin de la mandature\u2009\u00bb, alors que la chambre r\u00e9gionale a \u00e9pingl\u00e9 en septembre la situation financi\u00e8re \u00ab\u2009d\u00e9grad\u00e9e\u2009\u00bb de la Ville, dont la dette a explos\u00e9 en dix ans.<\/p>\n<p class=\" wall-content\">Un r\u00e9cent sondage donne Rachida Dati <a href=\"https:\/\/actu.fr\/ile-de-france\/paris_75056\/municipales-2026-a-paris-rachida-dati-remporterait-le-premier-tour-le-second-tour-serait-plus-delicat_63395616.html\" target=\"_blank\" rel=\"noopener\">en t\u00eate du premier tour<\/a> en mars\u00a02026 (28\u2009%), devant le candidat socialiste Emmanuel Gr\u00e9goire (22\u2009%) et Pierre-Yves Bournazel (15\u2009%).<\/p>\n<p class=\" wall-content\">avec AFP<\/p>\n<p class=\" wall-content\">Personnalisez votre actualit\u00e9 en ajoutant vos villes et m\u00e9dias en favori avec <a href=\"https:\/\/moncompte.actu.fr\" title=\"D\u00e9couvez Mon Actu\" rel=\"nofollow noopener\" data-trk=\"{&quot;cta&quot;:{&quot;action&quot;:&quot;https:\\\/\\\/moncompte.actu.fr&quot;,&quot;category&quot;:&quot;mon compte&quot;,&quot;from&quot;:&quot;article footer&quot;,&quot;name&quot;:&quot;Mon actu&quot;,&quot;type&quot;:&quot;cta&quot;}}\" target=\"_blank\">Mon Actu<\/a>.<\/p>\n","protected":false},"excerpt":{"rendered":"Par Julie Bossart Publi\u00e9 le 27 nov. 2025 \u00e0 14h09 Entre \u00ab\u2009600\u00a0millions et un milliard d\u2019euros\u2009\u00bb, c\u2019est le&hellip;\n","protected":false},"author":2,"featured_media":562646,"comment_status":"","ping_status":"","sticky":false,"template":"","format":"standard","meta":{"footnotes":""},"categories":[1888],"tags":[1111,1928,11,1927,4188,1777,674,1011,27,6459,2381,12,1926,626,1925,316,417,25],"class_list":{"0":"post-562645","1":"post","2":"type-post","3":"status-publish","4":"format-standard","5":"has-post-thumbnail","7":"category-paris","8":"tag-actu","9":"tag-actu-paris","10":"tag-actualites","11":"tag-actualites-paris","12":"tag-elections-municipales","13":"tag-eu","14":"tag-europe","15":"tag-fr","16":"tag-france","17":"tag-logements-sociaux","18":"tag-mairie-de-paris","19":"tag-news","20":"tag-news-paris","21":"tag-paris","22":"tag-paris-news","23":"tag-politique","24":"tag-rachida-dati","25":"tag-republique-francaise"},"share_on_mastodon":{"url":"https:\/\/pubeurope.com\/@fr\/115622648539434617","error":""},"_links":{"self":[{"href":"https:\/\/www.europesays.com\/fr\/wp-json\/wp\/v2\/posts\/562645","targetHints":{"allow":["GET"]}}],"collection":[{"href":"https:\/\/www.europesays.com\/fr\/wp-json\/wp\/v2\/posts"}],"about":[{"href":"https:\/\/www.europesays.com\/fr\/wp-json\/wp\/v2\/types\/post"}],"author":[{"embeddable":true,"href":"https:\/\/www.europesays.com\/fr\/wp-json\/wp\/v2\/users\/2"}],"replies":[{"embeddable":true,"href":"https:\/\/www.europesays.com\/fr\/wp-json\/wp\/v2\/comments?post=562645"}],"version-history":[{"count":0,"href":"https:\/\/www.europesays.com\/fr\/wp-json\/wp\/v2\/posts\/562645\/revisions"}],"wp:featuredmedia":[{"embeddable":true,"href":"https:\/\/www.europesays.com\/fr\/wp-json\/wp\/v2\/media\/562646"}],"wp:attachment":[{"href":"https:\/\/www.europesays.com\/fr\/wp-json\/wp\/v2\/media?parent=562645"}],"wp:term":[{"taxonomy":"category","embeddable":true,"href":"https:\/\/www.europesays.com\/fr\/wp-json\/wp\/v2\/categories?post=562645"},{"taxonomy":"post_tag","embeddable":true,"href":"https:\/\/www.europesays.com\/fr\/wp-json\/wp\/v2\/tags?post=562645"}],"curies":[{"name":"wp","href":"https:\/\/api.w.org\/{rel}","templated":true}]}}