{"id":562653,"date":"2025-11-27T16:42:26","date_gmt":"2025-11-27T16:42:26","guid":{"rendered":"https:\/\/www.europesays.com\/fr\/562653\/"},"modified":"2025-11-27T16:42:26","modified_gmt":"2025-11-27T16:42:26","slug":"vladimir-poutine-assure-que-la-russie-na-pas-lintention-dattaquer-leurope","status":"publish","type":"post","link":"https:\/\/www.europesays.com\/fr\/562653\/","title":{"rendered":"Vladimir Poutine assure que la Russie n&rsquo;a \u00ab\u00a0pas l&rsquo;intention d&rsquo;attaquer l&rsquo;Europe\u00a0\u00bb"},"content":{"rendered":"<p class=\"article-p mdl\">Vladimir Poutine aurait-il cherch\u00e9 \u00e0 rassurer les Europ\u00e9ens\u2026 ou \u00e0 se moquer d&rsquo;eux ? \u00ab\u00a0La Russie n&rsquo;a\u00a0<strong>pas l&rsquo;intention d&rsquo;attaquer l&rsquo;Europe<\/strong>\u00ab\u00a0, a d\u00e9clar\u00e9 le chef d&rsquo;Etat lors d&rsquo;une conf\u00e9rence de presse \u00e0 Bichkek (Kirghizstan),\u00a0en \u00e9touffant un rire. \u00ab\u00a0C&rsquo;est vraiment ridicule pour nous\u00a0\u00bb, a-t-il ajout\u00e9, qualifiant ces id\u00e9es europ\u00e9ennes de \u00ab\u00a0mensonges et d&rsquo;absurdit\u00e9s\u00a0\u00bb.<\/p>\n<p class=\"article-p mdl\">\u00ab\u00a0Peut-\u00eatre qu&rsquo;ils essaient simplement de cr\u00e9er une sorte d&rsquo;illusion pour leur population quand ils disent que la Russie se pr\u00e9pare \u00e0 attaquer et qu&rsquo;ils doivent renforcer leur industrie de d\u00e9fense\u00a0\u00bb, abonde le pr\u00e9sident russe.\u00a0<\/p>\n<p class=\"article-p mdl\">Ces d\u00e9clarations trouvent forc\u00e9ment un \u00e9cho dans le contexte national actuel, alors qu&rsquo;un responsable des arm\u00e9es a r\u00e9cemment d\u00e9clar\u00e9 qu&rsquo;il fallait\u00a0<a class=\"link\" href=\"https:\/\/www.rtl.fr\/actu\/international\/accepter-de-perdre-nos-enfants-le-chef-d-etat-major-des-armees-fabien-mandon-n-en-etait-pas-a-sa-premiere-mise-en-garde-7900568726\" target=\"_blank\" rel=\"noopener\">\u00ab\u00a0accepter de perdre nos enfants\u00a0\u00bb<\/a>\u00a0sur le front et qu&rsquo;<a class=\"link\" href=\"https:\/\/www.rtl.fr\/actu\/politique\/notre-nation-sera-forte-si-notre-jeunesse-est-unie-emmanuel-macron-officialise-la-creation-d-un-service-national-purement-militaire-7900571604\" target=\"_blank\" rel=\"noopener\">un service national \u00ab\u00a0purement militaire\u00a0\u00bb vient d&rsquo;\u00eatre cr\u00e9er<\/a>\u00a0par Emmanuel Macron.<\/p>\n<p>            La condition de Moscou pour \u00ab\u00a0cesser les hostilit\u00e9s\u00a0\u00bb<\/p>\n<p class=\"article-p mdl\">Au cours de cette conf\u00e9rence de presse, le chef du Kremlin a \u00e9galement affirm\u00e9 que Moscou cessera les hostilit\u00e9s en Ukraine si les forces de Kiev acceptent de se retirer\u00a0<a class=\"link\" href=\"https:\/\/www.rtl.fr\/actu\/international\/guerre-en-ukraine-quelles-regions-sont-revendiquees-par-poutine-et-pourquoi-ce-redecoupage-tend-les-negociations-7900531516\" target=\"_blank\" rel=\"noopener\">des territoires dont la Russie revendique l&rsquo;annexion<\/a>. \u00ab\u00a0Si elles ne partent pas, nous les chasserons par la force militaire\u00a0\u00bb, a-t-il ajout\u00e9.<\/p>\n<p class=\"article-p mdl\">Vladimir Poutine n&rsquo;a pas pr\u00e9cis\u00e9 s&rsquo;il parlait uniquement des r\u00e9gions de\u00a0<a class=\"link\" href=\"https:\/\/www.rtl.fr\/actu\/international\/guerre-en-ukraine-a-donetsk-les-premiers-villages-ont-ete-liberes-7900276357\" target=\"_blank\" rel=\"noopener\">Donetsk<\/a>\u00a0et de Lougansk, dans l&rsquo;est de l&rsquo;Ukraine, vues comme cible prioritaire par le Kremlin, ou \u00e9galement de celles de Kherson et Zaporijjia dans le sud. La Russie avait revendiqu\u00e9 en septembre 2022 l&rsquo;annexion de ces quatre territoires qu&rsquo;elle ne contr\u00f4le pas enti\u00e8rement.\u00a0<\/p>\n<p class=\"article-p mdl\">La cession par Kiev \u00e0 Moscou des r\u00e9gions de Donetsk et de Lougansk figuraient dans le\u00a0<a class=\"link\" href=\"https:\/\/www.rtl.fr\/actu\/international\/plan-de-paix-de-trump-front-russe-scandale-de-corruption-l-ukraine-de-nouveau-sous-pression-maximale-7900569130\" target=\"_blank\" rel=\"noopener\">plan originel en 28 points<\/a>\u00a0des Etats-Unis pour mettre fin \u00e0 la guerre en Ukraine, qui a \u00e9t\u00e9 per\u00e7u par beaucoup \u00e0 Kiev comme une capitulation.\u00a0<a class=\"link\" href=\"https:\/\/www.rtl.fr\/actu\/international\/guerre-en-ukraine-washington-evoque-d-immenses-progres-mais-des-details-sensibles-restent-a-regler-7900571085\" target=\"_blank\" rel=\"noopener\">Le texte a depuis \u00e9t\u00e9 remani\u00e9<\/a>\u00a0apr\u00e8s des consultations avec l&rsquo;Ukraine, o\u00f9 l&rsquo;\u00e9ventualit\u00e9 d&rsquo;un abandon de territoires est un sujet explosif apr\u00e8s quatre ans d&rsquo;invasion russe du pays.<\/p>\n<p>    La r\u00e9daction vous recommande<\/p>\n<p class=\"s-newsletter__title\">\n                L\u2019actualit\u00e9 par la r\u00e9daction de RTL dans votre bo\u00eete mail.\n            <\/p>\n<p class=\"s-newsletter__subtitle\">\n                Gr\u00e2ce \u00e0 votre compte RTL abonnez-vous \u00e0 la newsletter RTL info pour suivre toute l&rsquo;actualit\u00e9 au quotidien\n            <\/p>\n<p>\n                                    Lire la suite\n                                <\/p>\n","protected":false},"excerpt":{"rendered":"Vladimir Poutine aurait-il cherch\u00e9 \u00e0 rassurer les Europ\u00e9ens\u2026 ou \u00e0 se moquer d&rsquo;eux ? \u00ab\u00a0La Russie n&rsquo;a\u00a0pas l&rsquo;intention&hellip;\n","protected":false},"author":2,"featured_media":562654,"comment_status":"","ping_status":"","sticky":false,"template":"","format":"standard","meta":{"footnotes":""},"categories":[1591],"tags":[11,674,1887,107,131,12,1885,1886,132,135],"class_list":{"0":"post-562653","1":"post","2":"type-post","3":"status-publish","4":"format-standard","5":"has-post-thumbnail","7":"category-russie","8":"tag-actualites","9":"tag-europe","10":"tag-federation-de-russie","11":"tag-fil-info","12":"tag-guerre-en-ukraine","13":"tag-news","14":"tag-russia","15":"tag-russian-federation","16":"tag-russie","17":"tag-vladimir-poutine"},"share_on_mastodon":{"url":"https:\/\/pubeurope.com\/@fr\/115622664206845440","error":""},"_links":{"self":[{"href":"https:\/\/www.europesays.com\/fr\/wp-json\/wp\/v2\/posts\/562653","targetHints":{"allow":["GET"]}}],"collection":[{"href":"https:\/\/www.europesays.com\/fr\/wp-json\/wp\/v2\/posts"}],"about":[{"href":"https:\/\/www.europesays.com\/fr\/wp-json\/wp\/v2\/types\/post"}],"author":[{"embeddable":true,"href":"https:\/\/www.europesays.com\/fr\/wp-json\/wp\/v2\/users\/2"}],"replies":[{"embeddable":true,"href":"https:\/\/www.europesays.com\/fr\/wp-json\/wp\/v2\/comments?post=562653"}],"version-history":[{"count":0,"href":"https:\/\/www.europesays.com\/fr\/wp-json\/wp\/v2\/posts\/562653\/revisions"}],"wp:featuredmedia":[{"embeddable":true,"href":"https:\/\/www.europesays.com\/fr\/wp-json\/wp\/v2\/media\/562654"}],"wp:attachment":[{"href":"https:\/\/www.europesays.com\/fr\/wp-json\/wp\/v2\/media?parent=562653"}],"wp:term":[{"taxonomy":"category","embeddable":true,"href":"https:\/\/www.europesays.com\/fr\/wp-json\/wp\/v2\/categories?post=562653"},{"taxonomy":"post_tag","embeddable":true,"href":"https:\/\/www.europesays.com\/fr\/wp-json\/wp\/v2\/tags?post=562653"}],"curies":[{"name":"wp","href":"https:\/\/api.w.org\/{rel}","templated":true}]}}