{"id":562657,"date":"2025-11-27T16:44:12","date_gmt":"2025-11-27T16:44:12","guid":{"rendered":"https:\/\/www.europesays.com\/fr\/562657\/"},"modified":"2025-11-27T16:44:12","modified_gmt":"2025-11-27T16:44:12","slug":"tensions-afrique-du-sud-usa-trump-exclut-pretoria-du-g20-2026-ramaphosa-riposte","status":"publish","type":"post","link":"https:\/\/www.europesays.com\/fr\/562657\/","title":{"rendered":"Tensions Afrique du Sud &#8211; USA : Trump exclut Pretoria du G20 2026, Ramaphosa riposte"},"content":{"rendered":"<p><img loading=\"lazy\" decoding=\"async\" width=\"696\" height=\"392\" class=\"entry-thumb\" src=\"https:\/\/www.europesays.com\/fr\/wp-content\/uploads\/2025\/11\/rtx873ya-696x392.jpg\"   alt=\"Donald Trump\" title=\"Donald Trump\"\/><\/p>\n<p>Le pr\u00e9sident am\u00e9ricain Donald Trump a annonc\u00e9 mercredi une d\u00e9cision de poids : l\u2019Afrique du Sud sera exclue du sommet du G20 pr\u00e9vu \u00e0 Miami en 2026. Cette annonce intervient quelques jours seulement apr\u00e8s le boycott am\u00e9ricain du sommet de Johannesburg (G20 2025), le premier organis\u00e9 sur le continent africain. <\/p>\n<p>Le pr\u00e9sident sud-africain, Cyril Ramaphosa, a imm\u00e9diatement r\u00e9agi en d\u00e9non\u00e7ant des \u00ab fausses informations \u00bb.<\/p>\n<p>Un refus de passation de pouvoir formel en cause<\/p>\n<p>Selon Donald Trump, l\u2019exclusion de l\u2019Afrique du Sud et la suspension de toutes les aides et subventions am\u00e9ricaines sont une r\u00e9ponse au refus du gouvernement sud-africain de remettre formellement la pr\u00e9sidence du G20 \u00e0 un repr\u00e9sentant am\u00e9ricain apr\u00e8s le sommet de Johannesburg. Le pr\u00e9sident Trump a d\u00e9clar\u00e9 sur son r\u00e9seau social Truth Social que l\u2019Afrique du Sud avait \u00ab montr\u00e9 au monde qu\u2019elle n\u2019\u00e9tait pas un pays digne d\u2019\u00eatre membre de quoi que ce soit \u00bb.<br \/>De son c\u00f4t\u00e9, le pr\u00e9sident Cyril Ramaphosa a jug\u00e9 les propos de Trump \u00ab regrettables \u00bb. Il a tenu \u00e0 pr\u00e9ciser que les instruments de <a href=\"https:\/\/www.afrik.com\/afrique-du-sud-une-presidence-du-g20-pour-marquer-l-histoire\" target=\"_blank\" rel=\"noopener\">la pr\u00e9sidence du G20<\/a> avaient bien \u00e9t\u00e9 remis \u00e0 un officiel am\u00e9ricain au minist\u00e8re sud-africain des Relations internationales, malgr\u00e9 l\u2019absence des repr\u00e9sentants am\u00e9ricains \u00e0 la c\u00e9r\u00e9monie de passation.<\/p>\n<p>Accusations de \u00ab pers\u00e9cution \u00bb des fermiers blancs<\/p>\n<p>Parall\u00e8lement \u00e0 la question protocolaire du G20, Donald Trump a justifi\u00e9 sa d\u00e9cision en faisant r\u00e9f\u00e9rence \u00e0 des all\u00e9gations de pers\u00e9cution et de spoliation \u00e0 l\u2019encontre des fermiers blancs afrikaners en Afrique du Sud. Des accusations que l\u2019administration am\u00e9ricaine est all\u00e9e jusqu\u2019\u00e0 qualifier de \u00ab g\u00e9nocide \u00bb sur le peuple de descendants de colons europ\u00e9ens.<br \/>Ces all\u00e9gations sont cependant fortement contest\u00e9es par le gouvernement sud-africain et des observateurs internationaux qui soulignent la complexit\u00e9 des d\u00e9fis fonciers du pays. Les \u00c9tats-Unis ont par ailleurs fix\u00e9 un plafond de r\u00e9fugi\u00e9s pour 2026\u00a0et pr\u00e9voient r\u00e9server une majorit\u00e9 des places aux <a href=\"https:\/\/www.afrik.com\/washington-pretoria-tensions-autour-de-l-accueil-d-afrikaners-aux-etats-unis\" target=\"_blank\" rel=\"noopener\">Afrikaners<\/a>.<\/p>\n<p>Pretoria d\u00e9fend le multilat\u00e9ralisme<\/p>\n<p>Malgr\u00e9 la d\u00e9cision am\u00e9ricaine, Cyril Ramaphosa a insist\u00e9 sur l\u2019engagement de son pays dans la coop\u00e9ration mondiale. Il a affirm\u00e9 que l\u2019Afrique du Sud continuera \u00e0 \u00ab participer activement au G20 \u00bb et \u00e0 \u00ab d\u00e9fendre le multilat\u00e9ralisme \u00bb. Il a minimis\u00e9 ainsi l\u2019impact de l\u2019annonce unilat\u00e9rale am\u00e9ricaine.<br \/>Le sommet de Johannesburg, qui s\u2019\u00e9tait d\u00e9roul\u00e9 sans la participation des \u00c9tats-Unis en raison de d\u00e9saccords sur des points cl\u00e9s comme le climat et le d\u00e9veloppement, avait pourtant \u00e9t\u00e9 largement salu\u00e9 pour son succ\u00e8s en tant que premi\u00e8re \u00e9dition africaine du G20.<\/p>\n<p><img loading=\"lazy\" alt=\"Avatar photo\" src=\"data:image\/png;base64,iVBORw0KGgoAAAANSUhEUgAAASwAAABVAQMAAADJ6UuLAAAAA1BMVEXz8\/ML3eGLAAAAGUlEQVR4Ae3BAQ0AAADCIPuntscHDAAAoOsM8wABb\/VhBQAAAABJRU5ErkJggg==\" data-type=\"image_tag\" data-img-url=\"https:\/\/www.afrik.com\/wp-content\/uploads\/2023\/12\/globe-150x150.jpg\" class=\"entry-thumb avatar avatar-96 photo\" height=\"96\" width=\"96\" decoding=\"async\"\/><\/p>\n<p>Fid\u00e8le K est journaliste et r\u00e9dactrice sp\u00e9cialis\u00e9e, passionn\u00e9 par l&rsquo;Afrique et ses dynamiques politiques, culturelles et sociales. A travers ses articles pour Afrik, elle met en lumi\u00e8re les enjeux et les r\u00e9alit\u00e9s du continent avec pr\u00e9cision et engagement.<\/p>\n","protected":false},"excerpt":{"rendered":"Le pr\u00e9sident am\u00e9ricain Donald Trump a annonc\u00e9 mercredi une d\u00e9cision de poids : l\u2019Afrique du Sud sera exclue&hellip;\n","protected":false},"author":2,"featured_media":562658,"comment_status":"","ping_status":"","sticky":false,"template":"","format":"standard","meta":{"footnotes":""},"categories":[1589],"tags":[11,5594,73,1866,12,316,1864,1865,1863,308],"class_list":{"0":"post-562657","1":"post","2":"type-post","3":"status-publish","4":"format-standard","5":"has-post-thumbnail","7":"category-etats-unis","8":"tag-actualites","9":"tag-afrique-du-sud","10":"tag-etats-unis","11":"tag-etats-unis-damerique","12":"tag-news","13":"tag-politique","14":"tag-united-states","15":"tag-united-states-of-america","16":"tag-us","17":"tag-usa"},"share_on_mastodon":{"url":"https:\/\/pubeurope.com\/@fr\/115622673220150691","error":""},"_links":{"self":[{"href":"https:\/\/www.europesays.com\/fr\/wp-json\/wp\/v2\/posts\/562657","targetHints":{"allow":["GET"]}}],"collection":[{"href":"https:\/\/www.europesays.com\/fr\/wp-json\/wp\/v2\/posts"}],"about":[{"href":"https:\/\/www.europesays.com\/fr\/wp-json\/wp\/v2\/types\/post"}],"author":[{"embeddable":true,"href":"https:\/\/www.europesays.com\/fr\/wp-json\/wp\/v2\/users\/2"}],"replies":[{"embeddable":true,"href":"https:\/\/www.europesays.com\/fr\/wp-json\/wp\/v2\/comments?post=562657"}],"version-history":[{"count":0,"href":"https:\/\/www.europesays.com\/fr\/wp-json\/wp\/v2\/posts\/562657\/revisions"}],"wp:featuredmedia":[{"embeddable":true,"href":"https:\/\/www.europesays.com\/fr\/wp-json\/wp\/v2\/media\/562658"}],"wp:attachment":[{"href":"https:\/\/www.europesays.com\/fr\/wp-json\/wp\/v2\/media?parent=562657"}],"wp:term":[{"taxonomy":"category","embeddable":true,"href":"https:\/\/www.europesays.com\/fr\/wp-json\/wp\/v2\/categories?post=562657"},{"taxonomy":"post_tag","embeddable":true,"href":"https:\/\/www.europesays.com\/fr\/wp-json\/wp\/v2\/tags?post=562657"}],"curies":[{"name":"wp","href":"https:\/\/api.w.org\/{rel}","templated":true}]}}