{"id":562661,"date":"2025-11-27T16:46:15","date_gmt":"2025-11-27T16:46:15","guid":{"rendered":"https:\/\/www.europesays.com\/fr\/562661\/"},"modified":"2025-11-27T16:46:15","modified_gmt":"2025-11-27T16:46:15","slug":"en-allemagne-la-retraite-par-capitalisation-va-t-elle-faire-exploser-la-coalition-de-friedrich-merz","status":"publish","type":"post","link":"https:\/\/www.europesays.com\/fr\/562661\/","title":{"rendered":"En Allemagne, la retraite par capitalisation va-t-elle faire exploser la coalition de Friedrich Merz\u00a0?"},"content":{"rendered":"<p>Le syst\u00e8me des retraites allemand est mal en point. Comme en France, la r\u00e9partition reste la r\u00e8gle. Mais les caisses l\u00e9gales, qui en assurent le fonctionnement, sont gravement affaiblies. Une salve de r\u00e9formes et une privatisation partielle inscrites sur l\u2019agenda de l\u2019ex-chancelier Gerhard Schr\u00f6der (SPD) au milieu de la d\u00e9cennie 2000 ont aliment\u00e9 un processus de sape de leurs ressources.<\/p>\n<p>Les exon\u00e9rations successives consenties au patronat par les quatre gouvernements cons\u00e9cutifs dirig\u00e9s par Angela Merkel (dont trois de \u00ab\u00a0grande coalition\u00a0\u00bb avec le SPD) p\u00e8sent aussi tr\u00e8s lourd sur les \u00e9quilibres du syst\u00e8me. De ce fait, les difficult\u00e9s provoqu\u00e9es par les donn\u00e9es d\u00e9mographiques du pays se voient consid\u00e9rablement accentu\u00e9es&#8230;.<\/p>\n","protected":false},"excerpt":{"rendered":"Le syst\u00e8me des retraites allemand est mal en point. Comme en France, la r\u00e9partition reste la r\u00e8gle. Mais&hellip;\n","protected":false},"author":2,"featured_media":562662,"comment_status":"","ping_status":"","sticky":false,"template":"","format":"standard","meta":{"footnotes":""},"categories":[1587],"tags":[11,672,1804,1805,1803,1777,674,4710,1801,12,1802],"class_list":{"0":"post-562661","1":"post","2":"type-post","3":"status-publish","4":"format-standard","5":"has-post-thumbnail","7":"category-allemagne","8":"tag-actualites","9":"tag-allemagne","10":"tag-bundesrepublik-deutschland","11":"tag-de","12":"tag-deutschland","13":"tag-eu","14":"tag-europe","15":"tag-friedrich-merz","16":"tag-germany","17":"tag-news","18":"tag-republique-federale-dallemagne"},"share_on_mastodon":{"url":"https:\/\/pubeurope.com\/@fr\/115622680180555868","error":""},"_links":{"self":[{"href":"https:\/\/www.europesays.com\/fr\/wp-json\/wp\/v2\/posts\/562661","targetHints":{"allow":["GET"]}}],"collection":[{"href":"https:\/\/www.europesays.com\/fr\/wp-json\/wp\/v2\/posts"}],"about":[{"href":"https:\/\/www.europesays.com\/fr\/wp-json\/wp\/v2\/types\/post"}],"author":[{"embeddable":true,"href":"https:\/\/www.europesays.com\/fr\/wp-json\/wp\/v2\/users\/2"}],"replies":[{"embeddable":true,"href":"https:\/\/www.europesays.com\/fr\/wp-json\/wp\/v2\/comments?post=562661"}],"version-history":[{"count":0,"href":"https:\/\/www.europesays.com\/fr\/wp-json\/wp\/v2\/posts\/562661\/revisions"}],"wp:featuredmedia":[{"embeddable":true,"href":"https:\/\/www.europesays.com\/fr\/wp-json\/wp\/v2\/media\/562662"}],"wp:attachment":[{"href":"https:\/\/www.europesays.com\/fr\/wp-json\/wp\/v2\/media?parent=562661"}],"wp:term":[{"taxonomy":"category","embeddable":true,"href":"https:\/\/www.europesays.com\/fr\/wp-json\/wp\/v2\/categories?post=562661"},{"taxonomy":"post_tag","embeddable":true,"href":"https:\/\/www.europesays.com\/fr\/wp-json\/wp\/v2\/tags?post=562661"}],"curies":[{"name":"wp","href":"https:\/\/api.w.org\/{rel}","templated":true}]}}