{"id":562665,"date":"2025-11-27T16:48:24","date_gmt":"2025-11-27T16:48:24","guid":{"rendered":"https:\/\/www.europesays.com\/fr\/562665\/"},"modified":"2025-11-27T16:48:24","modified_gmt":"2025-11-27T16:48:24","slug":"cooperation-en-matiere-de-cybersecurite-avec-des-entreprises-europeennes","status":"publish","type":"post","link":"https:\/\/www.europesays.com\/fr\/562665\/","title":{"rendered":"Coop\u00e9ration en mati\u00e8re de cybers\u00e9curit\u00e9 avec des entreprises europ\u00e9ennes"},"content":{"rendered":"<p style=\"text-align:\">Le g\u00e9n\u00e9ral Luong Tam Quang, ministre de la Police, a re\u00e7u le 27 novembre apr\u00e8s-midi \u00e0 Hano\u00ef Jens R\u00fcbbert, pr\u00e9sident du Conseil d\u2019affaires Europe &#8211; ASEAN (EU\u2013ABC), et le pr\u00e9sident de la Chambre de Commerce europ\u00e9enne au Vietnam (EuroCham), Bruno Jaspaert.<\/p>\n<p><a href=\"https:\/\/lecourrier.vn\/lengagement-du-vietnam-pour-le-renforcement-de-la-cybersecurite\/1293783.html\" title=\"L&#039;engagement du Vietnam pour le renforcement de la cybers\u00e9curit\u00e9\" target=\"_blank\" rel=\"noopener\">&gt;&gt; L&rsquo;engagement du Vietnam pour le renforcement de la cybers\u00e9curit\u00e9<\/a><\/p>\n<p><a href=\"https:\/\/lecourrier.vn\/convention-de-hanoi-pour-lequite-numerique-en-matiere-de-cybersecurite\/1293846.html\" title=\"Convention de Hano\u00ef : pour l&#039;\u00e9quit\u00e9 num\u00e9rique en mati\u00e8re de cybers\u00e9curit\u00e9\" target=\"_blank\" rel=\"noopener\">&gt;&gt; Convention de Hano\u00ef : pour l&rsquo;\u00e9quit\u00e9 num\u00e9rique en mati\u00e8re de cybers\u00e9curit\u00e9<\/a><\/p>\n<p><a href=\"https:\/\/lecourrier.vn\/renforcement-de-la-cooperation-en-matiere-de-cybersecurite-entre-le-vietnam-et-la-pologne\/1293932.html\" title=\"Renforcement de la coop\u00e9ration en mati\u00e8re de cybers\u00e9curit\u00e9 entre le Vietnam et la Pologne\" target=\"_blank\" rel=\"noopener\">&gt;&gt; Renforcement de la coop\u00e9ration en mati\u00e8re de cybers\u00e9curit\u00e9 entre le Vietnam et la Pologne<\/a><\/p>\n<tr>\n<td class=\"pic\"><img decoding=\"async\" class=\"lazyload\" src=\"https:\/\/www.europesays.com\/fr\/wp-content\/uploads\/2025\/11\/211150-vna_potal_bo_truong_cong_an_tiep_chu_tich_hoi_dong_kinh_doanh_chau_au__asean_8436997.jpg\" alt=\"\"\/><\/td>\n<\/tr>\n<tr>\n<td class=\"caption\">Le ministre vietnamien de la Police, Luong Tam Quang (droite), et le pr\u00e9sident du Conseil d\u2019affaires Europe &#8211; ASEAN (EU-ABC),\u00a0Jens R\u00fcbbert,\u00a0le 27 novembre \u00e0 Hano\u00ef.<\/td>\n<\/tr>\n<tr align=\"right\">\n<td class=\"author\">Photo : VNA\/CVN<\/td>\n<\/tr>\n<p style=\"text-align:left\">Le ministre de la Police a salu\u00e9 la visite des repr\u00e9sentants de l\u2019EU-ABC et d\u2019EuroCham, \u00e0 l\u2019occasion du 35\u1d49 anniversaire de l\u2019\u00e9tablissement des relations diplomatiques Vietnam &#8211; Union europ\u00e9enne (28 novembre 1990).<\/p>\n<p style=\"text-align:left\">Il a soulign\u00e9 que, depuis plus de trois d\u00e9cennies, les relations Vietnam &#8211; UE s\u2019\u00e9taient d\u00e9velopp\u00e9es de mani\u00e8re forte, substantielle et globale, s\u2019appuyant sur des valeurs communes, la confiance et une vision \u00e0 long terme, devenant l\u2019un des piliers de la politique ext\u00e9rieure et du d\u00e9veloppement \u00e9conomique du Vietnam.<\/p>\n<p style=\"text-align:left\">Ces derniers temps, les deux parties ont maintenu des \u00e9changes r\u00e9guliers et ont mis efficacement en \u0153uvre les accords bilat\u00e9raux tels que l\u2019Accord de partenariat et de coop\u00e9ration int\u00e9grale et l\u2019Accord de libre-\u00e9change Vietnam &#8211; UE (EVFTA), obtenant des r\u00e9sultats positifs dans les domaines politique, \u00e9conomique et social, a-t-il estim\u00e9.<\/p>\n<p style=\"text-align:left\">Le g\u00e9n\u00e9ral Luong Tam Quang a affirm\u00e9 que cette rencontre constituait une occasion d\u2019\u00e9changer des orientations et des mesures de coop\u00e9ration afin d\u2019assurer un climat d\u2019investissement s\u00fbr et efficace, ainsi que d\u2019\u00e9tablir un m\u00e9canisme de collaboration entre le minist\u00e8re de la Police et les entreprises europ\u00e9ennes dans des domaines d\u2019int\u00e9r\u00eat commun.<\/p>\n<p style=\"text-align:left\">Il a propos\u00e9 de renforcer l\u2019\u00e9change d\u2019informations pour pr\u00e9venir et lutter contre les infractions, en particulier dans les secteurs \u00e9conomique, commercial et de l\u2019investissement au Vietnam. Il a \u00e9galement appel\u00e9 \u00e0 une coop\u00e9ration accrue dans la d\u00e9tection et la lutte contre les produits contrefaits et de mauvaise qualit\u00e9.<\/p>\n<p style=\"text-align:left\">Le ministre a invit\u00e9 l\u2019EU\u2013ABC, EuroCham et les entreprises europ\u00e9ennes sp\u00e9cialis\u00e9es dans la cybers\u00e9curit\u00e9 et les technologies de pointe \u00e0 organiser des formations et certifications pour les experts vietnamiens, \u00e0 promouvoir les projets d\u2019investissement et de transfert technologique, et \u00e0 mettre en place des m\u00e9canismes d\u2019\u00e9change d\u2019informations sur les menaces et attaques cybern\u00e9tiques.<\/p>\n<p style=\"text-align:left\">Il a \u00e9galement encourag\u00e9 l\u2019organisation de forums technologiques et de r\u00e9unions th\u00e9matiques &#8211; cybers\u00e9curit\u00e9, h\u00e9licopt\u00e8res, drones &#8211; afin de connecter les entreprises europ\u00e9ennes comp\u00e9tentes avec les unit\u00e9s du minist\u00e8re.<\/p>\n<p style=\"text-align:left\">Jens R\u00fcbbert a affirm\u00e9 que la communaut\u00e9 europ\u00e9enne des affaires consid\u00e9rait le Vietnam comme une destination importante en ASEAN. Il a \u00e9galement souhait\u00e9 maintenir le dialogue, mener r\u00e9guli\u00e8rement des \u00e9changes, lever les obstacles et promouvoir les opportunit\u00e9s d\u2019investissement et de commerce entre les entreprises, contribuant ainsi \u00e0 approfondir le partenariat global Vietnam &#8211; UE, de mani\u00e8re concr\u00e8te, efficace et durable.<\/p>\n<p style=\"text-align:right\"><b> VNA\/CVN<\/b><\/p>\n","protected":false},"excerpt":{"rendered":"Le g\u00e9n\u00e9ral Luong Tam Quang, ministre de la Police, a re\u00e7u le 27 novembre apr\u00e8s-midi \u00e0 Hano\u00ef Jens&hellip;\n","protected":false},"author":2,"featured_media":562666,"comment_status":"","ping_status":"","sticky":false,"template":"","format":"standard","meta":{"footnotes":""},"categories":[1586],"tags":[11,10463,1075,1777,674,1779,1011,27,12,25,1778,364,951],"class_list":{"0":"post-562665","1":"post","2":"type-post","3":"status-publish","4":"format-standard","5":"has-post-thumbnail","7":"category-europe","8":"tag-actualites","9":"tag-cooperation","10":"tag-cybersecurite","11":"tag-eu","12":"tag-europe","13":"tag-european-union","14":"tag-fr","15":"tag-france","16":"tag-news","17":"tag-republique-francaise","18":"tag-ue","19":"tag-union-europeenne","20":"tag-vietnam"},"share_on_mastodon":{"url":"https:\/\/pubeurope.com\/@fr\/115622688837658795","error":""},"_links":{"self":[{"href":"https:\/\/www.europesays.com\/fr\/wp-json\/wp\/v2\/posts\/562665","targetHints":{"allow":["GET"]}}],"collection":[{"href":"https:\/\/www.europesays.com\/fr\/wp-json\/wp\/v2\/posts"}],"about":[{"href":"https:\/\/www.europesays.com\/fr\/wp-json\/wp\/v2\/types\/post"}],"author":[{"embeddable":true,"href":"https:\/\/www.europesays.com\/fr\/wp-json\/wp\/v2\/users\/2"}],"replies":[{"embeddable":true,"href":"https:\/\/www.europesays.com\/fr\/wp-json\/wp\/v2\/comments?post=562665"}],"version-history":[{"count":0,"href":"https:\/\/www.europesays.com\/fr\/wp-json\/wp\/v2\/posts\/562665\/revisions"}],"wp:featuredmedia":[{"embeddable":true,"href":"https:\/\/www.europesays.com\/fr\/wp-json\/wp\/v2\/media\/562666"}],"wp:attachment":[{"href":"https:\/\/www.europesays.com\/fr\/wp-json\/wp\/v2\/media?parent=562665"}],"wp:term":[{"taxonomy":"category","embeddable":true,"href":"https:\/\/www.europesays.com\/fr\/wp-json\/wp\/v2\/categories?post=562665"},{"taxonomy":"post_tag","embeddable":true,"href":"https:\/\/www.europesays.com\/fr\/wp-json\/wp\/v2\/tags?post=562665"}],"curies":[{"name":"wp","href":"https:\/\/api.w.org\/{rel}","templated":true}]}}