{"id":562667,"date":"2025-11-27T16:49:13","date_gmt":"2025-11-27T16:49:13","guid":{"rendered":"https:\/\/www.europesays.com\/fr\/562667\/"},"modified":"2025-11-27T16:49:13","modified_gmt":"2025-11-27T16:49:13","slug":"trump-plus-empresse-a-satisfaire-moscou-qua-etablir-la-paix-a-washington-la-grogne-gagne-le-parti-republicain-liberation","status":"publish","type":"post","link":"https:\/\/www.europesays.com\/fr\/562667\/","title":{"rendered":"Trump \u00abplus empress\u00e9 \u00e0 satisfaire Moscou qu\u2019\u00e0 \u00e9tablir la paix\u00bb : \u00e0 Washington, la grogne gagne le Parti r\u00e9publicain &#8211; Lib\u00e9ration"},"content":{"rendered":"<ol>\n<li><a href=\"https:\/\/news.google.com\/rss\/articles\/CBMioAJBVV95cUxNUVk4Y1EyWTBIVEd4Z0w2LTduYVQtb1BiOWxRakVNMXh4NTQ5Nmp6cHZYMEZLN1MtMDlrd3ljMlRWMEhIVmFaRnRpNVF2ei01WnRJbzlqLXBZbUtsamUxeC14UHN2eUVVODE0WXg4RHBvcEl0ZzRsTWFqel9fOUZ0S1dPc190QTNxQ3NHMkF5aGt1R3NBaUI3YXhnM0JLYmtReFRscjFPOXJjQ1pWOGFOYXF0aTlBTmxiYkpmUWYtUDJaYm5ySWlENTV2LVZGLU92NFNrZVZiSGFPczdxTmxWTU1fSWdIS2ZNeVNGZUpnU0lRa3docmo4bUp0UXQxWFIwMTc3RjYwR1ZoUDhfMk0tbHRkcmozMU13dnFUd0t5c1o?oc=5\" target=\"_blank\" rel=\"noopener\">Trump \u00abplus empress\u00e9 \u00e0 satisfaire Moscou qu\u2019\u00e0 \u00e9tablir la paix\u00bb : \u00e0 Washington, la grogne gagne le Parti r\u00e9publicain<\/a>&nbsp;&nbsp;Lib\u00e9ration<\/li>\n<li><a href=\"https:\/\/news.google.com\/rss\/articles\/CBMingJBVV95cUxOTlZ2ekFlbF9RdC15VjlIR2ZNcTI0bjFTR09RZjhGWWEwZGR5NHhiM3hYZGpVLW03dWpYUjl1aVktdVV4RkVMSEFNMkNKTHJYUThIUEdBRms2cUprc2tGV1lCVVpsVzhuc0NPNkw5NGZpeGs5cF9sMjBsRUNSSFA3b0UxX1ZPdTFsSkoyUUhWTTBrUURBenVkY1gtM01tRzlkcXlNaV9YUDhjNW9aX2stcWluY2ZrSHhiM1RvVV9RUUxsdDBlVFhIVHZPeHBCWllRRDMzSjhveWFpdWV2VXFxZFo0N3NtOG9ueHBsRlhaVlVndk9ENE0wM1VfUWtBcm5JaUhiS2Jla2hxeUprU1lZNlA0eGNGc2FMWjRlcmVR?oc=5\" target=\"_blank\" rel=\"noopener\">EN DIRECT, guerre en Ukraine et plan de \u00ab paix \u00bb am\u00e9ricain : finalement, pour Donald Trump, la \u00ab date limite, c\u2019est quand ce sera fini \u00bb<\/a>&nbsp;&nbsp;Le Monde.fr<\/li>\n<li><a href=\"https:\/\/news.google.com\/rss\/articles\/CBMihwJBVV95cUxOZTBHWXFsU0s0bU1lcVVOVzItUlUzeEZTbkwwS3lRajh5WXpNbks2YzR6c1kwZGhRR0p0XzZ2SE9heF9pRGdxZ0twUnBiV3kwdXppdXZjMzJoSVA3ZjczRVhwdE5DcDVkSDlzMlMyeHA2b3d0aExLNG5aYnltclN4NnVQUWxKWVNSYUUya2REc0ZTNUxoeUJMS2JreU1xeGJFdmtOR0tmSTFTY2U2Rlc1U2Y0NVdOSUxRb0VuUXdHeUthdUVubjFLVzN3TVI3OXNELUU0UVRBZjJkSjdHMG9lUmpVMDJxbVN0VlIzXzRXNVVvcHBWNXJXXzhRYzJqdU1rZ3ZhUElrSQ?oc=5\" target=\"_blank\" rel=\"noopener\">\u201cDe vous \u00e0 moi\u201d : l\u2019appel pol\u00e9mique entre Steve Witkoff et un conseiller de Poutine traduit par \u201cCourrier international\u201d<\/a>&nbsp;&nbsp;Courrier international<\/li>\n<li><a href=\"https:\/\/news.google.com\/rss\/articles\/CBMi3wFBVV95cUxOOGRIU2xPUF92RmxNMG5PSzloN1BrMWRpeUl4aDJ3UUFQaUt3ODduRkNBU3RzYWZYYVlvd1BZRzFMd3ZQdGRmWWtDTHZ1bFB4SU9KTDFsQW9HT1lUanNyTF9rR1JLbmJRMXc5MFIyUGpLMnJ3eFQxMXJ4YzBqZDJuNGthNG55TUtuT1RSa1doT20xalVwYU1GS3BHRUhJYzN4NTlJRllGNUYxbERSbUZkTGdLNkhJM0lPVkZSMW4tQUYzd2YzTEJHRGU2VGdNRER4RXJzamtROUFUTm5YQ2Fv?oc=5\" target=\"_blank\" rel=\"noopener\">Ukraine, menace russe, dissolution&#8230; Ce qu&rsquo;il faut retenir de l&rsquo;interview d&rsquo;Emmanuel Macron sur RTL et M6<\/a>&nbsp;&nbsp;RTL.fr<\/li>\n<li><a href=\"https:\/\/news.google.com\/rss\/articles\/CBMikwFBVV95cUxPcmVUM01saGhvM3hNUUdaSnBSV3lOR2JyS2ZCM0lxbVRia1VTUFBuZjdEeXBxX1YyVmIwV0k4UzVsR0x4OERnbTl1NE9vVXBCZHBLdlRTbHlEMVI4UFFCVXR2QWJJYU54RWUyblZCZ1ZBaEJqakZzcTNfemNpMjhSblhqSEQ4NlZCWk9MTURRS2R5V1U?oc=5\" target=\"_blank\" rel=\"noopener\">Ukraine : Carlo Masala sur le \u00abplan de paix\u00bb de Poutine et Trump<\/a>&nbsp;&nbsp;Le Grand Continent<\/li>\n<\/ol>\n","protected":false},"excerpt":{"rendered":"Trump \u00abplus empress\u00e9 \u00e0 satisfaire Moscou qu\u2019\u00e0 \u00e9tablir la paix\u00bb : \u00e0 Washington, la grogne gagne le Parti&hellip;\n","protected":false},"author":2,"featured_media":562668,"comment_status":"","ping_status":"","sticky":false,"template":"","format":"standard","meta":{"footnotes":""},"categories":[2],"tags":[11,75,73,1011,27,12,9150,25,132,297],"class_list":{"0":"post-562667","1":"post","2":"type-post","3":"status-publish","4":"format-standard","5":"has-post-thumbnail","7":"category-actualites","8":"tag-actualites","9":"tag-donald-trump","10":"tag-etats-unis","11":"tag-fr","12":"tag-france","13":"tag-news","14":"tag-parti-republicain","15":"tag-republique-francaise","16":"tag-russie","17":"tag-ukraine-la-crise"},"share_on_mastodon":{"url":"https:\/\/pubeurope.com\/@fr\/115622691744311082","error":""},"_links":{"self":[{"href":"https:\/\/www.europesays.com\/fr\/wp-json\/wp\/v2\/posts\/562667","targetHints":{"allow":["GET"]}}],"collection":[{"href":"https:\/\/www.europesays.com\/fr\/wp-json\/wp\/v2\/posts"}],"about":[{"href":"https:\/\/www.europesays.com\/fr\/wp-json\/wp\/v2\/types\/post"}],"author":[{"embeddable":true,"href":"https:\/\/www.europesays.com\/fr\/wp-json\/wp\/v2\/users\/2"}],"replies":[{"embeddable":true,"href":"https:\/\/www.europesays.com\/fr\/wp-json\/wp\/v2\/comments?post=562667"}],"version-history":[{"count":0,"href":"https:\/\/www.europesays.com\/fr\/wp-json\/wp\/v2\/posts\/562667\/revisions"}],"wp:featuredmedia":[{"embeddable":true,"href":"https:\/\/www.europesays.com\/fr\/wp-json\/wp\/v2\/media\/562668"}],"wp:attachment":[{"href":"https:\/\/www.europesays.com\/fr\/wp-json\/wp\/v2\/media?parent=562667"}],"wp:term":[{"taxonomy":"category","embeddable":true,"href":"https:\/\/www.europesays.com\/fr\/wp-json\/wp\/v2\/categories?post=562667"},{"taxonomy":"post_tag","embeddable":true,"href":"https:\/\/www.europesays.com\/fr\/wp-json\/wp\/v2\/tags?post=562667"}],"curies":[{"name":"wp","href":"https:\/\/api.w.org\/{rel}","templated":true}]}}