{"id":56267,"date":"2025-04-27T07:14:08","date_gmt":"2025-04-27T07:14:08","guid":{"rendered":"https:\/\/www.europesays.com\/fr\/56267\/"},"modified":"2025-04-27T07:14:08","modified_gmt":"2025-04-27T07:14:08","slug":"veronique-sanson-a-quoi-ressemble-sa-sublime-maison-dans-les-yvelines","status":"publish","type":"post","link":"https:\/\/www.europesays.com\/fr\/56267\/","title":{"rendered":"V\u00e9ronique Sanson : \u00e0 quoi ressemble sa sublime maison dans les Yvelines ?"},"content":{"rendered":"<p class=\"\" data-start=\"239\" data-end=\"742\">V\u00e9ronique Sanson est<br \/>\ntomb\u00e9e imm\u00e9diatement sous le charme de son cocon chaleureux. Apr\u00e8s<br \/>\nun succ\u00e8s fulgurant et une <a href=\"https:\/\/www.closermag.fr\/people\/jaurais-du-mourir-mille-fois-veronique-sanson-au-bord-des-larmes-face-a-anne-elisabeth-lemoine-3446305\" target=\"_blank\" rel=\"noopener\"><br \/>\nvie personnelle compliqu\u00e9e<\/a>, la chanteuse a trouv\u00e9 son bonheur \u00e0<br \/>\nTriel-sur-Seine. En 1981, elle s\u2019est install\u00e9e dans les Yvelines<br \/>\navec ses (tr\u00e8s nombreux) compagnons \u00e0 pattes : chats, chiens et<br \/>\nautres oiseaux. L\u00e0, ils peuvent gambader \u00e0 loisir. Car V\u00e9ronique<br \/>\nSanson a une v\u00e9ritable <strong>passion pour le jardinage<\/strong>.<br \/>\nIl suffit de regarder la v\u00e9g\u00e9tation luxuriante de sa demeure pour<br \/>\ns\u2019en rendre compte.<\/p>\n<p class=\"\" data-start=\"744\" data-end=\"1134\">\u00ab\u00a0J\u2019accueille tout<br \/>\nle monde chez moi parce que je suis vachement fi\u00e8re de le<br \/>\nmontrer\u00a0\u00bb, plaisantait la chanteuse dans l\u2019\u00e9mission<br \/>\nTh\u00e9 ou caf\u00e9 au sujet de<br \/>\nson jardin, pas tr\u00e8s grand mais magnifiquement organis\u00e9. L\u00e0, elle<br \/>\ns\u2019occupe de ses plantes et du calme que la nature offre. V\u00e9ronique<br \/>\nSanson y fait \u00e9galement pousser de l\u2019oseille, mais aussi des jeunes<br \/>\npousses de bambou pour les cuisiner.<\/p>\n<p>Elle vit au milieu de la<br \/>\nnature<\/p>\n<p class=\"\" data-start=\"1136\" data-end=\"1573\">\u00ab\u00a0J\u2019y fais pousser<br \/>\ndu romarin, du thym, de la ciboulette. Toutes les herbes. Il n\u2019est<br \/>\npas tr\u00e8s grand mais qu\u2019est-ce qu\u2019il est beau !\u00a0\u00bb, confiait<br \/>\nV\u00e9ronique Sanson dans les colonnes du magazine ELLE. Tous les jours, elle va<br \/>\ns\u2019enqu\u00e9rir de la sant\u00e9 de ses poules et r\u00e9colter les \u0153ufs pondus.<br \/>\nUne bonne fa\u00e7on pour elle de se <strong>reconnecter avec la<br \/>\nnature<\/strong>. Passionn\u00e9e par les plantes en tout genre, la<br \/>\nchanteuse se ressource aupr\u00e8s de la verdure.<\/p>\n<p class=\"\" data-start=\"1575\" data-end=\"2007\">\u00ab\u00a0Jardiner,<br \/>\nj\u2019adore \u00e7a parce que \u00e7a me lave la t\u00eate. J\u2019ai du boulot. La nature,<br \/>\nc\u2019est tout ce qu\u2019il nous reste et personne ne s\u2019en pr\u00e9occupe. Moi,<br \/>\nje ne mange plus d\u2019animaux, pour ne pas manger des copains. J\u2019ai<br \/>\nl\u2019impression de manger de l\u2019agonie, \u00e7a ne vaut pas le coup\u00a0\u00bb,<br \/>\ndisait-elle sur France 5. \u00c0 l\u2019int\u00e9rieur de la <a href=\"https:\/\/www.closermag.fr\/people\/a-quoi-ressemble-la-maison-de-la-famille-kretz-a-boulogne-billancourt-3531944\" target=\"_blank\" rel=\"noopener\"><br \/>\nmaison majestueuse<\/a> de V\u00e9ronique Sanson, on trouve \u00e9videmment<br \/>\nl\u2019objet le plus important de sa carri\u00e8re : son piano.<\/p>\n<p>V\u00e9ronique Sanson voit la Seine de son canap\u00e9<\/p>\n<p class=\"\" data-start=\"2009\" data-end=\"2476\">C\u2019est d\u2019ailleurs l\u00e0<br \/>\nqu\u2019elle enregistre parfois de nouvelles chansons. \u00ab\u00a0Je n\u2019aime<br \/>\npas les studios. Dans cette maison, j\u2019appr\u00e9cie la lumi\u00e8re.<br \/>\n<strong>Il y a tant de fen\u00eatres<\/strong> que je ne peux pas<br \/>\naccrocher de tableaux\u00a0\u00bb, d\u00e9crivait <a href=\"https:\/\/www.closermag.fr\/people\/veronique-sanson-qui-est-sa-soeur-violaine-748323\" target=\"_blank\" rel=\"noopener\"><br \/>\nl\u2019interpr\u00e8te de Dr\u00f4le de<br \/>\nvie<\/a> dans les colonnes du Parisien. Et m\u00eame si sa relation peut \u00eatre contrari\u00e9e<br \/>\navec son piano, V\u00e9ronique Sanson ne peut pas vivre tr\u00e8s longtemps<br \/>\nsans son meilleur ami. Et son instrument tr\u00f4ne au milieu \u00ab\u00a0d\u2019un joli<br \/>\nbordel\u00a0\u00bb.<\/p>\n<p class=\"\" data-start=\"2478\" data-end=\"3055\">Car chez V\u00e9ronique<br \/>\nSanson, les statuettes, broderies et autres phares miniatures<br \/>\nc\u00f4toient des souvenirs de sa jeunesse, comme une vieille bo\u00eete \u00e0<br \/>\nmusique h\u00e9rit\u00e9e de ses parents. Autrefois jamais la derni\u00e8re pour<br \/>\nsortir, la chanteuse est aujourd\u2019hui devenue plus casani\u00e8re. Et<br \/>\ndans une telle maison, on la comprend ! \u00ab\u00a0Des fen\u00eatres de ma<br \/>\nmaison, j\u2019aper\u00e7ois les p\u00e9niches sur la Seine. Elles remontent vers<br \/>\nRouen ou descendent vers Paris, d\u00e9crivait-elle. Elles<br \/>\ntransportent du sable, du gravier, des voitures. Je vois aussi mon<br \/>\npotager.\u00a0\u00bb Et si c\u2019\u00e9tait \u00e7a, <strong>la recette du<br \/>\nbonheur<\/strong> ?<\/p>\n","protected":false},"excerpt":{"rendered":"V\u00e9ronique Sanson est tomb\u00e9e imm\u00e9diatement sous le charme de son cocon chaleureux. Apr\u00e8s un succ\u00e8s fulgurant et une&hellip;\n","protected":false},"author":2,"featured_media":56268,"comment_status":"","ping_status":"","sticky":false,"template":"","format":"standard","meta":{"footnotes":""},"categories":[1355],"tags":[6053,58,59,1011,27,1638,8414,1361,873,15151],"class_list":{"0":"post-56267","1":"post","2":"type-post","3":"status-publish","4":"format-standard","5":"has-post-thumbnail","7":"category-musique","8":"tag-diapo-infini","9":"tag-divertissement","10":"tag-entertainment","11":"tag-fr","12":"tag-france","13":"tag-has_diapo","14":"tag-maisons-de-stars","15":"tag-music","16":"tag-musique","17":"tag-veronique-sanson"},"share_on_mastodon":{"url":"https:\/\/pubeurope.com\/@fr\/114408696312318476","error":""},"_links":{"self":[{"href":"https:\/\/www.europesays.com\/fr\/wp-json\/wp\/v2\/posts\/56267","targetHints":{"allow":["GET"]}}],"collection":[{"href":"https:\/\/www.europesays.com\/fr\/wp-json\/wp\/v2\/posts"}],"about":[{"href":"https:\/\/www.europesays.com\/fr\/wp-json\/wp\/v2\/types\/post"}],"author":[{"embeddable":true,"href":"https:\/\/www.europesays.com\/fr\/wp-json\/wp\/v2\/users\/2"}],"replies":[{"embeddable":true,"href":"https:\/\/www.europesays.com\/fr\/wp-json\/wp\/v2\/comments?post=56267"}],"version-history":[{"count":0,"href":"https:\/\/www.europesays.com\/fr\/wp-json\/wp\/v2\/posts\/56267\/revisions"}],"wp:featuredmedia":[{"embeddable":true,"href":"https:\/\/www.europesays.com\/fr\/wp-json\/wp\/v2\/media\/56268"}],"wp:attachment":[{"href":"https:\/\/www.europesays.com\/fr\/wp-json\/wp\/v2\/media?parent=56267"}],"wp:term":[{"taxonomy":"category","embeddable":true,"href":"https:\/\/www.europesays.com\/fr\/wp-json\/wp\/v2\/categories?post=56267"},{"taxonomy":"post_tag","embeddable":true,"href":"https:\/\/www.europesays.com\/fr\/wp-json\/wp\/v2\/tags?post=56267"}],"curies":[{"name":"wp","href":"https:\/\/api.w.org\/{rel}","templated":true}]}}