{"id":562679,"date":"2025-11-27T16:59:09","date_gmt":"2025-11-27T16:59:09","guid":{"rendered":"https:\/\/www.europesays.com\/fr\/562679\/"},"modified":"2025-11-27T16:59:09","modified_gmt":"2025-11-27T16:59:09","slug":"tadej-pogacar-une-colline-artificielle-a-t-elle-ete-construite-a-abu-dhabi-pour-avantager-le-slovene-lors-des-mondiaux-ladepeche-fr","status":"publish","type":"post","link":"https:\/\/www.europesays.com\/fr\/562679\/","title":{"rendered":"Tadej Pogacar : une colline artificielle a-t-elle \u00e9t\u00e9 construite \u00e0 Abu Dhabi pour avantager le Slov\u00e8ne lors des Mondiaux &#8211; ladepeche.fr"},"content":{"rendered":"<ol>\n<li><a href=\"https:\/\/news.google.com\/rss\/articles\/CBMi-wFBVV95cUxPc0RJR19URlhNYWJpbjhPb0N1ZGFWbUs3THloX1ZiQVJBSUkzNGVwSTRjN2ZvX0tJam8tU2E5MTNtdDd3VHB3bkhjU3l1azhDdzVOZlpGYkd6bjQwWXhxc3ZYNHF3NDhFQmNvNlVWMW9LT0tLVXJ1ZGF0ZER1VlBjbEhlcjNIQUZSZzNuTWFUR2E4b0F4SjdCMXB5U2xlZFNZMUs2eTFLNWxHa29STC1yV2VWLTM4cTdTblRWZzR4Rzc2WkE0MnZPb21XSWk5cDRQSExiajM5d0Fod1lZaTd4ZzQtU3JwWGZxbTNPem1LdW9ZVUMzZ1RqNmN6TQ?oc=5\" target=\"_blank\" rel=\"noopener\">Tadej Pogacar : une colline artificielle a-t-elle \u00e9t\u00e9 construite \u00e0 Abu Dhabi pour avantager le Slov\u00e8ne lors des Mondiaux<\/a>&nbsp;&nbsp;ladepeche.fr<\/li>\n<li><a href=\"https:\/\/news.google.com\/rss\/articles\/CBMipwJBVV95cUxOblB5QjlaeEI0aDdKeWhIWGF6alQ0N1hVSUI0ZFJ5cUNzU2hCSDdQYWpfU3BSN1kzLWhKcTdaN3pka2N5dFBNUXFGMG5TSzNUT0hFWlVVYkxuOEdwLVN2SHBsMWJFblktOUNMUUx4ZVBYenB3YklCRFhUcjZPN0JiemZUcGU3R24zSGQ5NVUzUlhETjk2RjRDTVNYZFgyVDBpUnUtTC1rbGRoMW1UOXVmbEVWc2tCZUhWZy1iVW5PZmhFcFdWamtBaUplQTVLYUJQdEs1bmxwWGRWVURBTHFTX1VoTThzQVUyQ0NfUlh4RzZ5alhURm5XMUw5TjRrdU43ZVBybW8wZjMxTDRKUVUwMzd4Sm1mMXNnOTlNRFhGTFNyQXZqV1A0?oc=5\" target=\"_blank\" rel=\"noopener\">Du sur-mesure pour Pogacar : les \u00c9mirats arabes unis fabriqueraient des c\u00f4tes pour l&rsquo;\u00e9dition 2028<\/a>&nbsp;&nbsp;Eurosport<\/li>\n<li><a href=\"https:\/\/news.google.com\/rss\/articles\/CBMizAFBVV95cUxQcWxWV0V6M1JLZzFtNXUtT01fcGlLaVhTY3d6T2Q5b3poMHlZejltV09TcVpLUnNOUXJCNGgtOTNLZ2lqVmltcVFVREdMQlA4WkJ4cEFQMmxhaXB3blB0azc5d3lKU1pqTWpTU3h4Z25uSDhBMWRReXNTcmxDTC04YlcyREpJazV3QWN0M1BnNnNtWTBxbHBnUndPTU82YmotR0E2QmFSOXFfcEhQd0J4WHpCTVh4R0hKTVlRSkxfYzNRQXREb2RGRDRrRVLSAcsBQVVfeXFMTmZ2aG0wQ0dsMXRkekx6aDZoYnVPSjNpYTR4M0hMYVJwWlBPb2kxZUIxWkEyd3BtSEMwZnJLVG9VTGItb2l1XzB5V0lyd204dXF0VENmQk00WG51aGRDTTBiQ2tDTTA1bUJWWE1ySlBXN29IWnJYM3ZCM0FFdk1xNS1jOHNxVndyNTljZ2hGUlhMV25CejFuWlRKMWpSdGZRdThnSXdZRFE2UmdnVlZyb19YMkUxbjFqX2lpYVZXeVpjWU1kSXBQWGYxN2s?oc=5\" target=\"_blank\" rel=\"noopener\">Mondiaux 2028 : Une montagne artificielle pour Pogacar \u00e0 Abu Dhabi ? : Sports &#8211; Orange<\/a>&nbsp;&nbsp;Sports &#8211; Orange<\/li>\n<li><a href=\"https:\/\/news.google.com\/rss\/articles\/CBMirwJBVV95cUxQYjVqTWRHUk1ZaWt3TUNTMGpaSzdQUWlPR1FNSXd6U0lTZ2RSMXprdXpPbWpLUVgxVlJ5WFZhLUo0enAtcy1kUHFvQzJYb3JHdjMweTFzZlJjZ1J4T01Xa3gxQnZZWktNUVJaOTZZY1FDajkwUUc2dGtJTGRHRldaNGZxbURVcUppaUJaZTNnanlBUEs0N1lkbXg0aVJxVFJkT2xoRmdLY2RsVEE4Vk9XVWk1YXRJbVZTdEItekJUbFAzaldqSWtIbGctd2JDTzdiWmQwbVVDeDh6dnJFSHBJYklXNGRfQjFzOElxel9iTEFESjNRa0x1Y2V2VHk3eVJpX3dGQUJBa1BOTXpHMDA5NUVVZEF1QjJuaS1CejUxMGdjQVFvWHBrZzUybURfS0E?oc=5\" target=\"_blank\" rel=\"noopener\">Championnats du monde 2028: Tim Merlier a raison, Abou Dhabi construit des c\u00f4tes sur mesure pour Tadej Pogacar !<\/a>&nbsp;&nbsp;DHnet<\/li>\n<li><a href=\"https:\/\/news.google.com\/rss\/articles\/CBMivwFBVV95cUxNZG0tb3BUVTk1Q2VNd2RpVlRKbmZ0aE9QYUpQMnRTc1JfcW1CdkpzUXZHTm1Gd3pOWXJ5ZFZBV19haEhfOE1CRW5zMVhRUDlTMVZ1Qkt3NENBRENnaEZVT1NyOTFYaWREckViRTV6UTBHUFA5dFppU0ctOWFpcktwWW1CVHdJODQzNDYtcTkyaEdDMW5XNTZHRzBOWkFJb3ZiNkNSWEM1Z2o4RF9PcVJsR2dtckE0M01RODVoM2VtNA?oc=5\" target=\"_blank\" rel=\"noopener\">Cyclisme. Oui, des montagnes artificielles sont bien en construction \u00e0 Abu Dhabi pour les Mondiaux 2028<\/a>&nbsp;&nbsp;Le Dauphin\u00e9 Lib\u00e9r\u00e9<\/li>\n<\/ol>\n","protected":false},"excerpt":{"rendered":"Tadej Pogacar : une colline artificielle a-t-elle \u00e9t\u00e9 construite \u00e0 Abu Dhabi pour avantager le Slov\u00e8ne lors des&hellip;\n","protected":false},"author":2,"featured_media":395849,"comment_status":"","ping_status":"","sticky":false,"template":"","format":"standard","meta":{"footnotes":""},"categories":[1411],"tags":[1154,207,1011,27,60],"class_list":{"0":"post-562679","1":"post","2":"type-post","3":"status-publish","4":"format-standard","5":"has-post-thumbnail","7":"category-cyclisme","8":"tag-cycling","9":"tag-cyclisme","10":"tag-fr","11":"tag-france","12":"tag-sports"},"share_on_mastodon":{"url":"https:\/\/pubeurope.com\/@fr\/115622731474052063","error":""},"_links":{"self":[{"href":"https:\/\/www.europesays.com\/fr\/wp-json\/wp\/v2\/posts\/562679","targetHints":{"allow":["GET"]}}],"collection":[{"href":"https:\/\/www.europesays.com\/fr\/wp-json\/wp\/v2\/posts"}],"about":[{"href":"https:\/\/www.europesays.com\/fr\/wp-json\/wp\/v2\/types\/post"}],"author":[{"embeddable":true,"href":"https:\/\/www.europesays.com\/fr\/wp-json\/wp\/v2\/users\/2"}],"replies":[{"embeddable":true,"href":"https:\/\/www.europesays.com\/fr\/wp-json\/wp\/v2\/comments?post=562679"}],"version-history":[{"count":0,"href":"https:\/\/www.europesays.com\/fr\/wp-json\/wp\/v2\/posts\/562679\/revisions"}],"wp:featuredmedia":[{"embeddable":true,"href":"https:\/\/www.europesays.com\/fr\/wp-json\/wp\/v2\/media\/395849"}],"wp:attachment":[{"href":"https:\/\/www.europesays.com\/fr\/wp-json\/wp\/v2\/media?parent=562679"}],"wp:term":[{"taxonomy":"category","embeddable":true,"href":"https:\/\/www.europesays.com\/fr\/wp-json\/wp\/v2\/categories?post=562679"},{"taxonomy":"post_tag","embeddable":true,"href":"https:\/\/www.europesays.com\/fr\/wp-json\/wp\/v2\/tags?post=562679"}],"curies":[{"name":"wp","href":"https:\/\/api.w.org\/{rel}","templated":true}]}}