{"id":562681,"date":"2025-11-27T17:02:17","date_gmt":"2025-11-27T17:02:17","guid":{"rendered":"https:\/\/www.europesays.com\/fr\/562681\/"},"modified":"2025-11-27T17:02:17","modified_gmt":"2025-11-27T17:02:17","slug":"matthew-mcconaughey-toujours-fou-amoureux-de-camila-alves","status":"publish","type":"post","link":"https:\/\/www.europesays.com\/fr\/562681\/","title":{"rendered":"Matthew McConaughey, toujours fou amoureux de Camila Alves"},"content":{"rendered":"<p>\n    Le 21 novembre, dans sa newsletter Lyrics of Livin\u2019, l\u2019acteur am\u00e9ricain revient avec franchise sur ses histoires pass\u00e9es, avant de rencontrer celle qui partage sa vie depuis 20 ans.<\/p>\n<p class=\"fig-paragraph\">\u00abParfois, il faut arr\u00eater de chercher pour enfin voir appara\u00eetre ce qui compte.\u00bb La confession pourrait \u00eatre tir\u00e9e d\u2019un film romantique, mais elle est sign\u00e9e\u00a0<a href=\"https:\/\/madame.lefigaro.fr\/tag\/matthew-mcconaughey\" target=\"_blank\" data-fig-type=\"Keyword\" rel=\"sponsored noopener\" data-gtm-custom-categorie=\"navigation\" data-gtm-custom-action=\"crossclick\" data-gtm-custom-label=\"Contextuel\" data-gtm-event=\"customEventSPE\" data-fig-domain=\"MADAME\">Matthew McConaughey<\/a>. Dans l\u2019\u00e9dition du 21 novembre de sa newsletter\u00a0<a href=\"https:\/\/www.youtube.com\/watch?v=fZLNhgSySuo&amp;list=PL8NNCwRk8FHIxJKF3V5j9PhF2mJZVuFUM&amp;index=2\" target=\"_blank\" rel=\"sponsored noopener\" data-gtm-custom-categorie=\"navigation\" data-gtm-custom-action=\"crossclick\" data-gtm-custom-label=\"Contextuel\" data-gtm-event=\"customEventSPE\">Lyrics of Livin\u2019<\/a>, lanc\u00e9e l\u2019an pass\u00e9 pour partager pens\u00e9es intimes et \u00e9clairs de sagesse, l\u2019acteur oscaris\u00e9 de 56 ans s\u2019est replong\u00e9 dans le chemin sinueux qui l\u2019a men\u00e9 \u00e0 celle qui partage sa vie depuis 2006\u00a0: Camila Alves McConaughey. Un r\u00e9cit aussi tendre que lucide, qui r\u00e9v\u00e8le un homme longtemps en qu\u00eate d\u2019une partenaire de vie\u2026 Avant d\u2019accepter que les choses se fassent sans lui.<\/p>\n<p>                                                                                            Avant Camila, \u00abdes \u00e9tapes, pas des arriv\u00e9es\u00bb<\/p>\n<p class=\"fig-paragraph\">Matthew McConaughey \u00e9voque les relations qui ont pr\u00e9c\u00e9d\u00e9 son mariage, dont certaines tr\u00e8s m\u00e9diatis\u00e9es. Il parle de ces femmes \u00abmerveilleuses\u00bb &#8211; (comme\u00a0<a href=\"https:\/\/www.bing.com\/search?q=madame%20figaro%20Sandra%20Bullock&amp;qs=n&amp;form=QBRE&amp;sp=-1&amp;ghc=1&amp;lq=0&amp;pq=madame%20figaro%20sandra%20bullock&amp;sc=8-28&amp;sk=&amp;cvid=9DE035299E294DE58DCE349D5B18FC2F\" target=\"_blank\" rel=\"sponsored noopener\" data-gtm-custom-categorie=\"navigation\" data-gtm-custom-action=\"crossclick\" data-gtm-custom-label=\"Contextuel\" data-gtm-event=\"customEventSPE\">Sandra Bullock<\/a>, Ashley Judd ou encore\u00a0<a href=\"https:\/\/madame.lefigaro.fr\/tag\/penelope-cruz\" target=\"_blank\" data-fig-type=\"Keyword\" rel=\"sponsored noopener\" data-gtm-custom-categorie=\"navigation\" data-gtm-custom-action=\"crossclick\" data-gtm-custom-label=\"Contextuel\" data-gtm-event=\"customEventSPE\" data-fig-domain=\"MADAME\">Pen\u00e9lope Cruz)\u00a0<\/a>&#8211; rencontr\u00e9es, aim\u00e9es, avec qui il est toujours ami aujourd\u2019hui. Mais chacune, confesse-t-il, n\u2019a \u00e9t\u00e9 qu\u2019un passage\u00a0: \u00abdes \u00e9tapes, pas des arriv\u00e9es\u00bb. \u00c0 l\u2019approche de la quarantaine, l\u2019acteur admet avoir cherch\u00e9 bien plus qu\u2019une compagne\u00a0: une amante pour la vie, une meilleure amie, la future m\u00e8re de ses enfants. Il raconte aussi ce r\u00eave marquant, dans lequel il se voit comme un vieil homme de 88 ans, p\u00e8re de nombreux enfants mais \u00e9ternel c\u00e9libataire. Une vision qui l\u2019aurait recentr\u00e9 sur l\u2019essentiel\u00a0: devenir p\u00e8re, qu\u2019il rencontre ou non \u00abla bonne\u00bb. Une forme de l\u00e2cher-prise qui, r\u00e9trospectivement, a tout chang\u00e9.<\/p>\n<p>                                                                <a class=\"fig-a11y-skip\" href=\"#fig-a11y-skip-main-inarticle\" data-module=\"a11y-skip\" data-context=\"was @visible\"><br \/>\n    Passer la publicit\u00e9<br \/>\n<\/a>            <\/p>\n<p>                                                                Arr\u00eater de chercher, pour mieux trouver<\/p>\n<p class=\"fig-paragraph\">C\u2019est pr\u00e9cis\u00e9ment lorsque Matthew a cess\u00e9 d\u2019attendre la femme id\u00e9ale qu\u2019elle s\u2019est pr\u00e9sent\u00e9e \u00e0 lui. \u00abEt puis elle est arriv\u00e9e\u00bb, dit-il simplement. Trois mois plus tard, son chemin croisait celui de Camila Alves. Vingt ans apr\u00e8s, la magie op\u00e8re toujours\u00a0: elle reste \u00abla seule femme qu\u2019il ait jamais voulu inviter \u00e0 un rendez-vous, avec qui dormir ou aupr\u00e8s de qui se r\u00e9veiller\u00bb. Le couple, mari\u00e9 depuis 2012, \u00e9l\u00e8ve aujourd\u2019hui leurs trois enfants\u00a0:\u00a0<a href=\"http:\/\/madame.lefigaro.fr\/celebrites\/tel-pere-tel-fils-a-16-ans-le-fils-aine-de-matthew-mcconaughey-fait-ses-premiers-pas-d-acteur-20250505\" data-fig-type=\"Article\" data-gtm-custom-categorie=\"navigation\" data-gtm-custom-action=\"crossclick\" data-gtm-custom-label=\"Contextuel\" data-gtm-event=\"customEventSPE\" data-fig-domain=\"MADAME\" target=\"_blank\" rel=\"noopener\">Levi<\/a>, 17 ans,\u00a0<a href=\"https:\/\/madame.lefigaro.fr\/style\/photo-rare-cliche-de-vida-la-fille-de-matthew-mcconaughey-et-camila-alves-noel-231219-178839\" data-fig-type=\"Article\" data-gtm-custom-categorie=\"navigation\" data-gtm-custom-action=\"crossclick\" data-gtm-custom-label=\"Contextuel\" data-gtm-event=\"customEventSPE\" data-fig-domain=\"MADAME\" target=\"_blank\" rel=\"noopener\">Vida<\/a>, 15 ans, et\u00a0<a href=\"http:\/\/madame.lefigaro.fr\/celebrites\/actu-people\/matthew-mcconaughey-partage-des-photos-avec-son-plus-jeune-fils-livingston-pour-ses-12-ans-20241229\" data-fig-type=\"Article\" data-gtm-custom-categorie=\"navigation\" data-gtm-custom-action=\"crossclick\" data-gtm-custom-label=\"Contextuel\" data-gtm-event=\"customEventSPE\" data-fig-domain=\"MADAME\" target=\"_blank\" rel=\"noopener\">Livingston<\/a>, 12 ans.<\/p>\n<p>                                                                Leur dr\u00f4le de secret pour un mariage solide<\/p>\n<p class=\"fig-paragraph\">Pour autant, la long\u00e9vit\u00e9 de leur union ne reposerait pas uniquement sur une histoire de destin. En septembre, McConaughey d\u00e9voilait avec humour dans son recueil intitul\u00e9\u00a0<a href=\"http:\/\/madame.lefigaro.fr\/celebrites\/actu-people\/nous-nous-blottissons-l-un-contre-l-autre-quand-matthew-mcconaughey-decide-de-reduire-la-taille-de-son-lit-pour-preserver-son-mariage-20250921\" data-fig-type=\"Article\" data-gtm-custom-categorie=\"navigation\" data-gtm-custom-action=\"crossclick\" data-gtm-custom-label=\"Contextuel\" data-gtm-event=\"customEventSPE\" data-fig-domain=\"MADAME\" target=\"_blank\" rel=\"noopener\">Poems &amp; Prayers<\/a> \u00a0un conseil pour le moins inattendu\u00a0: dire adieu au lit king-size. Il raconte ce matin o\u00f9 il comprend que sa femme semble \u00ab\u00e0 un terrain de football\u00bb de lui. Le soir venu, m\u00eame constat\u00a0: trop d\u2019espace, pas assez de proximit\u00e9. \u00abCe fichu lit king-size n\u2019est pas bon pour le mariage\u00bb, plaisante-t-il. La solution\u00a0? Un lit queen-size, plus petit, plus intime. \u00ab\u00c9paule contre \u00e9paule. Je vous le dis\u00a0: c\u2019est bon pour le mariage.\u00bb<\/p>\n","protected":false},"excerpt":{"rendered":"Le 21 novembre, dans sa newsletter Lyrics of Livin\u2019, l\u2019acteur am\u00e9ricain revient avec franchise sur ses histoires pass\u00e9es,&hellip;\n","protected":false},"author":2,"featured_media":562682,"comment_status":"","ping_status":"","sticky":false,"template":"","format":"standard","meta":{"footnotes":""},"categories":[1359],"tags":[1000,1193,58,59,4651,1011,27,46208,973,2784],"class_list":{"0":"post-562681","1":"post","2":"type-post","3":"status-publish","4":"format-standard","5":"has-post-thumbnail","7":"category-people","8":"tag-celebrites","9":"tag-couple","10":"tag-divertissement","11":"tag-entertainment","12":"tag-femmes","13":"tag-fr","14":"tag-france","15":"tag-matthew-mcconaughey","16":"tag-people","17":"tag-youtube"},"share_on_mastodon":{"url":"https:\/\/pubeurope.com\/@fr\/115622743704369011","error":""},"_links":{"self":[{"href":"https:\/\/www.europesays.com\/fr\/wp-json\/wp\/v2\/posts\/562681","targetHints":{"allow":["GET"]}}],"collection":[{"href":"https:\/\/www.europesays.com\/fr\/wp-json\/wp\/v2\/posts"}],"about":[{"href":"https:\/\/www.europesays.com\/fr\/wp-json\/wp\/v2\/types\/post"}],"author":[{"embeddable":true,"href":"https:\/\/www.europesays.com\/fr\/wp-json\/wp\/v2\/users\/2"}],"replies":[{"embeddable":true,"href":"https:\/\/www.europesays.com\/fr\/wp-json\/wp\/v2\/comments?post=562681"}],"version-history":[{"count":0,"href":"https:\/\/www.europesays.com\/fr\/wp-json\/wp\/v2\/posts\/562681\/revisions"}],"wp:featuredmedia":[{"embeddable":true,"href":"https:\/\/www.europesays.com\/fr\/wp-json\/wp\/v2\/media\/562682"}],"wp:attachment":[{"href":"https:\/\/www.europesays.com\/fr\/wp-json\/wp\/v2\/media?parent=562681"}],"wp:term":[{"taxonomy":"category","embeddable":true,"href":"https:\/\/www.europesays.com\/fr\/wp-json\/wp\/v2\/categories?post=562681"},{"taxonomy":"post_tag","embeddable":true,"href":"https:\/\/www.europesays.com\/fr\/wp-json\/wp\/v2\/tags?post=562681"}],"curies":[{"name":"wp","href":"https:\/\/api.w.org\/{rel}","templated":true}]}}