{"id":562683,"date":"2025-11-27T17:03:17","date_gmt":"2025-11-27T17:03:17","guid":{"rendered":"https:\/\/www.europesays.com\/fr\/562683\/"},"modified":"2025-11-27T17:03:17","modified_gmt":"2025-11-27T17:03:17","slug":"une-eventuelle-hausse-des-tarifs-pour-les-visiteurs-hors-ue-est-en-discussion","status":"publish","type":"post","link":"https:\/\/www.europesays.com\/fr\/562683\/","title":{"rendered":"Une \u00e9ventuelle hausse des tarifs pour les visiteurs (hors-UE) est en discussion"},"content":{"rendered":"<p>Le conseil d\u2019administration du <a href=\"https:\/\/www.20minutes.fr\/dossier\/louvre\" class=\"c-link c-link--is-underlined\" target=\"_blank\" rel=\"noopener\">Louvre<\/a> se r\u00e9unit jeudi 27\u00a0novembre 2025, dans l\u2019apr\u00e8s-midi, pour d\u00e9cider d\u2019une hausse des tarifs pour les \u00e9trangers extra-europ\u00e9ens, une mesure voulue par le <a href=\"https:\/\/www.20minutes.fr\/dossier\/ministre_de_la_culture\" class=\"c-link c-link--is-underlined\" target=\"_blank\" rel=\"noopener\">minist\u00e8re de la Culture<\/a> et d\u00e9nonc\u00e9e par les syndicats, a appris l\u2019AFP aupr\u00e8s du <a href=\"https:\/\/www.20minutes.fr\/dossier\/musee\" class=\"c-link c-link--is-underlined\" target=\"_blank\" rel=\"noopener\">mus\u00e9e<\/a> et des organisations professionnelles.<\/p>\n<\/p>\n<p>Dans la tourmente depuis le <a href=\"https:\/\/www.20minutes.fr\/faits_divers\/faits-divers-paris\/4181769-20251027-cambriolage-louvre-visiblement-tres-pro-casse-siecle-vraiment\" class=\"c-link c-link--is-underlined\" target=\"_blank\" rel=\"noopener\">cambriolage du 19\u00a0octobre 2025<\/a>, le <a href=\"https:\/\/www.20minutes.fr\/diaporama\/diaporama-4136071-musees-plus-visites-monde-2024\" class=\"c-link c-link--is-underlined\" target=\"_blank\" rel=\"noopener\">mus\u00e9e le plus visit\u00e9 du monde<\/a> doit se prononcer sur une augmentation de 10 euros, \u00e0 32 euros, du billet d\u2019entr\u00e9e d\u00e8s la mi-janvier\u00a02026 pour ses visiteurs hors Espace \u00e9conomique europ\u00e9en (<a href=\"https:\/\/www.20minutes.fr\/dossier\/ue\" class=\"c-link c-link--is-underlined\" target=\"_blank\" rel=\"noopener\">Union europ\u00e9enne<\/a> et <a href=\"https:\/\/www.20minutes.fr\/dossier\/islande\" class=\"c-link c-link--is-underlined\" target=\"_blank\" rel=\"noopener\">Islande<\/a>, Liechtenstein, <a href=\"https:\/\/www.20minutes.fr\/dossier\/norvege\" class=\"c-link c-link--is-underlined\" target=\"_blank\" rel=\"noopener\">Norv\u00e8ge<\/a>).<\/p>\n<p>Dix euros pour la bonne cause\u00a0?<\/p>\n<p>Selon la <a href=\"https:\/\/www.20minutes.fr\/dossier\/cgt\" class=\"c-link c-link--is-underlined\" target=\"_blank\" rel=\"noopener\">CGT<\/a>, l\u2019issue du vote au sein du conseil d\u2019administration, qui compte 19 membres \u2013 dont quatre repr\u00e9sentants de l\u2019<a href=\"https:\/\/www.20minutes.fr\/dossier\/etat\" class=\"c-link c-link--is-underlined\" target=\"_blank\" rel=\"noopener\">\u00c9tat<\/a> \u2013, ne \u00ab\u00a0fait aucun doute\u00a0\u00bb. \u00ab\u00a0Ce sera act\u00e9\u00a0\u00bb, indique \u00e0 l\u2019AFP son d\u00e9l\u00e9gu\u00e9 au Louvre Gary Guillaud.<\/p>\n<p>Cette hausse avait \u00e9t\u00e9 propos\u00e9e en janvier par la ministre de la Culture <a href=\"https:\/\/www.20minutes.fr\/politique\/rachida_dati\" class=\"c-link c-link--is-underlined\" target=\"_blank\" rel=\"noopener\">Rachida Dati<\/a>, qui assurait vouloir \u00eatre \u00ab\u00a0innovante\u00a0\u00bb pour d\u00e9gager de nouvelles ressources apr\u00e8s l\u2019alerte lanc\u00e9e par la pr\u00e9sidente du Louvre Laurence des Cars <a href=\"https:\/\/www.20minutes.fr\/politique\/4135348-20250124-mauvais-etat-louvre-macron-rendra-musee-mardi\" class=\"c-link c-link--is-underlined\" target=\"_blank\" rel=\"noopener\">sur la v\u00e9tust\u00e9 de l\u2019\u00e9tablissement<\/a>.<\/p>\n<p>Les \u00e9trangers paieront la r\u00e9novation<\/p>\n<p>Selon la <a href=\"https:\/\/www.20minutes.fr\/dossier\/ministre\" class=\"c-link c-link--is-underlined\" target=\"_blank\" rel=\"noopener\">ministre<\/a>, les fonds g\u00e9n\u00e9r\u00e9s par cette hausse tarifaire seront aussi mobilis\u00e9s pour financer le vaste projet du pr\u00e9sident <a href=\"https:\/\/www.20minutes.fr\/politique\/emmanuel-macron\/\" class=\"c-link c-link--is-underlined\" target=\"_blank\" rel=\"noopener\">Emmanuel Macron<\/a> de <a href=\"https:\/\/www.20minutes.fr\/arts-stars\/culture\/4136165-20250129-lens-marseille-grand-palais-si-joconde-quittait-louvre-parisien\" class=\"c-link c-link--is-underlined\" target=\"_blank\" rel=\"noopener\">r\u00e9novation du Louvre<\/a>, r\u00e9cemment \u00e9valu\u00e9 par la Cour des comptes \u00e0 plus d\u2019un milliard d\u2019euros.<\/p>\n<p>Selon un r\u00e9cent rapport de la <a href=\"https:\/\/www.20minutes.fr\/dossier\/cour_des_comptes\" class=\"c-link c-link--is-underlined\" target=\"_blank\" rel=\"noopener\">Cour des comptes<\/a>, Le Louvre fait face \u00ab\u00a0\u00e0 un mur d\u2019investissements qu\u2019il n\u2019est pas en mesure de financer\u00a0\u00bb, faute notamment \u00ab\u00a0de hi\u00e9rarchisation de ses nombreux projets\u00a0\u00bb. Les premi\u00e8res conclusions de l\u2019enqu\u00eate administrative ordonn\u00e9e apr\u00e8s le <a href=\"https:\/\/www.20minutes.fr\/dossier\/casseurs\" class=\"c-link c-link--is-underlined\" target=\"_blank\" rel=\"noopener\">casse <\/a>du 19\u00a0octobre avaient, elles, point\u00e9 \u00ab\u00a0un sous-\u00e9quipement des dispositifs de s\u00e9curit\u00e9\u00a0\u00bb.<\/p>\n<p>Les syndicats vent debout<\/p>\n<p>Sollicit\u00e9e par l\u2019AFP, la direction du mus\u00e9e n\u2019a pas pu pr\u00e9ciser dans l\u2019imm\u00e9diat combien ce changement de tarification pourrait rapporter. Le prix du billet d\u2019entr\u00e9e \u00e9tait d\u00e9j\u00e0 pass\u00e9 de 17 \u00e0 22 euros en janvier\u00a02024 pour l\u2019ensemble des visiteurs. Pour m\u00e9moire, <a href=\"https:\/\/www.20minutes.fr\/arts-stars\/culture\/4132201-20250106-louvre-accueilli-presque-autant-visiteurs-2024-malgre-parenthese-jo-paris\" class=\"c-link c-link--is-underlined\" target=\"_blank\" rel=\"noopener\">le Louvre accueille pr\u00e8s de 9\u00a0millions de personnes par an<\/a>\u2026 dont 80\u00a0% d\u2019\u00e9trangers.<\/p>\n<p><a href=\"https:\/\/www.20minutes.fr\/dossier\/louvre\" class=\"c-link c-btn c-btn--primary\" target=\"_blank\" rel=\"noopener\">Notre dossier \u00ab Mus\u00e9e du Louvre \u00bb<\/a><\/p>\n<p>Au nom de \u00ab\u00a0l\u2019universalit\u00e9\u00a0\u00bb et de \u00ab\u00a0l\u2019acc\u00e8s \u00e0 la <a href=\"https:\/\/www.20minutes.fr\/arts-stars\/culture\/\" class=\"c-link c-link--is-underlined\" target=\"_blank\" rel=\"noopener\">culture\u00a0<\/a>\u00bb, les syndicats ont unanimement rejet\u00e9 cette hausse tarifaire\u00a0: \u00ab\u00a0Cette \u00e9volution disproportionn\u00e9e, inadmissible qui vient s\u2019ajouter <a href=\"https:\/\/www.20minutes.fr\/paris\/4070864-20240116-louvre-monuments-paris-augmentent-tarifs-2024\" class=\"c-link c-link--is-underlined\" target=\"_blank\" rel=\"noopener\">aux diff\u00e9rentes augmentations tarifaires significatives observ\u00e9es ces derni\u00e8res ann\u00e9es<\/a>, ne participe pas \u00e0 r\u00e9aliser l\u2019universel vis\u00e9 puisqu\u2019il rend l\u2019acc\u00e8s \u00e0 nos collections plus difficile\u00a0\u00bb, \u00e9crit la CGT dans un communiqu\u00e9.<\/p>\n","protected":false},"excerpt":{"rendered":"Le conseil d\u2019administration du Louvre se r\u00e9unit jeudi 27\u00a0novembre 2025, dans l\u2019apr\u00e8s-midi, pour d\u00e9cider d\u2019une hausse des tarifs&hellip;\n","protected":false},"author":2,"featured_media":562684,"comment_status":"","ping_status":"","sticky":false,"template":"","format":"standard","meta":{"footnotes":""},"categories":[1358],"tags":[1348,1384,1385,13940,15721,3590,251,1386,58,1073,59,1011,27,11274,2616,3048,4919,417,2549,555],"class_list":{"0":"post-562683","1":"post","2":"type-post","3":"status-publish","4":"format-standard","5":"has-post-thumbnail","7":"category-arts-et-design","8":"tag-arts","9":"tag-arts-and-design","10":"tag-arts-et-design","11":"tag-billetterie","12":"tag-cour-des-comptes","13":"tag-cout","14":"tag-culture","15":"tag-design","16":"tag-divertissement","17":"tag-emmanuel-macron","18":"tag-entertainment","19":"tag-fr","20":"tag-france","21":"tag-louvre","22":"tag-ministre-de-la-culture","23":"tag-musee","24":"tag-president","25":"tag-rachida-dati","26":"tag-taxe","27":"tag-union-europeenne-ue"},"share_on_mastodon":{"url":"https:\/\/pubeurope.com\/@fr\/115622746715857488","error":""},"_links":{"self":[{"href":"https:\/\/www.europesays.com\/fr\/wp-json\/wp\/v2\/posts\/562683","targetHints":{"allow":["GET"]}}],"collection":[{"href":"https:\/\/www.europesays.com\/fr\/wp-json\/wp\/v2\/posts"}],"about":[{"href":"https:\/\/www.europesays.com\/fr\/wp-json\/wp\/v2\/types\/post"}],"author":[{"embeddable":true,"href":"https:\/\/www.europesays.com\/fr\/wp-json\/wp\/v2\/users\/2"}],"replies":[{"embeddable":true,"href":"https:\/\/www.europesays.com\/fr\/wp-json\/wp\/v2\/comments?post=562683"}],"version-history":[{"count":0,"href":"https:\/\/www.europesays.com\/fr\/wp-json\/wp\/v2\/posts\/562683\/revisions"}],"wp:featuredmedia":[{"embeddable":true,"href":"https:\/\/www.europesays.com\/fr\/wp-json\/wp\/v2\/media\/562684"}],"wp:attachment":[{"href":"https:\/\/www.europesays.com\/fr\/wp-json\/wp\/v2\/media?parent=562683"}],"wp:term":[{"taxonomy":"category","embeddable":true,"href":"https:\/\/www.europesays.com\/fr\/wp-json\/wp\/v2\/categories?post=562683"},{"taxonomy":"post_tag","embeddable":true,"href":"https:\/\/www.europesays.com\/fr\/wp-json\/wp\/v2\/tags?post=562683"}],"curies":[{"name":"wp","href":"https:\/\/api.w.org\/{rel}","templated":true}]}}