{"id":562685,"date":"2025-11-27T17:05:25","date_gmt":"2025-11-27T17:05:25","guid":{"rendered":"https:\/\/www.europesays.com\/fr\/562685\/"},"modified":"2025-11-27T17:05:25","modified_gmt":"2025-11-27T17:05:25","slug":"star-academy-ce-professeur-menace-de-mort-suite-a-certaines-nominations","status":"publish","type":"post","link":"https:\/\/www.europesays.com\/fr\/562685\/","title":{"rendered":"\u00ab\u00a0Star Academy\u00a0\u00bb : ce professeur menac\u00e9 de mort suite \u00e0 certaines nominations"},"content":{"rendered":"<p>      R\u00e9sum\u00e9<\/p>\n<p>Un professeur de la Star Academy a r\u00e9v\u00e9l\u00e9 avoir re\u00e7u des menaces de mort apr\u00e8s certaines \u00e9liminations, soulignant la pression intense autour du programme.<\/p>\n<p>        Sommaire<\/p>\n<p>Ce n&rsquo;est plus un secret pour personne, la <a href=\"https:\/\/www.public.fr\/tag\/star-academy\" target=\"_blank\" rel=\"noopener\"><strong>Star Academy<\/strong><\/a> est l&rsquo;une des \u00e9missions les plus appr\u00e9ci\u00e9es des t\u00e9l\u00e9spectateurs en France. <\/p>\n<p>Et si le programme a disparu des \u00e9crans pendant plusieurs ann\u00e9es, son come-back n&rsquo;a fait que confirmer son succ\u00e8s. <\/p>\n<p>La 13\u1d49 saison vient d&rsquo;ailleurs d&rsquo;\u00eatre lanc\u00e9e. Et pour l&rsquo;occasion, plusieurs professeurs se sont livr\u00e9s dans les m\u00e9dias. <\/p>\n<p><strong>Oscar Sisto<\/strong>, ex-enseignant de th\u00e9\u00e2tre, est notamment revenu sur son exp\u00e9rience au sein du ch\u00e2teau dans un entretien mis en ligne sur la cha\u00eene YouTube de <a href=\"https:\/\/www.instagram.com\/samzirah\/?hl=fr\" target=\"_blank\" rel=\"noreferrer noopener\">Sam Zirah<\/a> ce mardi 25 novembre 2025.<\/p>\n<p>Star Academy : Oscar Sisto face \u00e0 des menaces de mort <\/p>\n<p>Bien qu&rsquo;excellent dans son domaine, Oscar Sisto a bel et bien essuy\u00e9 <strong>la col\u00e8re des t\u00e9l\u00e9spectateurs<\/strong> \u00e0 plusieurs reprises. Certains d&rsquo;entre eux se sont m\u00eame montr\u00e9s particuli\u00e8rement mena\u00e7ants.  <\/p>\n<p>\u00ab\u00a0\u00c7a nous est arriv\u00e9. <strong>On a \u00e9t\u00e9 menac\u00e9s de mort suite \u00e0 quelques \u00e9liminations<\/strong>\u2026 Donc on avait des flics en bas de chez nous. Oui\u2026 Je trouve tout \u00e7a d\u00e9mesur\u00e9 et d\u00e9plac\u00e9. Hanouna dit :\u00a0&lsquo;la t\u00e9l\u00e9, ce n&rsquo;est que de la t\u00e9l\u00e9&rsquo;.\u00a0L\u00e0, ce n&rsquo;est qu&rsquo;un concours de chant de plus\u00a0! Et si tu passes un concours au conservatoire ou pour la fac de m\u00e9decine, tu passes des examens et parfois, tu n&rsquo;es pas pris\u00a0! Sauf que personne ne te filme. On ne prend pas tout le monde non plus\u00a0\u00bb, a-t-il ainsi r\u00e9v\u00e9l\u00e9. <\/p>\n<p>Rapha\u00eblle Ricci confirme sur ses r\u00e9seaux sociaux<\/p>\n<p>Ce n&rsquo;est \u00e9videmment pas la premi\u00e8re fois qu&rsquo;un enseignant de la Star Academy \u00e9voque les menaces des fans. <\/p>\n<p>En 2020, c&rsquo;est lors d&rsquo;un live organis\u00e9 sur son compte Instagram que <strong>Rapha\u00eblle Ricci<\/strong>, ancienne professeure d&rsquo;expression sc\u00e9nique connue pour sa s\u00e9v\u00e9rit\u00e9, avait ainsi confi\u00e9 : \u00ab\u00a0<strong>J&rsquo;ai re\u00e7u des menaces<\/strong>. Au fil des ans, cette \u00e9mission avait pris tellement d\u2019ampleur, m\u00e9diatiquement parlant, que \u00e7a a \u00e9t\u00e9 super compliqu\u00e9 \u00e0 g\u00e9rer. J&rsquo;avais des crottes de chiens dans ma bo\u00eete aux lettres, des gens venaient devant chez moi\u00a0\u00bb. De sacr\u00e9es d\u00e9clarations. <\/p>\n<p>\n          Hits &amp; People en continu\n        <\/p>\n<p>\n          Public Radio\n        <\/p>\n<p>      Mentionn\u00e9s dans cet article<\/p>\n<p>      Sur le m\u00eame sujet<\/p>\n<p>  <script async src=\"\/\/www.instagram.com\/embed.js\"><\/script><\/p>\n","protected":false},"excerpt":{"rendered":"R\u00e9sum\u00e9 Un professeur de la Star Academy a r\u00e9v\u00e9l\u00e9 avoir re\u00e7u des menaces de mort apr\u00e8s certaines \u00e9liminations,&hellip;\n","protected":false},"author":2,"featured_media":562686,"comment_status":"","ping_status":"","sticky":false,"template":"","format":"standard","meta":{"footnotes":""},"categories":[1356],"tags":[58,59,1011,27,24088,67889,5095,252,199,1364],"class_list":{"0":"post-562685","1":"post","2":"type-post","3":"status-publish","4":"format-standard","5":"has-post-thumbnail","7":"category-television","8":"tag-divertissement","9":"tag-entertainment","10":"tag-fr","11":"tag-france","12":"tag-menace-de-mort","13":"tag-oscar-sisto","14":"tag-star-academy","15":"tag-television","16":"tag-tf1","17":"tag-tv"},"share_on_mastodon":{"url":"https:\/\/pubeurope.com\/@fr\/115622754590922768","error":""},"_links":{"self":[{"href":"https:\/\/www.europesays.com\/fr\/wp-json\/wp\/v2\/posts\/562685","targetHints":{"allow":["GET"]}}],"collection":[{"href":"https:\/\/www.europesays.com\/fr\/wp-json\/wp\/v2\/posts"}],"about":[{"href":"https:\/\/www.europesays.com\/fr\/wp-json\/wp\/v2\/types\/post"}],"author":[{"embeddable":true,"href":"https:\/\/www.europesays.com\/fr\/wp-json\/wp\/v2\/users\/2"}],"replies":[{"embeddable":true,"href":"https:\/\/www.europesays.com\/fr\/wp-json\/wp\/v2\/comments?post=562685"}],"version-history":[{"count":0,"href":"https:\/\/www.europesays.com\/fr\/wp-json\/wp\/v2\/posts\/562685\/revisions"}],"wp:featuredmedia":[{"embeddable":true,"href":"https:\/\/www.europesays.com\/fr\/wp-json\/wp\/v2\/media\/562686"}],"wp:attachment":[{"href":"https:\/\/www.europesays.com\/fr\/wp-json\/wp\/v2\/media?parent=562685"}],"wp:term":[{"taxonomy":"category","embeddable":true,"href":"https:\/\/www.europesays.com\/fr\/wp-json\/wp\/v2\/categories?post=562685"},{"taxonomy":"post_tag","embeddable":true,"href":"https:\/\/www.europesays.com\/fr\/wp-json\/wp\/v2\/tags?post=562685"}],"curies":[{"name":"wp","href":"https:\/\/api.w.org\/{rel}","templated":true}]}}