{"id":562691,"date":"2025-11-27T17:09:18","date_gmt":"2025-11-27T17:09:18","guid":{"rendered":"https:\/\/www.europesays.com\/fr\/562691\/"},"modified":"2025-11-27T17:09:18","modified_gmt":"2025-11-27T17:09:18","slug":"developpement-cerebral-a-quel-age-est-on-vraiment-adulte","status":"publish","type":"post","link":"https:\/\/www.europesays.com\/fr\/562691\/","title":{"rendered":"D\u00e9veloppement c\u00e9r\u00e9bral : \u00e0 quel \u00e2ge est-on vraiment adulte ?"},"content":{"rendered":"<p>             <a href=\"https:\/\/ma-sante.news\/wp-content\/uploads\/2025\/11\/Du-berceau-au-grand-age-les-quatre-moments-ou-notre-cerveau-change-vraiment-et-devient-adulte-Ma-Sante.jpg\" data-caption=\"Du d\u00e9veloppement rapide de l\u2019enfance aux r\u00e9organisations propres au tr\u00e8s grand \u00e2ge, le cerveau \u00e9volue tout au long de la vie et n&#039;est jamais totalement stable. \u00a9 Freepik\" target=\"_blank\" rel=\"noopener\"><img loading=\"lazy\" decoding=\"async\" width=\"696\" height=\"465\" class=\"entry-thumb td-modal-image ewww_webp_lazy_load\" src=\"data:image\/svg+xml,%3Csvg%20xmlns=\" http:=\"\" data-lazy- data-lazy- alt=\"Un couple d'adultes qui joue \u00e0 des jeux d'adolescents.\" title=\"Du berceau au grand a\u0302ge les quatre moments ou\u0300 notre cerveau change vraiment et devient adulte Ma Sante\u0301\" data-lazy-src=\"https:\/\/www.europesays.com\/fr\/wp-content\/uploads\/2025\/11\/Du-berceau-au-grand-age-les-quatre-moments-ou-notre-cerveau-change-vraiment-et-devient-adulte-Ma-San.jpeg\" data-lazy-src-webp=\"https:\/\/www.europesays.com\/fr\/wp-content\/uploads\/2025\/11\/Du-berceau-au-grand-age-les-quatre-moments-ou-notre-cerveau-change-vraiment-et-devient-adulte-Ma-San.jpeg.webp\" data-lazy-srcset-webp=\"https:\/\/www.europesays.com\/fr\/wp-content\/uploads\/2025\/11\/Du-berceau-au-grand-age-les-quatre-moments-ou-notre-cerveau-change-vraiment-et-devient-adulte-Ma-San.jpeg.webp 696w, https:\/\/ma-sante.news\/wp-content\/uploads\/2025\/11\/Du-berceau-au-grand-age-les-quatre-moments-ou-notre-cerveau-change-vraiment-et-devient-adulte-Ma-Sante-300x200.jpg.webp 300w, https:\/\/ma-sante.news\/wp-content\/uploads\/2025\/11\/Du-berceau-au-grand-age-les-quatre-moments-ou-notre-cerveau-change-vraiment-et-devient-adulte-Ma-Sante-768x513.jpg.webp 768w, https:\/\/ma-sante.news\/wp-content\/uploads\/2025\/11\/Du-berceau-au-grand-age-les-quatre-moments-ou-notre-cerveau-change-vraiment-et-devient-adulte-Ma-Sante-629x420.jpg.webp 629w, https:\/\/ma-sante.news\/wp-content\/uploads\/2025\/11\/Du-berceau-au-grand-age-les-quatre-moments-ou-notre-cerveau-change-vraiment-et-devient-adulte-Ma-Sante.jpg.webp 800w\"\/><\/a>Du d\u00e9veloppement rapide de l\u2019enfance aux r\u00e9organisations propres au tr\u00e8s grand \u00e2ge, le cerveau \u00e9volue tout au long de la vie et n&rsquo;est jamais totalement stable. \u00a9 Freepik                                    \t\t\t             <a class=\"gofollow\" data-track=\"MjgsMCw2MA==\" href=\"https:\/\/ma-sante.news\/inscrivez-vous-a-notre-newsletter\/\" target=\"_blank\" rel=\"noopener\"><img loading=\"lazy\" decoding=\"async\" width=\"1068\" height=\"131\" src=\"data:image\/svg+xml,%3Csvg%20xmlns=\" http:=\"\" data-lazy-src=\"https:\/\/www.europesays.com\/fr\/wp-content\/uploads\/2025\/03\/banniere-newsletter.png\"\/><\/a> <\/p>\n<p>Pendant des d\u00e9cennies, on a pens\u00e9 que le cerveau suivait un cycle assez simple : croissance fulgurante dans l\u2019enfance, maturation dans l\u2019adolescence, <a href=\"https:\/\/ma-sante.news\/a-quel-age-notre-cerveau-est-il-au-sommet-de-ses-capacites-intellectuelles\/\" target=\"_blank\" rel=\"noopener\">plateau \u00e0 l\u2019\u00e2ge adulte et d\u00e9clin progressif apr\u00e8s 60 ans<\/a>. Mais une \u00e9tude publi\u00e9e par l\u2019Universit\u00e9 de Cambridge vient d\u2019apporter une vision beaucoup plus nuanc\u00e9e et plus surprenante.<\/p>\n<p>En observant la topologie du cerveau, c\u2019est-\u00e0-dire l\u2019organisation des r\u00e9seaux neuronaux \u00e0 travers la mati\u00e8re blanche, les chercheurs ont mis en \u00e9vidence quatre moments pr\u00e9cis o\u00f9 notre cerveau change de configuration. Des points de bascule structurels qui d\u00e9coupent notre vie mentale en cinq grandes phases.<\/p>\n<p>        Le premier basculement : 9 ans, la sortie de l\u2019enfance c\u00e9r\u00e9brale    <strong>Un \u00e2ge charni\u00e8re o\u00f9 la foisonnance laisse place \u00e0 la pr\u00e9cision<\/strong>    <\/p>\n<p>Dans les premi\u00e8res ann\u00e9es de vie, le cerveau construit partout, tr\u00e8s vite. Les neurones se multiplient, les connexions se forment par millions, la mati\u00e8re grise atteint un volume impressionnant.<\/p>\n<p>Et vers 9 ans, quelque chose se passe. Ce n\u2019est pas une rupture visible de l\u2019ext\u00e9rieur, mais une transition interne profonde, que l\u2019\u00e9tude de l\u2019Universit\u00e9 de Cambridge a pu capturer gr\u00e2ce \u00e0 l\u2019analyse fine de la mati\u00e8re blanche, ces fibres qui assurent la communication entre les r\u00e9gions c\u00e9r\u00e9brales.<\/p>\n<p>Les chercheurs constatent alors une forme de changement de tempo. L\u00e0 o\u00f9 le cerveau produisait jusque-l\u00e0 des connexions \u00e0 un rythme effr\u00e9n\u00e9, il commence \u00e0 ralentir pour mieux organiser. Les circuits neuronaux se resserrent, s\u2019\u00e9purent, adoptent une organisation plus lisible. On n\u2019est plus dans la construction fr\u00e9n\u00e9tique, mais dans la mise en ordre, la rationalisation des r\u00e9seaux.<\/p>\n<p>        <strong>Alors, qu\u2019est-ce qui change vraiment \u00e0 cet \u00e2ge ?\u00a0<\/strong>    <\/p>\n<p>Selon les analyses structurales, la connectivit\u00e9 bascule vers un mod\u00e8le plus efficace :<\/p>\n<ul class=\"wp-block-list\">\n<li>la croissance brute diminue,<\/li>\n<li>la sp\u00e9cialisation augmente,<\/li>\n<li>les connexions deviennent plus cibl\u00e9es plut\u00f4t que dispers\u00e9es,<\/li>\n<li>la structure g\u00e9n\u00e9rale gagne en coh\u00e9rence.<\/li>\n<\/ul>\n<p>En d\u2019autres termes, autour de 9 ans, le cerveau commence \u00e0 fonctionner comme un r\u00e9seau organis\u00e9, et non plus comme un terrain d\u2019exp\u00e9rimentation permanent. Les chercheurs parlent d\u2019un passage d\u2019un \u201cmode expansion\u201d \u00e0 un \u201cmode optimisation\u201d.<\/p>\n<p>Cette bascule marque la fin de l\u2019enfance neurologique, m\u00eame si l\u2019enfance sociale se prolonge bien s\u00fbr. C\u2019est le moment o\u00f9 le cerveau cesse d\u2019explorer toutes les options possibles pour commencer \u00e0 consolider celles qui lui seront vraiment utiles.<\/p>\n<p>        Le deuxi\u00e8me basculement : 32 ans, l\u2019entr\u00e9e dans la maturit\u00e9 structurelle    <strong>Un \u00e2ge inattendu pour devenir \u201cadulte\u201d\u2026 sur le plan neuronal<\/strong>    <\/p>\n<p>Selon l\u2019\u00e9quipe de Cambridge, notre cerveau n\u2019atteint pas sa forme pleinement mature \u00e0 18 ans, ni m\u00eame \u00e0 25 ans, mais plut\u00f4t autour de 32 ans. Non pas l\u2019\u00e2ge adulte tel que la soci\u00e9t\u00e9 le con\u00e7oit mais l\u2019\u00e2ge adulte neurologique. Celui mesur\u00e9 par les fibres de la mati\u00e8re blanche et la structure globale des r\u00e9seaux c\u00e9r\u00e9braux.<\/p>\n<p>Durant plus de deux d\u00e9cennies, la mati\u00e8re blanche continue de s\u2019\u00e9paissir, de se my\u00e9liniser, de se renforcer. C\u2019est un travail patient, presque artisanal, qui vise \u00e0 am\u00e9liorer la qualit\u00e9 de la communication interne.<\/p>\n<p>Vers 32 ans, les chercheurs observent alors un basculement net :<\/p>\n<ul class=\"wp-block-list\">\n<li>les grandes voies de communication atteignent une stabilit\u00e9 structurelle,<\/li>\n<li>les r\u00e9seaux neuronaux adoptent une organisation optimale,<\/li>\n<li>les interactions entre r\u00e9gions deviennent plus efficaces et plus harmonieuses,<\/li>\n<li>la topologie, la \u201ccarte interne\u201d du cerveau, ressemble enfin \u00e0 sa forme adulte d\u00e9finitive.<\/li>\n<\/ul>\n<p>C\u2019est ce que les auteurs appellent l\u2019\u201cadult mode\u201d, un cerveau d\u00e9sormais arriv\u00e9 au sommet de sa coh\u00e9rence interne.<\/p>\n<p>        <strong>Attention : maturit\u00e9 du cerveau n\u2019est pas maturit\u00e9 int\u00e9rieure<\/strong>    <\/p>\n<p>Le fait que la structure soit arriv\u00e9e \u00e0 maturit\u00e9 ne signifie pas que la personnalit\u00e9, les \u00e9motions, les comportements ou les comp\u00e9tences cognitives cessent d\u2019\u00e9voluer. L\u2019\u00e9tude ne mesure ni l\u2019intelligence, ni la cr\u00e9ativit\u00e9, ni la stabilit\u00e9 \u00e9motionnelle.<\/p>\n<p>Elle observe uniquement l\u2019organisation anatomique et fonctionnelle des r\u00e9seaux de mati\u00e8re blanche. Autrement dit, \u00e0 32 ans, le cerveau est \u201cfini\u201d sur le plan du c\u00e2blage, mais il reste pleinement mall\u00e9able sur le plan psychologique et cognitif.<\/p>\n<p>        Le troisi\u00e8me basculement : 66 ans, le d\u00e9but du vieillissement c\u00e9r\u00e9bral    <\/p>\n<p>Selon l\u2019analyse men\u00e9e par l\u2019Universit\u00e9 de Cambridge, un troisi\u00e8me point de bascule appara\u00eet vers 66 ans. Les donn\u00e9es montrent qu\u2019\u00e0 partir de l\u00e0, plusieurs indicateurs structurels \u00e9voluent :<\/p>\n<ul class=\"wp-block-list\">\n<li>les connexions entre r\u00e9gions \u00e9loign\u00e9es deviennent un peu moins robustes,<\/li>\n<li>certains grands r\u00e9seaux c\u00e9r\u00e9braux montrent des signes de ralentissement organisationnel,<\/li>\n<li>la mati\u00e8re blanche, essentielle pour la communication interne, commence \u00e0 se r\u00e9duire, ph\u00e9nom\u00e8ne d\u00e9j\u00e0 d\u00e9crit par l\u2019INSERM dans ses travaux sur le vieillissement.<\/li>\n<\/ul>\n<p><a href=\"https:\/\/ma-sante.news\/a-partir-de-quel-age-notre-corps-commence-t-il-vraiment-a-vieillir\/\" target=\"_blank\" rel=\"noopener\">Le cerveau ne d\u00e9cline pas d\u2019un coup, il r\u00e9ajuste sa mani\u00e8re de fonctionner<\/a>. Les \u00e9changes entre r\u00e9gions se font simplement un peu moins rapidement, comme si l\u2019orchestre interne adoptait un tempo plus doux.<\/p>\n<p>        Le quatri\u00e8me basculement : 83 ans, la phase de vieillesse tardive    <\/p>\n<p>Le dernier basculement identifi\u00e9 par l\u2019\u00e9quipe de Cambridge survient autour de 83 ans. C\u2019est une zone encore difficile \u00e0 explorer. Non pas par manque d\u2019int\u00e9r\u00eat scientifique, mais parce que les \u00e9tudes disposant d\u2019un grand nombre de participants \u00e0 cet \u00e2ge sont rares. \u00c0 cet \u00e2ge avanc\u00e9, les grandes autoroutes de la connectivit\u00e9 c\u00e9r\u00e9brale s\u2019amenuisent progressivement.<br \/>Les chercheurs observent :<\/p>\n<ul class=\"wp-block-list\">\n<li>une baisse suppl\u00e9mentaire des connexions globales,<\/li>\n<li>un fonctionnement des r\u00e9seaux plus local qu\u2019interconnect\u00e9,<\/li>\n<li>des r\u00e9gions c\u00e9r\u00e9brales qui op\u00e8rent parfois de mani\u00e8re plus autonome, comme si les \u00e9changes longue distance s\u2019essoufflaient.<\/li>\n<\/ul>\n<p>Cette configuration signe l\u2019entr\u00e9e dans ce que Cambridge appelle la \u201clate ageing phase\u201d, une phase propre au tr\u00e8s grand \u00e2ge, o\u00f9 le cerveau adopte une organisation plus fragment\u00e9e, mais toujours active.<\/p>\n<blockquote class=\"wp-block-quote is-layout-flow wp-block-quote-is-layout-flow\">\n<p><strong>\u00c0 SAVOIR<\/strong><\/p>\n<p>Pourquoi parle-t-on de \u201cl\u2019\u00e2ge de raison\u201d \u00e0 7 ans ? L\u2019expression vient d\u2019une observation ancienne reprise par les psychologues du d\u00e9veloppement : autour de 6-7 ans, l\u2019enfant commence \u00e0 raisonner de mani\u00e8re plus logique et stable. Jean Piaget, figure majeure de la psychologie cognitive, situait d\u2019ailleurs le d\u00e9but du stade des op\u00e9rations concr\u00e8tes vers cet \u00e2ge, moment o\u00f9 l\u2019enfant comprend mieux les r\u00e8gles, la causalit\u00e9 et devient capable de pens\u00e9e plus structur\u00e9e.<\/p>\n<\/blockquote>\n<p>  <a class=\"gofollow\" data-track=\"MTIsMCw2MA==\" href=\"https:\/\/ma-sante.news\/annonceurs\/\" target=\"_blank\" rel=\"noopener\"><img loading=\"lazy\" decoding=\"async\" width=\"2560\" height=\"2133\" src=\"data:image\/svg+xml,%3Csvg%20xmlns=\" http:=\"\" data-lazy-src=\"https:\/\/www.europesays.com\/fr\/wp-content\/uploads\/2025\/03\/pub-annonceurs-4-scaled.jpg\"\/><\/a>    <img loading=\"lazy\" decoding=\"async\" width=\"755\" height=\"495\" src=\"data:image\/svg+xml,%3Csvg%20xmlns=\" http:=\"\" data-lazy-src=\"https:\/\/www.europesays.com\/fr\/wp-content\/uploads\/2025\/03\/Image1.jpg\" data-lazy-src-webp=\"https:\/\/www.europesays.com\/fr\/wp-content\/uploads\/2025\/03\/Image1.jpg.webp\" class=\"ewww_webp_lazy_load\"\/>Inscrivez-vous \u00e0 notre newsletter <br \/>Ma Sant\u00e9                      <\/p>\n","protected":false},"excerpt":{"rendered":"Du d\u00e9veloppement rapide de l\u2019enfance aux r\u00e9organisations propres au tr\u00e8s grand \u00e2ge, le cerveau \u00e9volue tout au long&hellip;\n","protected":false},"author":2,"featured_media":562692,"comment_status":"","ping_status":"","sticky":false,"template":"","format":"standard","meta":{"footnotes":""},"categories":[10],"tags":[231,1011,27,72,71],"class_list":{"0":"post-562691","1":"post","2":"type-post","3":"status-publish","4":"format-standard","5":"has-post-thumbnail","7":"category-sante","8":"tag-cerveau","9":"tag-fr","10":"tag-france","11":"tag-health","12":"tag-sante"},"share_on_mastodon":{"url":"https:\/\/pubeurope.com\/@fr\/115622770453970133","error":""},"_links":{"self":[{"href":"https:\/\/www.europesays.com\/fr\/wp-json\/wp\/v2\/posts\/562691","targetHints":{"allow":["GET"]}}],"collection":[{"href":"https:\/\/www.europesays.com\/fr\/wp-json\/wp\/v2\/posts"}],"about":[{"href":"https:\/\/www.europesays.com\/fr\/wp-json\/wp\/v2\/types\/post"}],"author":[{"embeddable":true,"href":"https:\/\/www.europesays.com\/fr\/wp-json\/wp\/v2\/users\/2"}],"replies":[{"embeddable":true,"href":"https:\/\/www.europesays.com\/fr\/wp-json\/wp\/v2\/comments?post=562691"}],"version-history":[{"count":0,"href":"https:\/\/www.europesays.com\/fr\/wp-json\/wp\/v2\/posts\/562691\/revisions"}],"wp:featuredmedia":[{"embeddable":true,"href":"https:\/\/www.europesays.com\/fr\/wp-json\/wp\/v2\/media\/562692"}],"wp:attachment":[{"href":"https:\/\/www.europesays.com\/fr\/wp-json\/wp\/v2\/media?parent=562691"}],"wp:term":[{"taxonomy":"category","embeddable":true,"href":"https:\/\/www.europesays.com\/fr\/wp-json\/wp\/v2\/categories?post=562691"},{"taxonomy":"post_tag","embeddable":true,"href":"https:\/\/www.europesays.com\/fr\/wp-json\/wp\/v2\/tags?post=562691"}],"curies":[{"name":"wp","href":"https:\/\/api.w.org\/{rel}","templated":true}]}}