{"id":5627,"date":"2025-04-06T15:41:10","date_gmt":"2025-04-06T15:41:10","guid":{"rendered":"https:\/\/www.europesays.com\/fr\/5627\/"},"modified":"2025-04-06T15:41:10","modified_gmt":"2025-04-06T15:41:10","slug":"le-psg-intouchable-et-deja-champion-pain-beni-ou-fatalite-pour-la-ligue-1","status":"publish","type":"post","link":"https:\/\/www.europesays.com\/fr\/5627\/","title":{"rendered":"Le PSG intouchable et d\u00e9j\u00e0 champion, \u00ab\u00a0pain b\u00e9ni\u00a0\u00bb ou fatalit\u00e9 pour la Ligue 1\u00a0?"},"content":{"rendered":"<p>Au Parc des Princes,<\/p>\n<p>\u00c7a n\u2019a pas \u00e9t\u00e9 la d\u00e9monstration imagin\u00e9e, mais peu importe. Cette <a href=\"https:\/\/www.20minutes.fr\/sport\/football\/ligue-1\/4146883-20250405-direct-psg-angers-deja-derniere-marche-vers-titre-champion-parisiens-venez-suivre-sacre\" target=\"_blank\" class=\"color-ultramarine c-link\" rel=\"noopener\">victoire du PSG sur le plus petit des scores face \u00e0 Angers<\/a>, samedi, ent\u00e9rine tout aussi bien ce qui \u00e9tait attendu depuis plusieurs semaines maintenant. Les Parisiens sont assur\u00e9s du titre de <a href=\"https:\/\/www.20minutes.fr\/sport\/ligue-1\/\" target=\"_blank\" class=\"color-ultramarine c-link\" rel=\"noopener\">champions de France<\/a>, pour la 13e fois de leur histoire et la 11e depuis l\u2019arriv\u00e9e aux commandes de QSI. La mainmise parisienne sur le foot fran\u00e7ais est totale. Jusqu\u2019\u00e0 l\u2019\u00e9c\u0153urement\u00a0? Le mot est sans doute un peu fort, mais c\u2019est pour bien cerner l\u2019id\u00e9e g\u00e9n\u00e9rale.<\/p>\n<p>Le titre de champion est presque devenu un non-\u00e9v\u00e9nement s\u2019agissant du <a href=\"https:\/\/www.20minutes.fr\/sport\/psg\/\" target=\"_blank\" class=\"color-ultramarine c-link\" rel=\"noopener\">PSG<\/a>. Comme s\u2019il faisait partie du paysage, un truc pos\u00e9 l\u00e0 et auquel plus personne ne fait attention. Pour les autres, en tout cas. Car les Parisiens et leurs supporters avaient le sourire, bien s\u00fbr, au coup de sifflet final, et leur communion au pied de la tribune Auteuil n\u2019avait rien de forc\u00e9e. On aurait m\u00eame dit qu\u2019elle avait un petit truc en plus par rapport aux saisons pr\u00e9c\u00e9dentes, preuve peut-\u00eatre que tout le monde est enfin align\u00e9 dans ce club.<\/p>\n<\/p>\n<p>\u00ab\u00a0On a gagn\u00e9 beaucoup, mais c\u2019est toujours le pr\u00e9sent qui est important, raconte Marquinhos, qui en a vu passer depuis son arriv\u00e9e en\u00a02013. Cette saison on a vu de belles choses, ce titre valorise notre travail. J\u2019ai dit \u00e0 tout le monde de bien profiter, de c\u00e9l\u00e9brer, de prendre tous les titres qu\u2019on peut parce que quand on ne gagne pas, \u00e7a fait toujours mal.\u00a0\u00bb<\/p>\n<p>\u00c7a n\u2019arrive pas tr\u00e8s souvent. Depuis\u00a02011, le PSG a remport\u00e9 35 troph\u00e9es nationaux. L\u2019OM, l\u2019OL et le Losc suivent avec\u2026 deux titres. Tout \u00e7a interroge sur l\u2019int\u00e9r\u00eat de notre football, quand m\u00eame. Cette saison, au-del\u00e0 de l\u2019\u00e9cart de points en championnat, c\u2019est le foss\u00e9 abyssal entre le niveau de jeu du PSG et celui des 17 autres \u00e9quipes qui interpelle. Depuis le mois de d\u00e9cembre, les Parisiens se baladent litt\u00e9ralement sur le sol fran\u00e7ais. Ils ont inscrit 26 buts de plus que l\u2019OM, deuxi\u00e8me attaque du championnat (80 contre 54, avec un match en plus). Ils sont les patrons qui d\u00e9cident seuls quand ils ont envie d\u2019acc\u00e9l\u00e9rer et d\u2019enfoncer les autres.<\/p>\n<p>Le reste de la Ligue 1 dans un sale \u00e9tat<\/p>\n<p>Saison apr\u00e8s saison, l\u2019impression que ce PSG despote fait plus de mal que de bien \u00e0 la Ligue 1 se renforce. Enfin, d\u2019un point de vue ext\u00e9rieur et non partisan. Les supporters auront un avis diff\u00e9rent, et si l\u2019on se place au niveau \u00e9conomique, c\u2019est tout un monde qui s\u2019effondrerait sans le club parisien. \u00ab\u00a0Il n\u2019y a pas de question \u00e0 se poser, le PSG est un atout exceptionnel pour la Ligue 1 et heureusement qu\u2019elle l\u2019a aujourd\u2019hui comme produit d\u2019appel, tranche Virgile Caille, sp\u00e9cialiste de l\u2019\u00e9conomie du sport. C\u2019est du pain b\u00e9ni pour le championnat, pour son attractivit\u00e9 aupr\u00e8s des partenaires, des m\u00e9dias ou du grand public. Sans lui, le drame serait encore plus grave.\u00a0\u00bb<\/p>\n<p>L\u2019\u00e9lite du foot fran\u00e7ais est exsangue, aujourd\u2019hui. En janvier, la DNCG pr\u00e9voyait une perte d\u2019exploitation de 1,2\u00a0milliard d\u2019euros cette saison pour les clubs de L1 et de L2. Les <a href=\"https:\/\/www.20minutes.fr\/dossier\/droits_tv\" target=\"_blank\" class=\"color-ultramarine c-link\" rel=\"noopener\">droits TV<\/a>, qui vont tr\u00e8s probablement <a href=\"https:\/\/www.20minutes.fr\/sport\/football\/ligue-1\/4146586-20250402-droits-tv-ligue-1-valorisation-contrat-merde-abonnes-retient-dazn-bourbier\" target=\"_blank\" class=\"color-ultramarine c-link\" rel=\"noopener\">\u00eatre remis sur la table bien plus t\u00f4t que pr\u00e9vu<\/a>, ne sont plus valoris\u00e9s qu\u2019autour de 200-250\u00a0millions d\u2019euros par an, s\u2019alarment quelques pr\u00e9sidents de clubs, dont celui du RC Lens Joseph Oughourlian, dans <a href=\"https:\/\/www.20minutes.fr\/sport\/football\/ligue-1\/4146384-20250401-lfp-bousille-produit-oughourlian-kita-denoncent-suicide-collectif-droits-tv-ligue-1\" target=\"_blank\" class=\"color-ultramarine c-link\" rel=\"noopener\">les extraits des r\u00e9unions qui ont fuit\u00e9 <\/a>ces derni\u00e8res semaines. Un championnat avec davantage de suspense ne serait-il pas plus vendeur, que ce soit en France ou vis-\u00e0-vis de l\u2019\u00e9tranger\u00a0?<\/p>\n<p>\u00ab\u00a0Le montant des droits TV d\u00e9pend\u00a0de trois choses\u00a0: la valeur sportive du championnat, le nombre potentiel d\u2019abonn\u00e9s et le prix de l\u2019abonnement, r\u00e9pond Virgile Caillet. Le suspense n\u2019est qu\u2019une composante, il y a aussi le spectacle, le niveau de jeu, la mani\u00e8re dont c\u2019est film\u00e9, l\u2019offre \u00e9ditoriale ou la concurrence entre les cha\u00eenes. Le probl\u00e8me de la domination du PSG, ce n\u2019est pas que celui du PSG, c\u2019est surtout celui des autres clubs qui ne sont pas en rendez-vous.\u00a0\u00bb<\/p>\n<p>Locomotive ou tyran\u00a0?<\/p>\n<p>S\u2019ils n\u2019ont pas la surface financi\u00e8re de Paris, ce qui est bien s\u00fbr un \u00e9l\u00e9ment \u00e0 prendre en compte, <a href=\"https:\/\/www.20minutes.fr\/sport\/om\/\" target=\"_blank\" class=\"color-ultramarine c-link\" rel=\"noopener\">l\u2019OM<\/a>, Monaco, l\u2019OL ou le Losc ont tout de m\u00eame les moyens de rivaliser mieux qu\u2019ils ne l\u2019ont fait cette saison. Les <a href=\"https:\/\/www.20minutes.fr\/sport\/football\/2070235-20170517-direct-ligue-1-grand-soir-monaco-suivez-monaco-sainte-live-partir-20h30\" target=\"_blank\" class=\"color-ultramarine c-link\" rel=\"noopener\">Mon\u00e9gasques ont \u00e9t\u00e9 champions en\u00a02017<\/a>, les Lillois en\u00a02021. Mais l\u2019incapacit\u00e9 du Tiers 1 \u00e0 repr\u00e9senter une menace sur le long terme, \u00e0 installer un projet ambitieux qui ne leur p\u00e8te pas \u00e0 la gueule \u00e0 la moindre contrari\u00e9t\u00e9 \u2013 coucou l\u2019OM \u2013, \u00ab\u00a0ne doit pas \u00eatre une fatalit\u00e9\u00a0\u00bb, reprend le d\u00e9l\u00e9gu\u00e9 g\u00e9n\u00e9ral l\u2019Union Sport &amp; Cycle.<\/p>\n<p>\u00ab\u00a0Ce PSG est un bel exemple pour pas mal de clubs, estime de son c\u00f4t\u00e9 l\u2019ancien joueur et entra\u00eeneur parisien <a href=\"https:\/\/www.20minutes.fr\/dossier\/luis_fernandez\" target=\"_blank\" class=\"color-ultramarine c-link\" rel=\"noopener\">Luis Fernandez<\/a>. Il n\u2019y a plus forc\u00e9ment de grands noms, mais il y a un \u00e9tat d\u2019esprit, des joueurs qui r\u00e9pondent aux attentes de ce que les supporters veulent voir sur un terrain. Si vous faites un sondage, vous verrez que l\u2019\u00e9quipe de cette ann\u00e9e est sans doute celle que les supporters aiment le plus.\u00a0\u00bb<\/p>\n<p><img decoding=\"async\" alt=\"Luis Enrique port\u00e9 en triomphe par ses joueurs. \" class=\"c-img\" loading=\"lazy\" fetchpriority=\"auto\" width=\"718\"  src=\"https:\/\/www.europesays.com\/fr\/wp-content\/uploads\/2025\/04\/1743954070_969_718x0.jpeg; charset=utf-8\" \/>Luis Enrique port\u00e9 en triomphe par ses joueurs. \u2002-\u00a0Michel Euler<\/p>\n<p>Le carnet de ch\u00e8que aide, mais cette \u00e9quipe est aussi le produit d\u2019une strat\u00e9gie sportive coh\u00e9rente, d\u00e9termin\u00e9e en accord avec l\u2019entra\u00eeneur choisi pour la mettre en place. De la place et du temps ont \u00e9t\u00e9 laiss\u00e9s \u00e0 Luis Enrique pour s\u2019installer. \u00ab\u00a0Un club dominant, \u00e7a peut aussi donner des id\u00e9es aux autres\u00a0\u00bb, poursuit Fernandez, qui ne veut pas entendre parler d\u2019un championnat qui serait moins int\u00e9ressant du fait de l\u2019h\u00e9g\u00e9monie parisienne. L\u2019id\u00e9e g\u00e9n\u00e9rale est qu\u2019on ne peut pas demander \u00e0 Paris de ralentir. Ce serait plut\u00f4t aux autres d\u2019acc\u00e9l\u00e9rer.<\/p>\n<p>\u00ab\u00a0Un peu lassant de ne pas pouvoir lutter\u00a0\u00bb<\/p>\n<p>Reste qu\u2019une lassitude s\u2019installe dans le foot fran\u00e7ais. Les supporters adverses savent bien qu\u2019\u00e0 moins d\u2019une saison miraculeuse, leur \u00e9quipe ne pourra pas lutter. En d\u00e9but de saison pourtant, ce PSG sans Kylian Mbapp\u00e9 et un brin t\u00e2tonnant a fait monter l\u2019espoir. \u00ab\u00a0Personnellement, je commen\u00e7ais \u00e0 croire \u00e0 quelque chose, surtout que nous on \u00e9tait pas mal, illustre Erwan, pr\u00e9sident du groupe de supporters de <a href=\"https:\/\/www.20minutes.fr\/sport\/as_monaco\/\" target=\"_blank\" class=\"color-ultramarine c-link\" rel=\"noopener\">l\u2019ASM <\/a>Munegu Da Viken. Mais tu te raisonnes toujours vite, au final. Tu te dis que c\u2019est comme \u00e7a, et tu commences \u00e0 avoir l\u2019habitude d\u2019\u00eatre d\u00e9\u00e7u. On ne joue pas dans la m\u00eame cour, il faut \u00eatre lucide.\u00a0\u00bb<\/p>\n<p>Les sentiments \u00e0 l\u2019\u00e9gard du tout-puissant PSG sont ambivalents. \u00ab\u00a0Paris, c\u2019est une locomotive qui apporte de la notori\u00e9t\u00e9 \u00e0 la Ligue 1, mais \u00e7a plombe aussi un peu la comp\u00e9titivit\u00e9 et l\u2019\u00e9quit\u00e9 du championnat, reprend Erwan. C\u2019est un peu lassant de ne pas pouvoir lutter. Mais c\u2019est comme \u00e7a\u2026\u00a0\u00bb Pas de d\u00e9sint\u00e9r\u00eat pour autant, la bataille pour la Ligue des champions suffit \u00e0 \u00e9gayer les week-ends, alors que les supporters dont l\u2019\u00e9quipe se trouve dans la deuxi\u00e8me moiti\u00e9 du classement sont bien trop stress\u00e9s par le maintien pour se pr\u00e9occuper de ce qu\u2019il se passe tout en haut.<\/p>\n<p><a href=\"https:\/\/www.20minutes.fr\/sport\/psg\/\" target=\"_blank\" class=\"c-link c-btn c-btn--primary\" rel=\"noopener\">Tous nos articles sur le PSG<\/a><\/p>\n<p>Il faut bien chercher le suspense l\u00e0 o\u00f9 il est, de toute fa\u00e7on. Celui pour la C1 bat son plein, au moins, avec six clubs qui se tiennent en cinq points. Et pour le PSG, c\u2019est cette s\u00e9rie d\u2019invincibilit\u00e9 qui court depuis le d\u00e9but de saison. Va-t-on voir pour la premi\u00e8re fois de l\u2019histoire une \u00e9quipe \u00e9chapper \u00e0 la d\u00e9faite jusqu\u2019au bout\u00a0? C\u2019est l\u2019un des objectifs fix\u00e9s par <a href=\"https:\/\/www.20minutes.fr\/dossier\/luis_enrique\" target=\"_blank\" class=\"color-ultramarine c-link\" rel=\"noopener\">Luis Enrique<\/a> pour garder tout le monde sous pression dans la perspective de la finale de la <a href=\"https:\/\/www.20minutes.fr\/sport\/coupe-de-france\/\" target=\"_blank\" class=\"color-ultramarine c-link\" rel=\"noopener\">Coupe de France <\/a>et, bien s\u00fbr, de la <a href=\"https:\/\/www.20minutes.fr\/sport\/ligue_des_champions\/\" target=\"_blank\" class=\"color-ultramarine c-link\" rel=\"noopener\">Ligue des champions<\/a>. Le meilleur service que le PSG pourrait rendre au football fran\u00e7ais serait de gagner la plus grande des Coupes d\u2019Europe. Enfin. C\u2019est l\u00e0 tout l\u2019int\u00e9r\u00eat des prochaines semaines, et on ne trouvera cette fois pas grand monde de sens\u00e9 pour se plaindre si \u00e7a devait arriver.<\/p>\n","protected":false},"excerpt":{"rendered":"Au Parc des Princes, \u00c7a n\u2019a pas \u00e9t\u00e9 la d\u00e9monstration imagin\u00e9e, mais peu importe. Cette victoire du PSG&hellip;\n","protected":false},"author":2,"featured_media":5628,"comment_status":"","ping_status":"","sticky":false,"template":"","format":"standard","meta":{"footnotes":""},"categories":[9],"tags":[460,3362,83,63,1011,27,66,447,2332,517,60],"class_list":{"0":"post-5627","1":"post","2":"type-post","3":"status-publish","4":"format-standard","5":"has-post-thumbnail","7":"category-sports","8":"tag-angers-sco","9":"tag-champion","10":"tag-coupe-de-france","11":"tag-football","12":"tag-fr","13":"tag-france","14":"tag-ligue-1","15":"tag-ligue-des-champions","16":"tag-paris-saint-germain-psg","17":"tag-sport","18":"tag-sports"},"share_on_mastodon":{"url":"https:\/\/pubeurope.com\/@fr\/114291781818453880","error":""},"_links":{"self":[{"href":"https:\/\/www.europesays.com\/fr\/wp-json\/wp\/v2\/posts\/5627","targetHints":{"allow":["GET"]}}],"collection":[{"href":"https:\/\/www.europesays.com\/fr\/wp-json\/wp\/v2\/posts"}],"about":[{"href":"https:\/\/www.europesays.com\/fr\/wp-json\/wp\/v2\/types\/post"}],"author":[{"embeddable":true,"href":"https:\/\/www.europesays.com\/fr\/wp-json\/wp\/v2\/users\/2"}],"replies":[{"embeddable":true,"href":"https:\/\/www.europesays.com\/fr\/wp-json\/wp\/v2\/comments?post=5627"}],"version-history":[{"count":0,"href":"https:\/\/www.europesays.com\/fr\/wp-json\/wp\/v2\/posts\/5627\/revisions"}],"wp:featuredmedia":[{"embeddable":true,"href":"https:\/\/www.europesays.com\/fr\/wp-json\/wp\/v2\/media\/5628"}],"wp:attachment":[{"href":"https:\/\/www.europesays.com\/fr\/wp-json\/wp\/v2\/media?parent=5627"}],"wp:term":[{"taxonomy":"category","embeddable":true,"href":"https:\/\/www.europesays.com\/fr\/wp-json\/wp\/v2\/categories?post=5627"},{"taxonomy":"post_tag","embeddable":true,"href":"https:\/\/www.europesays.com\/fr\/wp-json\/wp\/v2\/tags?post=5627"}],"curies":[{"name":"wp","href":"https:\/\/api.w.org\/{rel}","templated":true}]}}