{"id":562701,"date":"2025-11-27T17:14:14","date_gmt":"2025-11-27T17:14:14","guid":{"rendered":"https:\/\/www.europesays.com\/fr\/562701\/"},"modified":"2025-11-27T17:14:14","modified_gmt":"2025-11-27T17:14:14","slug":"en-tunisie-lavocate-et-chroniqueuse-sonia-dahmani-est-sortie-de-prison","status":"publish","type":"post","link":"https:\/\/www.europesays.com\/fr\/562701\/","title":{"rendered":"En Tunisie, l\u2019avocate et chroniqueuse Sonia Dahmani est sortie de prison"},"content":{"rendered":"<p>                      <img loading=\"lazy\" decoding=\"async\" src=\"https:\/\/www.europesays.com\/fr\/wp-content\/uploads\/2025\/11\/2d61249_upload-1-qmwybjxy8boz-sipa-01241610-000008.jpg\" alt=\"L\u2019avocate et journaliste tunisienne Sonia Dahmani,\u00a0\u00e0 Tunis, le 27\u00a0novembre 2025.\"   width=\"664\" height=\"443\"\/>    L\u2019avocate et journaliste tunisienne Sonia Dahmani,\u00a0\u00e0 Tunis, le 27\u00a0novembre 2025.  YASSINE MAHJOUB\/SIPA                        <\/p>\n<p class=\"article__paragraph  \">L\u2019avocate tunisienne et chroniqueuse Sonia Dahmani \u00ab\u00a0est sortie\u00a0\u00bb de prison apr\u00e8s avoir b\u00e9n\u00e9fici\u00e9 d\u2019une lib\u00e9ration conditionnelle, a indiqu\u00e9, jeudi, l\u2019un de ses avocats, Sami Ben Ghazi, \u00e0 l\u2019Agence France-Presse (AFP).<\/p>\n<p class=\"article__paragraph  \">Poursuivie dans plusieurs affaires li\u00e9es \u00e0 des d\u00e9clarations sur des radios et des t\u00e9l\u00e9visions concernant l\u2019existence de racisme en Tunisie, Mme\u00a0Dahmani a \u00e9t\u00e9 condamn\u00e9e \u00e0 au moins trois reprises ces derniers mois. Apr\u00e8s avoir pass\u00e9 plus de dix-huit mois en d\u00e9tention, elle a obtenu sa remise en libert\u00e9 conditionnelle \u00ab\u00a0sur d\u00e9cision du minist\u00e8re de la justice\u00a0\u00bb, ont indiqu\u00e9 plusieurs m\u00e9dias. Elle a \u00ab\u00a0pu rentrer chez elle\u00a0\u00bb, mais elle reste assujettie \u00e0 des mesures de contr\u00f4le judiciaire, a pr\u00e9cis\u00e9 \u00e0 l\u2019AFP son avocat.<\/p>\n<p class=\"article__paragraph  \">Tr\u00e8s critique envers le pr\u00e9sident tunisien, Ka\u00efs Saied, Sonia Dahmani, 60\u00a0ans, <a href=\"https:\/\/www.lemonde.fr\/afrique\/article\/2024\/05\/11\/en-tunisie-sonia-dahmani-avocate-et-chroniqueuse-cible-d-une-arrestation-musclee_6232677_3212.html\" target=\"_blank\" rel=\"noopener\">avait \u00e9t\u00e9 arr\u00eat\u00e9e le 11\u00a0mai\u00a02024 \u00e0 Tunis, de fa\u00e7on brutale et ill\u00e9gale, selon ses confr\u00e8res<\/a>, au si\u00e8ge de l\u2019ordre des avocats, par des policiers masqu\u00e9s. Son interpellation muscl\u00e9e avait \u00e9t\u00e9 film\u00e9e en direct par France\u00a024. Mme\u00a0Dahmani avait re\u00e7u le soutien de plusieurs barreaux d\u2019avocats en France et de plusieurs organisations internationales.<\/p>\n<p>                                     Lire aussi |  <a href=\"https:\/\/www.lemonde.fr\/afrique\/article\/2024\/05\/16\/en-tunisie-inquietude-des-avocats-apres-les-arrestations-de-deux-des-leurs-et-des-soupcons-de-torture_6233700_3212.html\" class=\"js-article-read-also catcher--favoris__link\" data-premium=\"\" id=\"article-title-3373488\" target=\"_blank\" rel=\"noopener\">En Tunisie, inqui\u00e9tude des avocats apr\u00e8s les arrestations de deux des leurs et des soup\u00e7ons de \u00ab\u00a0torture\u00a0\u00bb<\/a>    <\/p>\n<p>   Lire plus tard  <\/p>\n<p class=\"article__paragraph  \">Jeudi, le Parlement europ\u00e9en a adopt\u00e9 une r\u00e9solution dans laquelle les d\u00e9put\u00e9s se sont dits \u00ab\u00a0profond\u00e9ment pr\u00e9occup\u00e9s par la d\u00e9t\u00e9rioration de l\u2019\u00e9tat de droit et des libert\u00e9s fondamentales en Tunisie\u00a0\u00bb, citant le cas de Mme\u00a0Dahmani. Le Parlement a condamn\u00e9 \u00ab\u00a0sa d\u00e9tention arbitraire, le harc\u00e8lement judiciaire dont elle fait l\u2019objet\u00a0\u00bb et ses \u00ab\u00a0conditions de d\u00e9tention\u00a0\u00bb.<\/p>\n<p class=\"article__paragraph  \">Les d\u00e9put\u00e9s ont demand\u00e9 \u00ab\u00a0sa lib\u00e9ration imm\u00e9diate et inconditionnelle, ainsi que [celle] de toutes les autres personnes d\u00e9tenues\u00a0\u00bb pour des d\u00e9lits d\u2019opinion. Le Parlement a aussi appel\u00e9 la Tunisie \u00e0 abroger le d\u00e9cret pr\u00e9sidentiel\u00a054, \u00ab\u00a0devenu un outil d\u2019ing\u00e9rence dans les libert\u00e9s fondamentales\u00a0\u00bb.<\/p>\n<p>                                     Lire aussi |  Article r\u00e9serv\u00e9 \u00e0 nos abonn\u00e9s  <a href=\"https:\/\/www.lemonde.fr\/afrique\/article\/2024\/05\/12\/en-tunisie-le-regime-arrete-brutalement-une-avocate-et-deux-chroniqueurs-pour-leurs-critiques-trop-sarcastiques_6232821_3212.html\" class=\"js-article-read-also catcher--favoris__link\" data-premium=\"1\" id=\"article-title-3372644\" target=\"_blank\" rel=\"noopener\">En Tunisie, le r\u00e9gime arr\u00eate brutalement une avocate et deux chroniqueurs pour leurs critiques trop sarcastiques<\/a>    <\/p>\n<p>   Lire plus tard  <\/p>\n<p>                        Pleins pouvoirs                  <\/p>\n<p class=\"article__paragraph  \">En juin, Mme\u00a0Dahmani avait \u00e9t\u00e9 condamn\u00e9e \u00e0 deux ans de prison pour une intervention radiophonique dans laquelle elle critiquait l\u2019existence de cimeti\u00e8res et d\u2019autobus r\u00e9serv\u00e9s aux personnes noires dans certaines r\u00e9gions de Tunisie.<\/p>\n<p class=\"article__paragraph  \">Mme\u00a0Dahmani fait l\u2019objet de poursuites dans cinq affaires li\u00e9es \u00e0 des d\u00e9clarations ou des publications dans des m\u00e9dias. Ces poursuites se basent sur le d\u00e9cret 54 sur les \u00ab\u00a0fausses informations\u00a0\u00bb promulgu\u00e9 en\u00a02022 par le pr\u00e9sident tunisien, un texte fustig\u00e9 par les d\u00e9fenseurs des droits humains. Avant d\u2019\u00e9coper de deux ans de prison suppl\u00e9mentaires en juin, elle purgeait d\u00e9j\u00e0 deux peines de vingt-six mois de prison au total pour avoir enfreint ledit d\u00e9cret.<\/p>\n<p>                                     Lire aussi |  Article r\u00e9serv\u00e9 \u00e0 nos abonn\u00e9s  <a href=\"https:\/\/www.lemonde.fr\/afrique\/article\/2025\/05\/23\/en-tunisie-l-avocate-et-chroniqueuse-sonia-dahmani-emprisonnee-depuis-un-an-craint-d-etre-oubliee_6608022_3212.html\" class=\"js-article-read-also catcher--favoris__link\" data-premium=\"1\" id=\"article-title-3422427\" target=\"_blank\" rel=\"noopener\">En Tunisie, l\u2019avocate et chroniqueuse Sonia Dahmani, emprisonn\u00e9e depuis un an, craint d\u2019\u00eatre oubli\u00e9e<\/a>    <\/p>\n<p>   Lire plus tard  <\/p>\n<p class=\"article__paragraph  \">Elle avait en particulier \u00e9t\u00e9 condamn\u00e9e \u00e0 dix-huit mois d\u2019emprisonnement pour avoir ironis\u00e9 sur un plateau t\u00e9l\u00e9vis\u00e9, en mai\u00a02024, \u00e0 propos de l\u2019intention pr\u00eat\u00e9e aux migrants subsahariens de s\u2019installer durablement en Tunisie malgr\u00e9 une grave crise \u00e9conomique. \u00ab\u00a0De quel pays extraordinaire parle-t-on\u00a0?\u00a0\u00bb, avait-elle r\u00e9pondu \u00e0 un autre chroniqueur.<\/p>\n<p> Restez inform\u00e9s  <\/p>\n<p> <a href=\"https:\/\/www.whatsapp.com\/channel\/0029VaDz2VzEVccLxVQSVS3x\" class=\"inread__link js-services-inread-link\" target=\"_blank\" rel=\"noopener\">  <\/p>\n<p>Suivez-nous sur WhatsApp<\/p>\n<p>Recevez l\u2019essentiel de l\u2019actualit\u00e9 africaine sur WhatsApp avec la cha\u00eene du \u00ab Monde Afrique \u00bb<\/p>\n<p>Rejoindre<\/p>\n<p> <\/a>      <\/p>\n<p> Newsletter  <\/p>\n<p> <a href=\"https:\/\/www.lemonde.fr\/newsletters\/le-monde-afrique\/\" class=\"inread__link js-services-inread-link\" target=\"_blank\" rel=\"noopener\">  <\/p>\n<p>\u00ab Le Monde Afrique \u00bb<\/p>\n<p>Chaque samedi, retrouvez une semaine d\u2019actualit\u00e9 et de d\u00e9bats, par la r\u00e9daction du \u00ab Monde Afrique \u00bb<\/p>\n<p>S&rsquo;inscrire<\/p>\n<p> <\/a>             <\/p>\n<p class=\"article__paragraph  \">En f\u00e9vrier\u00a02023, M.\u00a0Saied avait fustig\u00e9 l\u2019arriv\u00e9e de \u00ab\u00a0hordes de migrants subsahariens ill\u00e9gaux\u00a0\u00bb et un \u00ab\u00a0complot\u00a0\u00bb pour \u00ab\u00a0changer la composition d\u00e9mographique\u00a0\u00bb de la Tunisie, un discours qui avait d\u00e9clench\u00e9 une violente campagne antimigrants dans le pays.<\/p>\n<p class=\"article__paragraph  \">Depuis que le pr\u00e9sident s\u2019est octroy\u00e9 les pleins pouvoirs lors d\u2019un coup de force, en juillet\u00a02021, des dizaines d\u2019opposants, d\u2019avocats, de journalistes et de militants d\u2019aide aux migrants sont emprisonn\u00e9s, soit en vertu du d\u00e9cret\u00a054, soit pour des motifs li\u00e9s \u00e0 la l\u00e9gislation antiterroriste ou pour \u00ab\u00a0complot contre l\u2019Etat\u00a0\u00bb.<\/p>\n<p>                                     Lire le d\u00e9cryptage |  Article r\u00e9serv\u00e9 \u00e0 nos abonn\u00e9s  <a href=\"https:\/\/www.lemonde.fr\/afrique\/article\/2025\/05\/07\/en-tunisie-le-retour-des-grandes-purges-judiciaires-c-est-l-arbitraire-qui-regne_6603778_3212.html\" class=\"js-article-read-also catcher--favoris__link\" data-premium=\"1\" id=\"article-title-3420480\" target=\"_blank\" rel=\"noopener\">En Tunisie, le retour des grandes purges judiciaires\u00a0: \u00ab\u00a0C\u2019est l\u2019arbitraire qui r\u00e8gne\u00a0\u00bb<\/a>    <\/p>\n<p>   Lire plus tard  <\/p>\n<p class=\"author__detail\">  Le Monde avec AFP  <\/p>\n<p>                <a href=\"https:\/\/www.lemonde.fr\/syndication\/\" class=\"reuse__content\" title=\"R\u00e9utiliser ce contenu\" target=\"_blank\" rel=\"noopener\">R\u00e9utiliser ce contenu<\/a>      <\/p>\n","protected":false},"excerpt":{"rendered":"L\u2019avocate et journaliste tunisienne Sonia Dahmani,\u00a0\u00e0 Tunis, le 27\u00a0novembre 2025. YASSINE MAHJOUB\/SIPA L\u2019avocate tunisienne et chroniqueuse Sonia Dahmani&hellip;\n","protected":false},"author":2,"featured_media":562702,"comment_status":"","ping_status":"","sticky":false,"template":"","format":"standard","meta":{"footnotes":""},"categories":[5],"tags":[11,1011,27,14,12,28],"class_list":{"0":"post-562701","1":"post","2":"type-post","3":"status-publish","4":"format-standard","5":"has-post-thumbnail","7":"category-international","8":"tag-actualites","9":"tag-fr","10":"tag-france","11":"tag-international","12":"tag-news","13":"tag-world"},"share_on_mastodon":{"url":"","error":""},"_links":{"self":[{"href":"https:\/\/www.europesays.com\/fr\/wp-json\/wp\/v2\/posts\/562701","targetHints":{"allow":["GET"]}}],"collection":[{"href":"https:\/\/www.europesays.com\/fr\/wp-json\/wp\/v2\/posts"}],"about":[{"href":"https:\/\/www.europesays.com\/fr\/wp-json\/wp\/v2\/types\/post"}],"author":[{"embeddable":true,"href":"https:\/\/www.europesays.com\/fr\/wp-json\/wp\/v2\/users\/2"}],"replies":[{"embeddable":true,"href":"https:\/\/www.europesays.com\/fr\/wp-json\/wp\/v2\/comments?post=562701"}],"version-history":[{"count":0,"href":"https:\/\/www.europesays.com\/fr\/wp-json\/wp\/v2\/posts\/562701\/revisions"}],"wp:featuredmedia":[{"embeddable":true,"href":"https:\/\/www.europesays.com\/fr\/wp-json\/wp\/v2\/media\/562702"}],"wp:attachment":[{"href":"https:\/\/www.europesays.com\/fr\/wp-json\/wp\/v2\/media?parent=562701"}],"wp:term":[{"taxonomy":"category","embeddable":true,"href":"https:\/\/www.europesays.com\/fr\/wp-json\/wp\/v2\/categories?post=562701"},{"taxonomy":"post_tag","embeddable":true,"href":"https:\/\/www.europesays.com\/fr\/wp-json\/wp\/v2\/tags?post=562701"}],"curies":[{"name":"wp","href":"https:\/\/api.w.org\/{rel}","templated":true}]}}