{"id":562703,"date":"2025-11-27T17:15:15","date_gmt":"2025-11-27T17:15:15","guid":{"rendered":"https:\/\/www.europesays.com\/fr\/562703\/"},"modified":"2025-11-27T17:15:15","modified_gmt":"2025-11-27T17:15:15","slug":"le-detenu-evade-lors-dune-sortie-au-planetarium-interpelle-a-nantes","status":"publish","type":"post","link":"https:\/\/www.europesays.com\/fr\/562703\/","title":{"rendered":"Le d\u00e9tenu \u00e9vad\u00e9 lors d\u2019une sortie au plan\u00e9tarium interpell\u00e9 \u00e0 Nantes"},"content":{"rendered":"<p>Il \u00e9tait en cavale depuis le 14\u00a0novembre. Apr\u00e8s treize jours de libert\u00e9, le d\u00e9tenu qui <a href=\"https:\/\/www.20minutes.fr\/faits_divers\/4186205-20251117-rennes-detenu-fait-belle-lors-sortie-planetarium\" class=\"c-link c-link--is-underlined\" target=\"_blank\" rel=\"noopener\">s\u2019\u00e9tait \u00e9vad\u00e9 lors d\u2019une sortie au plan\u00e9tarium de Rennes<\/a> a \u00e9t\u00e9 retrouv\u00e9. Emile, alias Gino, a \u00e9t\u00e9 interpell\u00e9 dans un camp de gens du voyage vers 14h30 ce jeudi, indique une source proche de l\u2019enqu\u00eate, confirmant <a href=\"https:\/\/www.ouest-france.fr\/societe\/faits-divers\/info-ouest-france-levade-de-la-prison-de-rennes-interpelle-a-nantes-29277e2e-cb9a-11f0-a0e6-83b9718ad3c0\" rel=\"nofollow noopener\" target=\"_blank\" class=\"c-link c-link--is-underlined\">une information du quotidien Ouest-France<\/a>. Un second homme vis\u00e9 par un mandat de recherche, a \u00e9galement \u00e9t\u00e9 interpell\u00e9, pr\u00e9cise la m\u00eame source.<\/p>\n<p>Membre de la communaut\u00e9 des gens du voyage, Gino s\u2019\u00e9tait d\u00e9j\u00e0 \u00e9vad\u00e9 au moins trois fois avant cette sortie organis\u00e9e au plan\u00e9tarium. A la suite de cette cavale, le directeur de la prison de Rennes Vezin <a href=\"https:\/\/www.20minutes.fr\/justice\/4187025-20251121-rennes-directeur-prison-vire-apres-evasion-rocambolesque-detenu-planetarium\" class=\"c-link c-link--is-underlined\" target=\"_blank\" rel=\"noopener\">avait \u00e9t\u00e9 \u00e9cart\u00e9<\/a>, suscitant \u00ab\u00a0l\u2019indignation\u00a0\u00bb et \u00ab\u00a0l\u2019incompr\u00e9hension\u00a0\u00bb du Syndicat national des directeurs p\u00e9nitentiaires (SNDP-CFDT). \u00ab\u00a0La situation \u00e0 la prison de Rennes est catastrophique\u00a0\u00bb, t\u00e9moignait <a href=\"https:\/\/www.20minutes.fr\/societe\/evasion\/4187187-20251122-rennes-situation-catastrophique-prison-perdu-directeur\" class=\"c-link c-link--is-underlined\" target=\"_blank\" rel=\"noopener\">une avocate aupr\u00e8s de 20 Minutes<\/a>.<\/p>\n<\/p>\n<p>L\u2019\u00e9vasion de cet homme de 37 ans, condamn\u00e9 depuis d\u00e9cembre\u00a02024 pour \u00ab\u00a0divers faits de vols\u00a0\u00bb, \u00e9tait survenue \u00ab\u00a0sans violence\u00a0\u00bb, avait indiqu\u00e9 le 17\u00a0novembre le procureur de la R\u00e9publique de Rennes, Fr\u00e9d\u00e9ric Teillet.<\/p>\n<p>Deux d\u00e9tenus se sont par ailleurs <a href=\"https:\/\/www.20minutes.fr\/faits_divers\/4188245-20251127-sciant-barreaux-cellule-deux-detenus-evadent-prison-dijon\" class=\"c-link c-link--is-underlined\" target=\"_blank\" rel=\"noopener\">\u00e9vad\u00e9s dans la nuit de mercredi \u00e0 jeudi<\/a> de la v\u00e9tuste prison de Dijon apr\u00e8s avoir eu raison des barreaux de leur cellule avec une simple lame de scie \u00e0 m\u00e9taux puis en utilisant des draps.<\/p>\n","protected":false},"excerpt":{"rendered":"Il \u00e9tait en cavale depuis le 14\u00a0novembre. Apr\u00e8s treize jours de libert\u00e9, le d\u00e9tenu qui s\u2019\u00e9tait \u00e9vad\u00e9 lors&hellip;\n","protected":false},"author":2,"featured_media":562704,"comment_status":"","ping_status":"","sticky":false,"template":"","format":"standard","meta":{"footnotes":""},"categories":[4],"tags":[47,11,829,31908,9625,17316,3727,118,6944,7641,1011,27,2903,848,3047,766,12,2636,806,807,584,25],"class_list":{"0":"post-562703","1":"post","2":"type-post","3":"status-publish","4":"format-standard","5":"has-post-thumbnail","7":"category-france","8":"tag-actualite","9":"tag-actualites","10":"tag-bretagne","11":"tag-cavale","12":"tag-detenu","13":"tag-detenus","14":"tag-evasion","15":"tag-faits-divers","16":"tag-faits-divers-nantes","17":"tag-faits-divers-rennes","18":"tag-fr","19":"tag-france","20":"tag-gens-du-voyage","21":"tag-ille-et-vilaine","22":"tag-loire-atlantique","23":"tag-nantes","24":"tag-news","25":"tag-pays-de-la-loire","26":"tag-prison","27":"tag-prisonniers","28":"tag-rennes","29":"tag-republique-francaise"},"share_on_mastodon":{"url":"https:\/\/pubeurope.com\/@fr\/115622794000726675","error":""},"_links":{"self":[{"href":"https:\/\/www.europesays.com\/fr\/wp-json\/wp\/v2\/posts\/562703","targetHints":{"allow":["GET"]}}],"collection":[{"href":"https:\/\/www.europesays.com\/fr\/wp-json\/wp\/v2\/posts"}],"about":[{"href":"https:\/\/www.europesays.com\/fr\/wp-json\/wp\/v2\/types\/post"}],"author":[{"embeddable":true,"href":"https:\/\/www.europesays.com\/fr\/wp-json\/wp\/v2\/users\/2"}],"replies":[{"embeddable":true,"href":"https:\/\/www.europesays.com\/fr\/wp-json\/wp\/v2\/comments?post=562703"}],"version-history":[{"count":0,"href":"https:\/\/www.europesays.com\/fr\/wp-json\/wp\/v2\/posts\/562703\/revisions"}],"wp:featuredmedia":[{"embeddable":true,"href":"https:\/\/www.europesays.com\/fr\/wp-json\/wp\/v2\/media\/562704"}],"wp:attachment":[{"href":"https:\/\/www.europesays.com\/fr\/wp-json\/wp\/v2\/media?parent=562703"}],"wp:term":[{"taxonomy":"category","embeddable":true,"href":"https:\/\/www.europesays.com\/fr\/wp-json\/wp\/v2\/categories?post=562703"},{"taxonomy":"post_tag","embeddable":true,"href":"https:\/\/www.europesays.com\/fr\/wp-json\/wp\/v2\/tags?post=562703"}],"curies":[{"name":"wp","href":"https:\/\/api.w.org\/{rel}","templated":true}]}}