{"id":562707,"date":"2025-11-27T17:17:28","date_gmt":"2025-11-27T17:17:28","guid":{"rendered":"https:\/\/www.europesays.com\/fr\/562707\/"},"modified":"2025-11-27T17:17:28","modified_gmt":"2025-11-27T17:17:28","slug":"au-puits-couriot-le-musee-retrouve-bonne-mine","status":"publish","type":"post","link":"https:\/\/www.europesays.com\/fr\/562707\/","title":{"rendered":"Au Puits Couriot, le mus\u00e9e retrouve bonne mine"},"content":{"rendered":"<p class=\"is-style-chapo\">Ils ont commenc\u00e9 en 2024 et devraient durer dix ans, pour un montant de pr\u00e8s de 11 millions d\u2019euros. La Ville de Saint-Etienne a lanc\u00e9 un long cycle de travaux en plusieurs phases, pour s\u00e9curiser, entretenir, et surtout moderniser l\u2019offre de son embl\u00e9matique Mus\u00e9e de la Mine.<\/p>\n<p><img fetchpriority=\"high\" decoding=\"async\" width=\"1024\" height=\"576\" src=\"https:\/\/www.europesays.com\/fr\/wp-content\/uploads\/2025\/09\/IMG_0647-1-1024x576.jpg\" alt=\"\" class=\"wp-image-80535\"  \/>\u00a9JT\/ If Saint-Etienne<\/p>\n<p>\u00ab\u00a0Ce mus\u00e9e est un \u00e9l\u00e9ment fondamental de l\u2019identit\u00e9 st\u00e9phanoise, et il fait l\u2019objet d\u2019un chantier tr\u00e8s important, sur de nombreuses ann\u00e9es, a rappel\u00e9 Marc Chassaub\u00e9n\u00e9, adjoint au maire de Saint-Etienne charg\u00e9 de la Culture. En cause, il y a le vieillissement de ce site, et c\u2019est une opportunit\u00e9 d\u2019emmener le mus\u00e9e dans une dimension nouvelle, et num\u00e9rique\u00a0\u00bb. <\/p>\n<p>Apr\u00e8s un \u00e9tat des lieux sous la supervision de la Drac (Direction des affaires culturelles), un cycle de travaux d\u2019une d\u00e9cennie a \u00e9t\u00e9 entam\u00e9 au mois de septembre 2024 au <a href=\"https:\/\/www.if-saint-etienne.fr\/culture-loisirs\/le-musee-de-la-mine-est-entre-dans-un-long-tunnel-de-travaux\" target=\"_blank\" rel=\"noreferrer noopener\">Mus\u00e9e de la Mine<\/a>, sur le site du Puits Couriot, pour un co\u00fbt total de 10,6 millions d\u2019euros.<\/p>\n<p>Un mus\u00e9e qui reste ouvert<\/p>\n<p>Le chantier fait l\u2019objet de plusieurs phases : la premi\u00e8re pr\u00e9sentait fin mars des \u00e9l\u00e9ments visibles d\u00e8s l\u2019entr\u00e9e avec cette intervention en cours sur le portail dont le linteau mena\u00e7ait de tomber, ou encore la galerie souterraine. Le portail est d\u00e9sormais termin\u00e9, et les entreprises sont actuellement \u00e0 l\u2019\u0153uvre sur les sout\u00e8nements en bois de la galerie. Durant cette premi\u00e8re phase, d\u2019autres interventions ont lieu comme sur les cuves en b\u00e9ton ou encore les sorties de secours, ou vont prochainement avoir lieu sur le chevalement, les toitures\u2026 Ce sera ensuite au tour de la salle des Pendus, de la lampisterie et de la salle des machines. Plus tard encore, la cour d\u2019honneur, de toitures, verri\u00e8res et de quelques salles inaccessibles au grand public. Le tout, sans jamais fermer ses portes aux visiteurs.<\/p>\n<p>Coup de grisou virtuel<\/p>\n<p>Lors d\u2019une visite de chantier organis\u00e9 ce jeudi 27 novembre, Marie-Caroline Janand, directrice du <a href=\"https:\/\/musee-mine.saint-etienne.fr\/\" target=\"_blank\" rel=\"noreferrer noopener\">Mus\u00e9e de la Mine<\/a>, a expliqu\u00e9 que les travaux n\u2019avaient pas d\u2019impact sur le nombre de visiteurs. Fin octobre 2025, ils \u00e9taient 52 000 \u00e0 avoir pouss\u00e9es les portes du site, ce qui pr\u00e9sage que 2025 enregistrera plus de visites que les 55 000 de 2024. \u00ab\u00a0Dans la galerie, il y avait des points probl\u00e9matiques, d\u00e9taille la directrice. Tout a \u00e9t\u00e9 consolid\u00e9 afin de pouvoir changer les poutres qui sont tr\u00e8s ab\u00eem\u00e9es \u00e0 la base\u00a0\u00bb. Puis, l\u2019\u00e9clairage sera refait afin de diffuser une lumi\u00e8re plus vacillante, et donc plus proche de la lampe de mineur. Idem pour le son de la mine qui sera d\u00e9brayable pour ne pas d\u00e9ranger ceux qui travaillent. <\/p>\n<p>Et, bient\u00f4t, ce \u00ab\u00a0coup de grisou virtuel\u00a0\u00bb, tr\u00e8s immersif. \u00ab\u00a0L\u2019objectif n\u2019est pas de faire du sensationnel, rappelle Marc Chassaub\u00e9n\u00e9. Mais d\u2019\u00eatre r\u00e9aliste et de r\u00e9pondre aussi davantage aux attentes du public\u00a0\u00bb. Une galerie qui ne serait plus r\u00e9alisable aujourd\u2019hui et qui est la seule, en France \u00e0 \u00eatre souterraine. Si elle n\u2019atteint pas les 700 m\u00e8tres de profondeur, comme les mineurs autrefois, elle oscille entre 4 et 40 m\u00e8tres sous terre. D\u2019ici la fin d\u2019ann\u00e9e, une visite en r\u00e9alit\u00e9 augment\u00e9e sera disponible pour les personnes qui ne peuvent ou ne veulent pas descendre dans la galerie. Les entreprises en charge du chantier n\u2019ont donc pas fini de charbonner.<\/p>\n<p><img loading=\"lazy\" decoding=\"async\" width=\"1024\" height=\"576\" src=\"https:\/\/www.europesays.com\/fr\/wp-content\/uploads\/2025\/11\/IMG_4448-1024x576.jpg\" alt=\"\" class=\"wp-image-81154\"  \/>\u00a9JT\/ If Saint-Etienne<\/p>\n<p><img loading=\"lazy\" decoding=\"async\" width=\"1024\" height=\"576\" src=\"https:\/\/www.europesays.com\/fr\/wp-content\/uploads\/2025\/11\/IMG_4451-1024x576.jpg\" alt=\"\" class=\"wp-image-81155\"  \/>\u00a9JT\/ If Saint-Etienne<\/p>\n<p><img loading=\"lazy\" decoding=\"async\" width=\"1024\" height=\"576\" src=\"https:\/\/www.europesays.com\/fr\/wp-content\/uploads\/2025\/11\/IMG_4461-1024x576.jpg\" alt=\"\" class=\"wp-image-81153\"  \/><\/p>\n<p><img loading=\"lazy\" decoding=\"async\" width=\"1024\" height=\"576\" src=\"https:\/\/www.europesays.com\/fr\/wp-content\/uploads\/2025\/11\/IMG_4466-1024x576.jpg\" alt=\"\" class=\"wp-image-81157\"  \/>\u00a9JT\/ If Saint-Etienne<\/p>\n<p><img loading=\"lazy\" decoding=\"async\" width=\"1024\" height=\"576\" src=\"https:\/\/www.europesays.com\/fr\/wp-content\/uploads\/2025\/11\/IMG_4464-1024x576.jpg\" alt=\"\" class=\"wp-image-81156\"  \/>\u00a9JT\/ If Saint-Etienne<\/p>\n<p><img loading=\"lazy\" decoding=\"async\" width=\"1024\" height=\"576\" src=\"https:\/\/www.europesays.com\/fr\/wp-content\/uploads\/2025\/11\/IMG_4459-1024x576.jpg\" alt=\"\" class=\"wp-image-81158\"  \/>\u00a9JT\/ If Saint-Etienne<\/p>\n<p><img loading=\"lazy\" decoding=\"async\" width=\"1024\" height=\"576\" src=\"https:\/\/www.europesays.com\/fr\/wp-content\/uploads\/2025\/11\/IMG_4463-1024x576.jpg\" alt=\"\" class=\"wp-image-81159\"  \/>\u00a9JT\/ If Saint-Etienne<\/p>\n<p><img loading=\"lazy\" decoding=\"async\" width=\"1024\" height=\"576\" src=\"https:\/\/www.europesays.com\/fr\/wp-content\/uploads\/2025\/11\/IMG_4460-1024x576.jpg\" alt=\"\" class=\"wp-image-81162\"  \/>\u00a9JT\/ If Saint-Etienne<\/p>\n<p><img loading=\"lazy\" decoding=\"async\" width=\"1024\" height=\"576\" src=\"https:\/\/www.europesays.com\/fr\/wp-content\/uploads\/2025\/11\/IMG_4467-1024x576.jpg\" alt=\"\" class=\"wp-image-81161\"  \/>\u00a9JT\/ If Saint-Etienne<\/p>\n<p><img loading=\"lazy\" decoding=\"async\" width=\"1024\" height=\"576\" src=\"https:\/\/www.europesays.com\/fr\/wp-content\/uploads\/2025\/11\/IMG_4478-1024x576.jpg\" alt=\"\" class=\"wp-image-81160\"  \/>\u00a9JT\/ If Saint-Etienne<\/p>\n","protected":false},"excerpt":{"rendered":"Ils ont commenc\u00e9 en 2024 et devraient durer dix ans, pour un montant de pr\u00e8s de 11 millions&hellip;\n","protected":false},"author":2,"featured_media":402004,"comment_status":"","ping_status":"","sticky":false,"template":"","format":"standard","meta":{"footnotes":""},"categories":[9653],"tags":[1111,11,11535,2430,16350,1777,674,1011,27,11537,11538,12,45496,25,4001],"class_list":{"0":"post-562707","1":"post","2":"type-post","3":"status-publish","4":"format-standard","5":"has-post-thumbnail","7":"category-saint-etienne","8":"tag-actu","9":"tag-actualites","10":"tag-amis-du-musee-de-la-mine","11":"tag-auvergne-rhone-alpes","12":"tag-constructif","13":"tag-eu","14":"tag-europe","15":"tag-fr","16":"tag-france","17":"tag-musee-de-la-mine","18":"tag-musee-de-la-mine-saint-etienne","19":"tag-news","20":"tag-puits-couriot","21":"tag-republique-francaise","22":"tag-saint-etienne"},"share_on_mastodon":{"url":"https:\/\/pubeurope.com\/@fr\/115622803271646302","error":""},"_links":{"self":[{"href":"https:\/\/www.europesays.com\/fr\/wp-json\/wp\/v2\/posts\/562707","targetHints":{"allow":["GET"]}}],"collection":[{"href":"https:\/\/www.europesays.com\/fr\/wp-json\/wp\/v2\/posts"}],"about":[{"href":"https:\/\/www.europesays.com\/fr\/wp-json\/wp\/v2\/types\/post"}],"author":[{"embeddable":true,"href":"https:\/\/www.europesays.com\/fr\/wp-json\/wp\/v2\/users\/2"}],"replies":[{"embeddable":true,"href":"https:\/\/www.europesays.com\/fr\/wp-json\/wp\/v2\/comments?post=562707"}],"version-history":[{"count":0,"href":"https:\/\/www.europesays.com\/fr\/wp-json\/wp\/v2\/posts\/562707\/revisions"}],"wp:featuredmedia":[{"embeddable":true,"href":"https:\/\/www.europesays.com\/fr\/wp-json\/wp\/v2\/media\/402004"}],"wp:attachment":[{"href":"https:\/\/www.europesays.com\/fr\/wp-json\/wp\/v2\/media?parent=562707"}],"wp:term":[{"taxonomy":"category","embeddable":true,"href":"https:\/\/www.europesays.com\/fr\/wp-json\/wp\/v2\/categories?post=562707"},{"taxonomy":"post_tag","embeddable":true,"href":"https:\/\/www.europesays.com\/fr\/wp-json\/wp\/v2\/tags?post=562707"}],"curies":[{"name":"wp","href":"https:\/\/api.w.org\/{rel}","templated":true}]}}