{"id":562708,"date":"2025-11-27T17:18:13","date_gmt":"2025-11-27T17:18:13","guid":{"rendered":"https:\/\/www.europesays.com\/fr\/562708\/"},"modified":"2025-11-27T17:18:13","modified_gmt":"2025-11-27T17:18:13","slug":"comment-cette-ex-malade-partage-son-experience","status":"publish","type":"post","link":"https:\/\/www.europesays.com\/fr\/562708\/","title":{"rendered":"comment cette ex-malade partage son exp\u00e9rience"},"content":{"rendered":"<p>Atteinte d\u2019un cancer digestif, Christine Dubreuil a v\u00e9cu la maladie dans sa chair, il y a sept ans. Apr\u00e8s avoir b\u00e9n\u00e9fici\u00e9 du traitement habituel (trois mois de chimioth\u00e9rapie et radioth\u00e9rapie, suivi d\u2019une intervention chirurgicale), cette retrait\u00e9e vit depuis 2021 avec une poche intestinale.<\/p>\n<p>Coll\u00e9e sous son flanc gauche, dissimul\u00e9e sous son grand pull, cette stomie, dit-elle, l\u2019a \u00ab\u00a0lib\u00e9r\u00e9e.\u00a0Gr\u00e2ce \u00e0 cette stomie, j\u2019ai renou\u00e9 avec une vie sociale sur laquelle j\u2019avais tir\u00e9 un trait \u00bb. \u00c0 l\u2019\u00e9poque, c\u2019est Christine qui d\u00e9roule, lors d\u2019un entretien avec une patiente ressource amateur, ses mois de traitement, ses angoisses. \u00ab\u00a0Cet entretien avec cette patiente ressource m\u2019a beaucoup aid\u00e9e.\u00a0\u00bb<\/p>\n<p>\u00ab\u00a0Ils ne sont pas l\u00e2ch\u00e9s dans la&#8230;                        <\/p>\n","protected":false},"excerpt":{"rendered":"Atteinte d\u2019un cancer digestif, Christine Dubreuil a v\u00e9cu la maladie dans sa chair, il y a sept ans.&hellip;\n","protected":false},"author":2,"featured_media":562709,"comment_status":"","ping_status":"","sticky":false,"template":"","format":"standard","meta":{"footnotes":""},"categories":[9653],"tags":[1111,11,2430,7539,1777,674,1011,27,3367,12,25,4001,7538,71],"class_list":{"0":"post-562708","1":"post","2":"type-post","3":"status-publish","4":"format-standard","5":"has-post-thumbnail","7":"category-saint-etienne","8":"tag-actu","9":"tag-actualites","10":"tag-auvergne-rhone-alpes","11":"tag-edition-loire-sud","12":"tag-eu","13":"tag-europe","14":"tag-fr","15":"tag-france","16":"tag-loire","17":"tag-news","18":"tag-republique-francaise","19":"tag-saint-etienne","20":"tag-saint-etienne-ville","21":"tag-sante"},"share_on_mastodon":{"url":"https:\/\/pubeurope.com\/@fr\/115622805998830119","error":""},"_links":{"self":[{"href":"https:\/\/www.europesays.com\/fr\/wp-json\/wp\/v2\/posts\/562708","targetHints":{"allow":["GET"]}}],"collection":[{"href":"https:\/\/www.europesays.com\/fr\/wp-json\/wp\/v2\/posts"}],"about":[{"href":"https:\/\/www.europesays.com\/fr\/wp-json\/wp\/v2\/types\/post"}],"author":[{"embeddable":true,"href":"https:\/\/www.europesays.com\/fr\/wp-json\/wp\/v2\/users\/2"}],"replies":[{"embeddable":true,"href":"https:\/\/www.europesays.com\/fr\/wp-json\/wp\/v2\/comments?post=562708"}],"version-history":[{"count":0,"href":"https:\/\/www.europesays.com\/fr\/wp-json\/wp\/v2\/posts\/562708\/revisions"}],"wp:featuredmedia":[{"embeddable":true,"href":"https:\/\/www.europesays.com\/fr\/wp-json\/wp\/v2\/media\/562709"}],"wp:attachment":[{"href":"https:\/\/www.europesays.com\/fr\/wp-json\/wp\/v2\/media?parent=562708"}],"wp:term":[{"taxonomy":"category","embeddable":true,"href":"https:\/\/www.europesays.com\/fr\/wp-json\/wp\/v2\/categories?post=562708"},{"taxonomy":"post_tag","embeddable":true,"href":"https:\/\/www.europesays.com\/fr\/wp-json\/wp\/v2\/tags?post=562708"}],"curies":[{"name":"wp","href":"https:\/\/api.w.org\/{rel}","templated":true}]}}