{"id":562710,"date":"2025-11-27T17:19:10","date_gmt":"2025-11-27T17:19:10","guid":{"rendered":"https:\/\/www.europesays.com\/fr\/562710\/"},"modified":"2025-11-27T17:19:10","modified_gmt":"2025-11-27T17:19:10","slug":"cest-quoi-cette-grosse-structure-apparue-pres-de-la-gare","status":"publish","type":"post","link":"https:\/\/www.europesays.com\/fr\/562710\/","title":{"rendered":"c&rsquo;est quoi cette grosse structure apparue pr\u00e8s de la gare\u00a0?"},"content":{"rendered":"<p>                    Par<br \/>\n        <strong><br \/>\n            <a href=\"https:\/\/actu.fr\/auteur\/amandine-mehl\" title=\"Consulter tous les articles de Amandine Mehl\" target=\"_blank\" rel=\"noopener\">Amandine Mehl<\/a><br \/>\n                    <\/strong><\/p>\n<p>        Publi\u00e9 le<\/p>\n<p>            27 nov. 2025 \u00e0 17h24        <\/p>\n<p>\u00c0 <strong>Nancy<\/strong>, la seconde phase de <a href=\"https:\/\/actu.fr\/grand-est\/nancy_54395\/transformation-de-la-place-simone-veil-a-nancy-voici-les-amenagements-attendus-en-2024_60946528.html\" target=\"_blank\" rel=\"noopener\">transformation de la place Simone Veil<\/a>, jug\u00e9e <strong>trop min\u00e9rale<\/strong>, s\u2019est achev\u00e9e. Outre les <strong>d\u00e9corations<\/strong> install\u00e9es dans le cadre des F\u00eates de <a href=\"https:\/\/actu.fr\/tag\/saint-nicolas\" target=\"_blank\" rel=\"noopener\">Saint-Nicolas<\/a>, la disposition des diff\u00e9rents <strong>am\u00e9nagements<\/strong>, install\u00e9s dans une d\u00e9marche d\u2019<a href=\"https:\/\/actu.fr\/tag\/urbanisme\" target=\"_blank\" rel=\"noopener\">urbanisme<\/a> transitoire, a \u00e9t\u00e9 revue.<\/p>\n<p class=\" wall-content\">Une version qui s\u00e9duit d\u2019ores et d\u00e9j\u00e0 les passants.<\/p>\n<p>Des nouvelles assises en bois \u00ab\u00a0bien plus confortables\u00a0\u00bb<\/p>\n<p class=\" wall-content\">Raymond, qui vit dans le secteur, appr\u00e9cie particuli\u00e8rement les <strong>nouvelles assises en bois<\/strong>\u00a0qu\u2019il juge \u00ab\u00a0bien <strong>plus confortables<\/strong>\u00a0\u00bb que les <a href=\"https:\/\/actu.fr\/grand-est\/nancy_54395\/place-simone-veil-a-nancy-voici-pourquoi-les-bancs-en-metal-ont-disparu-ou-presque_63201973.html\" target=\"_blank\" rel=\"noopener\">bancs en m\u00e9tal<\/a>. Le retrait de ces derniers n\u2019est toutefois pas \u00ab\u00a0d\u00e9finitif\u00a0\u00bb, puisqu\u2019ils seront r\u00e9utilis\u00e9s ailleurs, notamment pour am\u00e9nager le site de l\u2019<a href=\"https:\/\/actu.fr\/grand-est\/nancy_54395\/nancy-que-va-devenir-l-ancienne-caserne-des-pompiers-situee-pres-de-la-gare_61516003.html\" target=\"_blank\" rel=\"noopener\">ancienne caserne<\/a> Joffre.<\/p>\n<blockquote class=\"tiktok-embed\" cite=\"https:\/\/www.tiktok.com\/@lorraine.actu\/video\/7577421785038195990\" data-video-id=\"7577421785038195990\" data-embed-from=\"oembed\" style=\"max-width:605px; min-width:325px;\"><p>\n<a target=\"_blank\" title=\"@lorraine.actu\" href=\"https:\/\/www.tiktok.com\/@lorraine.actu?refer=embed\" rel=\"noopener\">@lorraine.actu<\/a> <\/p>\n<p>\u00c0 Nancy, la place Simone Veil poursuit sa transformation avec la mise en oeuvre d\u2019am\u00e9nagements transitoires. <a title=\"foryou\" target=\"_blank\" href=\"https:\/\/www.tiktok.com\/tag\/foryou?refer=embed\" rel=\"noopener\">#foryou<\/a> <a title=\"fyp\" target=\"_blank\" href=\"https:\/\/www.tiktok.com\/tag\/fyp?refer=embed\" rel=\"noopener\">#fyp<\/a> <\/p>\n<p> <a target=\"_blank\" title=\"\u266c original sound - Marc Scibilia\" href=\"https:\/\/www.tiktok.com\/music\/original-sound-7425646846426549023?refer=embed\" rel=\"noopener\">\u266c original sound \u2013 Marc Scibilia<\/a> <\/p>\n<\/blockquote>\n<p>\u00ab\u00a0Cette place manquait de v\u00e9g\u00e9tation\u00a0\u00bb<\/p>\n<p class=\" wall-content\">Si Sandrine partage le m\u00eame constat, son attention porte majoritairement sur la pr\u00e9sence de <strong>verdure<\/strong>. \u00ab\u00a0Cette place <strong>manquait cruellement de v\u00e9g\u00e9tation<\/strong>. L\u2019\u00e9t\u00e9, c\u2019\u00e9tait <strong>insoutenable<\/strong>. Ces arbres ne vont pas r\u00e9soudre la probl\u00e9matique tout de suite, mais \u00e7a fera quand m\u00eame du bien\u00a0\u00bb, souligne-t-elle.<\/p>\n<p class=\" wall-content\">Estelle, quant \u00e0 elle, regrette \u00ab\u00a0cet<strong> aspect trop bois<\/strong>\u00ab\u00a0. \u00ab\u00a0C\u2019est un peu trop brut \u00e0 mon go\u00fbt mais au moins, on a des arbres\u00a0\u00bb, souffle-t-elle.<\/p>\n<p>V\u00e9g\u00e9tation, pergolas, bancs\u2026<\/p>\n<p class=\" wall-content\">Lanc\u00e9e le 22 septembre 2025, cette seconde phase de transformation vise \u00e0 <strong>r\u00e9introduire davantage la v\u00e9g\u00e9tation<\/strong> et \u00e0 cr\u00e9er des <strong>zones d\u2019ombrage<\/strong>. Cela passe notamment par la pr\u00e9sence d\u2019une vingtaine d\u2019esp\u00e8ces d\u2019arbres, d\u2019arbustes, de plantes grimpantes et vivaces, \u00ab\u00a0s\u00e9lectionn\u00e9es pour leur r\u00e9sistance \u00e0 la culture hors sol, \u00e0 la s\u00e9cheresse, au vent, \u00e0 la forte exposition au soleil et aux variations de temp\u00e9ratures\u00a0\u00bb.<\/p>\n<p>Votre r\u00e9gion, votre actu !<\/p>\n<p>Recevez chaque jour les infos qui comptent pour vous.<\/p>\n<p>\t<a href=\"https:\/\/actu.fr\/newsletter\" class=\"ac-btn ac-btn--corner ac-btn--medium ac-btn--blue800\" target=\"_blank\" rel=\"noopener\">S&rsquo;incrire<\/a><\/p>\n<p class=\" wall-content\">La v\u00e9g\u00e9talisation s\u2019accompagne de <strong>nouvelles assises int\u00e9gr\u00e9es \u00e0 des modules plant\u00e9s<\/strong> ainsi que des <strong>pergolas<\/strong>.\u00a0<\/p>\n<p class=\" wall-content\">Dans une logique d\u2019urbanisme transitoire, le dispositif sera <strong>enrichi en 2026<\/strong>.<\/p>\n<p class=\" wall-content\">Personnalisez votre actualit\u00e9 en ajoutant vos villes et m\u00e9dias en favori avec <a href=\"https:\/\/moncompte.actu.fr\" title=\"D\u00e9couvez Mon Actu\" rel=\"nofollow noopener\" data-trk=\"{&quot;cta&quot;:{&quot;action&quot;:&quot;https:\\\/\\\/moncompte.actu.fr&quot;,&quot;category&quot;:&quot;mon compte&quot;,&quot;from&quot;:&quot;article footer&quot;,&quot;name&quot;:&quot;Mon actu&quot;,&quot;type&quot;:&quot;cta&quot;}}\" target=\"_blank\">Mon Actu<\/a>.<\/p>\n<p>                    <script async src=\"\/\/www.tiktok.com\/embed.js\"><\/script><\/p>\n","protected":false},"excerpt":{"rendered":"Par Amandine Mehl Publi\u00e9 le 27 nov. 2025 \u00e0 17h24 \u00c0 Nancy, la seconde phase de transformation de&hellip;\n","protected":false},"author":2,"featured_media":562711,"comment_status":"","ping_status":"","sticky":false,"template":"","format":"standard","meta":{"footnotes":""},"categories":[9635],"tags":[1111,11,1777,674,1011,27,775,1702,12,25,104,1352],"class_list":{"0":"post-562710","1":"post","2":"type-post","3":"status-publish","4":"format-standard","5":"has-post-thumbnail","7":"category-nancy","8":"tag-actu","9":"tag-actualites","10":"tag-eu","11":"tag-europe","12":"tag-fr","13":"tag-france","14":"tag-grand-est","15":"tag-nancy","16":"tag-news","17":"tag-republique-francaise","18":"tag-societe","19":"tag-urbanisme"},"share_on_mastodon":{"url":"https:\/\/pubeurope.com\/@fr\/115622809678932502","error":""},"_links":{"self":[{"href":"https:\/\/www.europesays.com\/fr\/wp-json\/wp\/v2\/posts\/562710","targetHints":{"allow":["GET"]}}],"collection":[{"href":"https:\/\/www.europesays.com\/fr\/wp-json\/wp\/v2\/posts"}],"about":[{"href":"https:\/\/www.europesays.com\/fr\/wp-json\/wp\/v2\/types\/post"}],"author":[{"embeddable":true,"href":"https:\/\/www.europesays.com\/fr\/wp-json\/wp\/v2\/users\/2"}],"replies":[{"embeddable":true,"href":"https:\/\/www.europesays.com\/fr\/wp-json\/wp\/v2\/comments?post=562710"}],"version-history":[{"count":0,"href":"https:\/\/www.europesays.com\/fr\/wp-json\/wp\/v2\/posts\/562710\/revisions"}],"wp:featuredmedia":[{"embeddable":true,"href":"https:\/\/www.europesays.com\/fr\/wp-json\/wp\/v2\/media\/562711"}],"wp:attachment":[{"href":"https:\/\/www.europesays.com\/fr\/wp-json\/wp\/v2\/media?parent=562710"}],"wp:term":[{"taxonomy":"category","embeddable":true,"href":"https:\/\/www.europesays.com\/fr\/wp-json\/wp\/v2\/categories?post=562710"},{"taxonomy":"post_tag","embeddable":true,"href":"https:\/\/www.europesays.com\/fr\/wp-json\/wp\/v2\/tags?post=562710"}],"curies":[{"name":"wp","href":"https:\/\/api.w.org\/{rel}","templated":true}]}}