{"id":562720,"date":"2025-11-27T17:25:11","date_gmt":"2025-11-27T17:25:11","guid":{"rendered":"https:\/\/www.europesays.com\/fr\/562720\/"},"modified":"2025-11-27T17:25:11","modified_gmt":"2025-11-27T17:25:11","slug":"a-quoi-sattendre-en-seine-maritime","status":"publish","type":"post","link":"https:\/\/www.europesays.com\/fr\/562720\/","title":{"rendered":"\u00e0 quoi s&rsquo;attendre en Seine-Maritime"},"content":{"rendered":"<p melodystyle=\"texte\" data-end=\"646\">La journ\u00e9e nationale de gr\u00e8ve et de manifestations programm\u00e9e mardi 2\u00a0d\u00e9cembre 2025 s&rsquo;annonce suivie en Seine-Maritime. Le mouvement, lanc\u00e9 par un front intersyndical regroupant la CGT, la FSU et Solidaires, appelle salari\u00e9s, jeunes, retrait\u00e9s et demandeurs d&#8217;emploi \u00e0 se mobiliser contre les suppressions de postes, la d\u00e9gradation des conditions de travail et pour la revalorisation salariale. Des perturbations sont attendues dans plusieurs secteurs du d\u00e9partement.<\/p>\n<p>Les perturbations dans les transports SNCF<\/p>\n<p melodystyle=\"texte\" data-end=\"991\">La CGT Cheminots appelle \u00e0 la gr\u00e8ve. Des retards et annulations sont possibles sur tout le r\u00e9seau ferroviaire. Les pr\u00e9visions concernant le trafic seront communiqu\u00e9es lundi 1er\u00a0d\u00e9cembre, \u00e0 17h. Les voyageurs pourront se renseigner via <a href=\"https:\/\/www.sncf-connect.com\/\" target=\"_blank\" rel=\"noopener\">SNCF Connect<\/a>.<\/p>\n<p>L&rsquo;\u00e9ducation particuli\u00e8rement touch\u00e9e<\/p>\n<p melodystyle=\"texte\" data-end=\"1136\">Le secteur \u00e9ducatif sera l&rsquo;un des plus affect\u00e9s. Les organisations syndicales d\u00e9noncent notamment\u00a0:<\/p>\n<ul>&#13;<\/p>\n<li melodystyle=\"texte\" data-end=\"1193\">4\u00a0018 suppressions de postes dans le secondaire<\/li>\n<p>&#13;<\/p>\n<li melodystyle=\"texte\" data-end=\"1254\">des r\u00e9ductions d&rsquo;effectifs \u00e9galement dans le primaire<\/li>\n<p>&#13;\n<\/ul>\n<p melodystyle=\"texte\" data-end=\"1418\">Des fermetures de classes, des absences d&rsquo;enseignants ainsi que des perturbations dans les services p\u00e9riscolaires (cantine, garderie) sont \u00e0 pr\u00e9voir.<\/p>\n<p>Les manifestations pr\u00e9vues dans le d\u00e9partement<\/p>\n<p melodystyle=\"texte\" data-end=\"1547\">Plusieurs rassemblements sont annonc\u00e9s pour cette journ\u00e9e de mobilisation\u00a0:<\/p>\n<p melodystyle=\"texte\"><b data-end=\"1575\">14h30<\/b>\u00a0: Espace Henri-Dunant<\/p>\n<p melodystyle=\"texte\" data-end=\"1680\"><b data-end=\"1629\">10h<\/b>\u00a0: H\u00f4tel de Ville<\/p>\n<p melodystyle=\"texte\" data-end=\"1728\"><b data-end=\"1707\">10h<\/b>\u00a0: Cours Cl\u00e9menceau<\/p>\n","protected":false},"excerpt":{"rendered":"La journ\u00e9e nationale de gr\u00e8ve et de manifestations programm\u00e9e mardi 2\u00a0d\u00e9cembre 2025 s&rsquo;annonce suivie en Seine-Maritime. Le mouvement,&hellip;\n","protected":false},"author":2,"featured_media":562721,"comment_status":"","ping_status":"","sticky":false,"template":"","format":"standard","meta":{"footnotes":""},"categories":[9587],"tags":[1111,11,1777,674,1011,27,12,5161,25,9590],"class_list":{"0":"post-562720","1":"post","2":"type-post","3":"status-publish","4":"format-standard","5":"has-post-thumbnail","7":"category-rouen","8":"tag-actu","9":"tag-actualites","10":"tag-eu","11":"tag-europe","12":"tag-fr","13":"tag-france","14":"tag-news","15":"tag-normandie","16":"tag-republique-francaise","17":"tag-rouen"},"share_on_mastodon":{"url":"https:\/\/pubeurope.com\/@fr\/115622833447946950","error":""},"_links":{"self":[{"href":"https:\/\/www.europesays.com\/fr\/wp-json\/wp\/v2\/posts\/562720","targetHints":{"allow":["GET"]}}],"collection":[{"href":"https:\/\/www.europesays.com\/fr\/wp-json\/wp\/v2\/posts"}],"about":[{"href":"https:\/\/www.europesays.com\/fr\/wp-json\/wp\/v2\/types\/post"}],"author":[{"embeddable":true,"href":"https:\/\/www.europesays.com\/fr\/wp-json\/wp\/v2\/users\/2"}],"replies":[{"embeddable":true,"href":"https:\/\/www.europesays.com\/fr\/wp-json\/wp\/v2\/comments?post=562720"}],"version-history":[{"count":0,"href":"https:\/\/www.europesays.com\/fr\/wp-json\/wp\/v2\/posts\/562720\/revisions"}],"wp:featuredmedia":[{"embeddable":true,"href":"https:\/\/www.europesays.com\/fr\/wp-json\/wp\/v2\/media\/562721"}],"wp:attachment":[{"href":"https:\/\/www.europesays.com\/fr\/wp-json\/wp\/v2\/media?parent=562720"}],"wp:term":[{"taxonomy":"category","embeddable":true,"href":"https:\/\/www.europesays.com\/fr\/wp-json\/wp\/v2\/categories?post=562720"},{"taxonomy":"post_tag","embeddable":true,"href":"https:\/\/www.europesays.com\/fr\/wp-json\/wp\/v2\/tags?post=562720"}],"curies":[{"name":"wp","href":"https:\/\/api.w.org\/{rel}","templated":true}]}}