{"id":562722,"date":"2025-11-27T17:26:16","date_gmt":"2025-11-27T17:26:16","guid":{"rendered":"https:\/\/www.europesays.com\/fr\/562722\/"},"modified":"2025-11-27T17:26:16","modified_gmt":"2025-11-27T17:26:16","slug":"a-rouen-cette-boutique-de-createurs-locaux-veut-vous-donner-le-sourire","status":"publish","type":"post","link":"https:\/\/www.europesays.com\/fr\/562722\/","title":{"rendered":"\u00c0 Rouen, cette boutique de cr\u00e9ateurs locaux veut vous donner le sourire\u00a0!"},"content":{"rendered":"<p>                    Par<br \/>\n        <strong><br \/>\n            <a href=\"https:\/\/actu.fr\/auteur\/lily-dedeye\" title=\"Consulter tous les articles de Lily Dedeye\" target=\"_blank\" rel=\"noopener\">Lily Dedeye<\/a><br \/>\n                    <\/strong><\/p>\n<p>        Publi\u00e9 le<\/p>\n<p>            27 nov. 2025 \u00e0 18h16        <\/p>\n<p><strong>Les boutiques Smile<\/strong> concept store existent un peu partout en France depuis plusieurs ann\u00e9es. Pour la plupart, elles sont \u00e9ph\u00e9m\u00e8res <a href=\"https:\/\/actu.fr\/tag\/docks-76\" target=\"_blank\" rel=\"noopener\">comme celle des Docks 76 \u00e0 Rouen<\/a>. Mais depuis novembre 2025, un magasin p\u00e9renne a ouvert rue Eau-de-Robec.<\/p>\n<p>Smile, la boutique qui met en avant les cr\u00e9ations d\u2019artistes<\/p>\n<p class=\" wall-content\">Les boutiques Smile ont toutes \u00e9t\u00e9 cr\u00e9es par Elise Maillet et Sandrine Laurence, deux amies de longue date. \u00ab\u00a0\u00c0 l\u2019origine, Sandrine \u00e9tait ma nounou, elle m\u2019a parl\u00e9 de son projet, j\u2019ai trouv\u00e9 l\u2019id\u00e9e bonne et nous nous sommes lanc\u00e9es\u00a0\u00bb, commence Sandrine.\u00a0<\/p>\n<blockquote class=\"ac-article-quote wall-content\">\n<p>Nous sommes comme \u00e7a nous, on a un projet, on r\u00e9fl\u00e9chit pas, on y va !<\/p>\n<p>    <strong>Sandrine Laurence<\/strong><br \/>\n        Co-g\u00e9rante du Smile concept store du centre ville de Rouen    <\/p><\/blockquote>\n<p>    <img   decoding=\"async\" loading=\"lazy\" src=\"https:\/\/www.europesays.com\/fr\/wp-content\/uploads\/2025\/11\/img-3208-960x640.jpg\" alt=\"La boutique de cr\u00e9ateurs \" width=\"960\" height=\"640\"\/><br \/>\n    La boutique de cr\u00e9ateurs \u00ab\u00a0Smile\u00a0\u00bb a ouvert ses portes Rue du Eau-de-Robec il y a 2 semaines (\u00a9Lily Dedeye)<\/p>\n<p class=\" wall-content\">Smile concept store est donc \u00e0 l\u2019origine un magasin mettant en avant <strong>les cr\u00e9ations d\u2019artistes locaux.<\/strong> \u00ab\u00a0On travaille avec des cr\u00e9ateurs, on les recrute au coup de c\u0153ur sur Instagram et on les expose dans notre boutique. La boutique permet aux cr\u00e9ateurs de se faire conna\u00eetre, c\u2019est plus vendeur que sur Instagram\u00a0\u00bb, poursuit l\u2019entrepreneuse.<\/p>\n<p>Vid\u00e9os : en ce moment sur Actu<\/p>\n<p class=\" wall-content\">Au grand d\u00e9sespoir de la jeune femme, au bout de quelques ann\u00e9es, Elise d\u00e9cide de s\u2019installer \u00e0 l\u2019\u00e9tranger et laisse la gestion des magasins de l\u2019Hexagone \u00e0 la jeune femme. \u00ab\u00a0L\u00e0 je me suis dit, pourquoi pas cr\u00e9er autre chose. <strong>Je ne voulais pas \u00eatre que g\u00e9rante<\/strong>, je voulais plus. Alors, j\u2019ai commenc\u00e9 \u00e0 r\u00e9fl\u00e9chir \u00e0 des projets.\u00a0\u00bb<\/p>\n<p>    <img   decoding=\"async\" loading=\"lazy\" src=\"https:\/\/www.europesays.com\/fr\/wp-content\/uploads\/2025\/11\/img-3194-960x640.jpg\" alt=\"Quand vous entrez dans la boutique Smile, vous p\u00e9n\u00e9trez dans un tout nouvel univers.\" width=\"960\" height=\"640\"\/><br \/>\n    Quand vous entrez dans la boutique Smile, vous p\u00e9n\u00e9trez dans un tout nouvel univers. (\u00a9Lily Dedeye)<\/p>\n<p>Votre r\u00e9gion, votre actu !<\/p>\n<p>Recevez chaque jour les infos qui comptent pour vous.<\/p>\n<p>\t<a href=\"https:\/\/actu.fr\/newsletter\" class=\"ac-btn ac-btn--corner ac-btn--medium ac-btn--blue800\" target=\"_blank\" rel=\"noopener\">S&rsquo;incrire<\/a><br \/>\nUn projet qui na\u00eet d\u2019une rencontre<\/p>\n<p class=\" wall-content\">En avril dernier, Sandrine rencontre Ana\u00efs Rioult, brodeuse et cr\u00e9atrice. \u00ab\u00a0Je voulais sortir de mon petit appartement et me faire conna\u00eetre, alors j\u2019ai postul\u00e9 pour exposer dans la boutique. Sans grande conviction je dois dire, j\u2019\u00e9tais dans mon lit un soir \u00e0 22h ! Et Sandrine m\u2019a recontact\u00e9e et a accept\u00e9 d\u2019exposer mes cr\u00e9ations\u00a0\u00bb, raconte la jeune femme.<\/p>\n<p class=\" wall-content\">L\u00e0, c\u2019est un coup de c\u0153ur. Les deux jeunes femmes collaborent ensemble et ont m\u00eame du mal \u00e0 se quitter. \u00ab\u00a0Puis, \u00e0 force de discuter, on s\u2019est rendu compte qu\u2019on avait le m\u00eame projet. Toutes les deux, <strong>on voulait cr\u00e9er notre boutique \u00e0 nous<\/strong>, une boutique permanente, o\u00f9 moi je pourrai faire de la broderie et Sandrine faire d\u00e9couvrir la technique de tissage de la laine card\u00e9\u00a0\u00bb, dit Ana\u00efs. \u00ab\u00a0On en a parl\u00e9 \u00e0 Elise et elle nous a donn\u00e9 son feu vert\u00a0\u00bb, compl\u00e8te Sandrine.<\/p>\n<blockquote class=\"ac-article-quote wall-content\">\n<p>La laine card\u00e9e c&rsquo;est une laine de mouton qui a \u00e9t\u00e9 bross\u00e9e, teint\u00e9e mais non mise en fil. On peut la travailler au savon et \u00e0 l&rsquo;aiguille.<\/p>\n<p>    <strong>Sandrine Laurence<\/strong><br \/>\n        Co-g\u00e9rante du Smile concept store du centre ville de Rouen    <\/p><\/blockquote>\n<p>    <img   decoding=\"async\" loading=\"lazy\" src=\"https:\/\/www.europesays.com\/fr\/wp-content\/uploads\/2025\/11\/img-3200-960x640.jpg\" alt=\"La boutique Smile expose les cr\u00e9ations d'artistes et permet de leur donner de la visibilit\u00e9. \" width=\"960\" height=\"640\"\/><br \/>\n    La boutique Smile expose les cr\u00e9ations d\u2019artistes et permet de leur donner de la visibilit\u00e9. (\u00a9Lily Dedeye)Un seul mot d\u2019ordre : de la joie<\/p>\n<p class=\" wall-content\">Une fois le local trouv\u00e9, les deux coll\u00e8gues (devenues amies !), s\u2019installent\u2026 et les id\u00e9es fusent ! Pour ce concept store, elles d\u00e9cident de s\u2019entourer de 12 cr\u00e9ateurs.\u00a0<br \/>Des bijoux sont expos\u00e9s, de la c\u00e9ramique, du crochet, des kits cr\u00e9atifs, des tableaux. Le mot d\u2019ordre : <strong>de la joie !\u00a0<\/strong><\/p>\n<blockquote class=\"ac-article-quote wall-content\">\n<p>C&rsquo;est notre personnalit\u00e9, on est joyeuses, on veut transmettre cela dans notre boutique.<\/p>\n<p>    <strong>Ana\u00efs Rioult<\/strong><br \/>\n        Co-g\u00e9rante du Smile concept store du centre ville de Rouen    <\/p><\/blockquote>\n<p>Les nouveaut\u00e9s : broderie et ateliers cr\u00e9atifs enfants\/adultes<\/p>\n<p class=\" wall-content\">Ana\u00efs propose \u00e9galement son bar \u00e0 broderie dans le fond de la pi\u00e8ce. \u00ab\u00a0Les gens peuvent venir avec leur t-shirt, tissu, ou bien l\u2019acheter directement sur place et je brode le motif souhait\u00e9. Il m\u2019arrive \u00e9galement de travailler avec les cr\u00e9ateurs, on collabore, pour apporter de beaux produits \u00e0 nos clients\u00a0\u00bb, explique-t-elle. Comptez 2 euros par lettre brod\u00e9e.<\/p>\n<p class=\" wall-content\">Nouveaut\u00e9 par rapport aux pr\u00e9c\u00e9dents Smile : Sandrine propose \u00e9galement <strong>des ateliers cr\u00e9atifs.<\/strong> \u00ab\u00a0J\u2019en proposais d\u00e9j\u00e0 dans des salons \u00e0 Paris, je me suis dit que cela pourrait fonctionner dans la boutique !\u00a0\u00bb, raconte-t-elle.<\/p>\n<p class=\" wall-content\">Ateliers de customisation de totebag, suspension de plante, d\u00e9couverte de la laine card\u00e9e\u2026 il y en a pour tous les go\u00fbts\u2026 et pour tous les prix ! Comptez<strong> environ 25 euros<\/strong> pour un atelier \u00ab\u00a0laine card\u00e9 sur un totebag\u00a0\u00bb.<\/p>\n<p>    <img   decoding=\"async\" loading=\"lazy\" src=\"https:\/\/www.europesays.com\/fr\/wp-content\/uploads\/2025\/11\/img-3178-960x640.jpg\" alt=\"A l'origine infirmi\u00e8re pu\u00e9ricultrice, Ana\u00efs s'est r\u00e9orient\u00e9e dans la broderie et les arts cr\u00e9atifs. \" width=\"960\" height=\"640\"\/><br \/>\n    A l\u2019origine infirmi\u00e8re pu\u00e9ricultrice, Ana\u00efs s\u2019est r\u00e9orient\u00e9e dans la broderie et les arts cr\u00e9atifs. (\u00a9Lily Dedeye)Se faire conna\u00eetre<\/p>\n<p class=\" wall-content\">Pour rencontrer ces deux jeunes femmes bouillonnant de joie, et d\u00e9couvrir leur boutique, une inauguration le vendredi 21 novembre \u00e0 17h30 est pr\u00e9vue. \u00ab\u00a0On a pr\u00e9vu un cocktail, on a invit\u00e9 des personnalit\u00e9s\u00a0\u00bb, dit Sandrine. \u00ab\u00a0L\u2019id\u00e9e c\u2019est que tous les cr\u00e9ateurs se retrouvent et que les clients puissent les rencontrer\u00a0\u00bb, conclut Ana\u00efs.<\/p>\n<p class=\" wall-content\">\u00ab\u00a0Alors si vous vous ennuyez seuls \u00e0 la maison, n\u2019h\u00e9sitez pas \u00e0 passer!\u00a0\u00bb, finit Sandrine avec un grand sourire.\u00a0<\/p>\n<p>Smile, 253 rue Eau-de-Robec \u00e0 Rouen. Ouvert du mardi au samedi de 10h \u00e0 19h.<\/p>\n<p>Suivez l\u2019actualit\u00e9 du Havre <a href=\"https:\/\/www.whatsapp.com\/channel\/0029VaFqJYE8aKvLBwVrEe0o\" target=\"_blank\" rel=\"noopener\">sur notre cha\u00eene WhatsApp<\/a> et <a href=\"https:\/\/www.tiktok.com\/@76actu.fr?lang=fr\" target=\"_blank\" rel=\"noopener\">sur notre compte TikTok<\/a><\/p>\n<p class=\" wall-content\">Personnalisez votre actualit\u00e9 en ajoutant vos villes et m\u00e9dias en favori avec <a href=\"https:\/\/moncompte.actu.fr\" title=\"D\u00e9couvez Mon Actu\" rel=\"nofollow noopener\" data-trk=\"{&quot;cta&quot;:{&quot;action&quot;:&quot;https:\\\/\\\/moncompte.actu.fr&quot;,&quot;category&quot;:&quot;mon compte&quot;,&quot;from&quot;:&quot;article footer&quot;,&quot;name&quot;:&quot;Mon actu&quot;,&quot;type&quot;:&quot;cta&quot;}}\" target=\"_blank\">Mon Actu<\/a>.<\/p>\n<p>                    <script async src=\"\/\/www.tiktok.com\/embed.js\"><\/script><\/p>\n","protected":false},"excerpt":{"rendered":"Par Lily Dedeye Publi\u00e9 le 27 nov. 2025 \u00e0 18h16 Les boutiques Smile concept store existent un peu&hellip;\n","protected":false},"author":2,"featured_media":562723,"comment_status":"","ping_status":"","sticky":false,"template":"","format":"standard","meta":{"footnotes":""},"categories":[9587],"tags":[1111,11,9086,215,1777,674,1011,27,1652,12,5161,25,9590],"class_list":{"0":"post-562722","1":"post","2":"type-post","3":"status-publish","4":"format-standard","5":"has-post-thumbnail","7":"category-rouen","8":"tag-actu","9":"tag-actualites","10":"tag-bon-plan-a-rouen","11":"tag-commerce","12":"tag-eu","13":"tag-europe","14":"tag-fr","15":"tag-france","16":"tag-loisirs-culture","17":"tag-news","18":"tag-normandie","19":"tag-republique-francaise","20":"tag-rouen"},"share_on_mastodon":{"url":"https:\/\/pubeurope.com\/@fr\/115622838306974404","error":""},"_links":{"self":[{"href":"https:\/\/www.europesays.com\/fr\/wp-json\/wp\/v2\/posts\/562722","targetHints":{"allow":["GET"]}}],"collection":[{"href":"https:\/\/www.europesays.com\/fr\/wp-json\/wp\/v2\/posts"}],"about":[{"href":"https:\/\/www.europesays.com\/fr\/wp-json\/wp\/v2\/types\/post"}],"author":[{"embeddable":true,"href":"https:\/\/www.europesays.com\/fr\/wp-json\/wp\/v2\/users\/2"}],"replies":[{"embeddable":true,"href":"https:\/\/www.europesays.com\/fr\/wp-json\/wp\/v2\/comments?post=562722"}],"version-history":[{"count":0,"href":"https:\/\/www.europesays.com\/fr\/wp-json\/wp\/v2\/posts\/562722\/revisions"}],"wp:featuredmedia":[{"embeddable":true,"href":"https:\/\/www.europesays.com\/fr\/wp-json\/wp\/v2\/media\/562723"}],"wp:attachment":[{"href":"https:\/\/www.europesays.com\/fr\/wp-json\/wp\/v2\/media?parent=562722"}],"wp:term":[{"taxonomy":"category","embeddable":true,"href":"https:\/\/www.europesays.com\/fr\/wp-json\/wp\/v2\/categories?post=562722"},{"taxonomy":"post_tag","embeddable":true,"href":"https:\/\/www.europesays.com\/fr\/wp-json\/wp\/v2\/tags?post=562722"}],"curies":[{"name":"wp","href":"https:\/\/api.w.org\/{rel}","templated":true}]}}