{"id":562724,"date":"2025-11-27T17:27:19","date_gmt":"2025-11-27T17:27:19","guid":{"rendered":"https:\/\/www.europesays.com\/fr\/562724\/"},"modified":"2025-11-27T17:27:19","modified_gmt":"2025-11-27T17:27:19","slug":"grenoble-une-brocante-ephemere-vient-douvrir-pour-les-fetes-rue-de-bonne","status":"publish","type":"post","link":"https:\/\/www.europesays.com\/fr\/562724\/","title":{"rendered":"Grenoble. Une brocante \u00e9ph\u00e9m\u00e8re vient d\u2019ouvrir pour les f\u00eates rue de Bonne"},"content":{"rendered":"<p>Depuis le 20\u00a0novembre, Vide D\u00e9co fait son retour pour une deuxi\u00e8me \u00e9dition de No\u00ebl, avec une boutique install\u00e9e au 15 rue de Bonne, \u00e0 Grenoble. \u00ab\u00a0Cette brocante \u00e9ph\u00e9m\u00e8re est un nouvel espace de 300\u00a0m\u00e8tres carr\u00e9s r\u00e9partis sur deux \u00e9tages, en plein centre-ville, enti\u00e8rement d\u00e9di\u00e9 au mobilier et \u00e0 la d\u00e9coration vintage. Un pop-up unique pour les f\u00eates, o\u00f9 l\u2019on peut chiner des pi\u00e8ces pour une d\u00e9coration durable et \u00e9l\u00e9gante, ainsi que des cadeaux \u00e9coresponsables\u00a0\u00bb, explique Na\u00efs Arlaud, responsable des lieux et du projet.<\/p>\n<p>Vide D\u00e9co est une marketplace sp\u00e9cialis\u00e9e dans le mobilier et la d\u00e9coration de brocante. Cette fois-ci, la boutique s\u2019installe pour plus d\u2019un mois de ventes \u00e9ph\u00e9m\u00e8res au c\u0153ur de Grenoble. On y trouve une s\u00e9lection unique de meubles, d\u2019objets d\u00e9co et d\u2019id\u00e9es cadeaux pour l\u2019hiver. \u00ab\u00a0Ce sont des pi\u00e8ces uniques, v\u00e9ritables tr\u00e9sors d\u2019un temps pass\u00e9, revaloris\u00e9s par notre \u00e9quipe de brocanteurs de la r\u00e9gion et pr\u00eats \u00e0 commencer une nouvelle vie\u00a0\u00bb, conclut Na\u00efs.<\/p>\n<p>Ce contenu est bloqu\u00e9 car vous n&rsquo;avez pas accept\u00e9 les cookies et autres traceurs.<\/p>\n<p>En cliquant sur \u00ab J\u2019accepte \u00bb, les cookies et autres traceurs seront d\u00e9pos\u00e9s et vous pourrez visualiser les contenus  (<a href=\"\" class=\"consentModule_policy\" target=\"_blank\" title=\"Consulter la politique de protection des donn\u00e9es du fournisseur\">plus d&rsquo;informations<\/a>).<\/p>\n<p>En cliquant sur \u00ab J\u2019accepte tous les cookies \u00bb, vous autorisez des d\u00e9p\u00f4ts de cookies et autres traceurs pour le stockage de vos donn\u00e9es sur nos sites et applications \u00e0 des fins de personnalisation et de ciblage publicitaire.<\/p>\n<p class=\"consentModule_secondaryText\">Vous gardez la possibilit\u00e9 de retirer votre consentement \u00e0 tout moment en consultant notre <a href=\"https:\/\/www.ledauphine.com\/protection-des-donnees\" target=\"_blank\" title=\"Consulter notre politique de protection des donn\u00e9es\" rel=\"noopener\">politique de protection des donn\u00e9es<\/a>. <br \/>&#13;<br \/>\n            <a href=\"https:\/\/www.ledauphine.com\/economie\/2025\/11\/27\/javascript:Didomi.notice.show()\" class=\"consentModule_cmp\" target=\"_blank\" rel=\"noopener\">G\u00e9rer mes choix<\/a>&#13;\n        <\/p>\n<p>&#13;<br \/>\n                        J&rsquo;accepte&#13;<br \/>\n            J&rsquo;accepte tous les cookies&#13;\n        <\/p>\n<p class=\"note\">Vide D\u00e9co est ouvert tous les jours de 10 \u00e0 19\u00a0heures, jusqu\u2019au 31\u00a0d\u00e9cembre.<\/p>\n","protected":false},"excerpt":{"rendered":"Depuis le 20\u00a0novembre, Vide D\u00e9co fait son retour pour une deuxi\u00e8me \u00e9dition de No\u00ebl, avec une boutique install\u00e9e&hellip;\n","protected":false},"author":2,"featured_media":562725,"comment_status":"","ping_status":"","sticky":false,"template":"","format":"standard","meta":{"footnotes":""},"categories":[9566],"tags":[1111,11,2430,4406,33,112,1777,674,1011,27,2731,2732,12,25],"class_list":{"0":"post-562724","1":"post","2":"type-post","3":"status-publish","4":"format-standard","5":"has-post-thumbnail","7":"category-grenoble","8":"tag-actu","9":"tag-actualites","10":"tag-auvergne-rhone-alpes","11":"tag-commerce-et-services","12":"tag-economie","13":"tag-edition-grenoble-agglomeration","14":"tag-eu","15":"tag-europe","16":"tag-fr","17":"tag-france","18":"tag-grenoble","19":"tag-grenoble-bassin","20":"tag-news","21":"tag-republique-francaise"},"share_on_mastodon":{"url":"https:\/\/pubeurope.com\/@fr\/115622841274742786","error":""},"_links":{"self":[{"href":"https:\/\/www.europesays.com\/fr\/wp-json\/wp\/v2\/posts\/562724","targetHints":{"allow":["GET"]}}],"collection":[{"href":"https:\/\/www.europesays.com\/fr\/wp-json\/wp\/v2\/posts"}],"about":[{"href":"https:\/\/www.europesays.com\/fr\/wp-json\/wp\/v2\/types\/post"}],"author":[{"embeddable":true,"href":"https:\/\/www.europesays.com\/fr\/wp-json\/wp\/v2\/users\/2"}],"replies":[{"embeddable":true,"href":"https:\/\/www.europesays.com\/fr\/wp-json\/wp\/v2\/comments?post=562724"}],"version-history":[{"count":0,"href":"https:\/\/www.europesays.com\/fr\/wp-json\/wp\/v2\/posts\/562724\/revisions"}],"wp:featuredmedia":[{"embeddable":true,"href":"https:\/\/www.europesays.com\/fr\/wp-json\/wp\/v2\/media\/562725"}],"wp:attachment":[{"href":"https:\/\/www.europesays.com\/fr\/wp-json\/wp\/v2\/media?parent=562724"}],"wp:term":[{"taxonomy":"category","embeddable":true,"href":"https:\/\/www.europesays.com\/fr\/wp-json\/wp\/v2\/categories?post=562724"},{"taxonomy":"post_tag","embeddable":true,"href":"https:\/\/www.europesays.com\/fr\/wp-json\/wp\/v2\/tags?post=562724"}],"curies":[{"name":"wp","href":"https:\/\/api.w.org\/{rel}","templated":true}]}}