{"id":562726,"date":"2025-11-27T17:28:27","date_gmt":"2025-11-27T17:28:27","guid":{"rendered":"https:\/\/www.europesays.com\/fr\/562726\/"},"modified":"2025-11-27T17:28:27","modified_gmt":"2025-11-27T17:28:27","slug":"grenoble-les-transports-du-smmag-vont-desservir-de-nouvelles-communes-voici-lesquelles","status":"publish","type":"post","link":"https:\/\/www.europesays.com\/fr\/562726\/","title":{"rendered":"Grenoble. Les transports du SMMAG vont desservir de nouvelles communes, voici lesquelles"},"content":{"rendered":"<p>                    Par<br \/>\n        <strong><br \/>\n            <a href=\"https:\/\/actu.fr\/auteur\/lisa-rodrigues\" title=\"Consulter tous les articles de Lisa Rodrigues\" rel=\"nofollow noopener\" target=\"_blank\">Lisa Rodrigues<\/a><br \/>\n                    <\/strong><\/p>\n<p>        Publi\u00e9 le<\/p>\n<p>            27 nov. 2025 \u00e0 17h28        <\/p>\n<p>Le <strong>SMMAG<\/strong> (Syndicat mixte des mobilit\u00e9s de l\u2019aire grenobloise) \u00e9largit sa pr\u00e9sence sur le territoire du bassin de vie de <a href=\"https:\/\/actu.fr\/auvergne-rhone-alpes\/grenoble_38185\" rel=\"nofollow noopener\" target=\"_blank\">Grenoble<\/a>. Actuellement, les 49 communes de la M\u00e9tropole et les collectivit\u00e9s du Gr\u00e9sivaudan et du Voironnais partagent le m\u00eame r\u00e9seau de transports en commun et d\u2019offre de mobilit\u00e9s.\u00a0<br \/>Jeudi 27 novembre, le conseil syndical du SMMAG a ent\u00e9rin\u00e9 \u00e0 l\u2019unanimit\u00e9 <strong>l\u2019arriv\u00e9e d\u2019un nouveau territoire<\/strong> en son sein. \u201cC\u2019est un moment important dans l\u2019histoire de notre territoire et de notre syndicat\u00a0\u00bb, souligne le pr\u00e9sident du SMMAG, Sylvain Laval.<\/p>\n<p class=\" wall-content\">Il s\u2019agit de la <strong>Communaut\u00e9 de communes du massif du Vercors (CCMV)<\/strong>. Six communes rejoignent donc le r\u00e9seau de mobilit\u00e9s grenoblois : Autrans-M\u00e9audre en Vercors, <a href=\"https:\/\/actu.fr\/auvergne-rhone-alpes\/correncon-en-vercors_38129\" rel=\"nofollow noopener\" target=\"_blank\">Corren\u00e7on-en-Vercors<\/a>, Engins, <a href=\"https:\/\/actu.fr\/auvergne-rhone-alpes\/lans-en-vercors_38205\" rel=\"nofollow noopener\" target=\"_blank\">Lans-en-Vercors<\/a>, <a href=\"https:\/\/actu.fr\/auvergne-rhone-alpes\/villard-de-lans_38548\" rel=\"nofollow noopener\" target=\"_blank\">Villard-de-Lans<\/a> et Saint-Nizier-du-Moucherotte.<\/p>\n<p>De nombreux d\u00e9placements pendulaires<\/p>\n<p class=\" wall-content\">Le SMMAG couvre d\u00e9sormais un territoire de <strong>129 communes<\/strong>, abritant pr\u00e8s de 652 500 habitants.<\/p>\n<p class=\" wall-content\">Outre \u201cla <a href=\"https:\/\/actu.fr\/auvergne-rhone-alpes\/grenoble_38185\/grenoble-la-tag-a-un-nouveau-nom-voici-ce-qui-va-changer-pour-les-transports_61526212.html\" rel=\"nofollow noopener\" target=\"_blank\">coordination des services de mobilit\u00e9<\/a>\u00a0\u00bb entre les diff\u00e9rents territoires, l\u2019arriv\u00e9e du Vercors doit permettre aux habitants du plateau de b\u00e9n\u00e9ficier des m\u00eames offres de transport et de d\u00e9placement que leurs voisins, y compris <a href=\"https:\/\/actu.fr\/auvergne-rhone-alpes\/grenoble_38185\/grenoble-les-tarifs-des-abonnements-augmentent-dans-les-transports-voici-de-combien_63087068.html\" rel=\"nofollow noopener\" target=\"_blank\">en termes tarifaires<\/a>.<\/p>\n<p class=\" wall-content\">Car les besoins \u00e9taient l\u00e0 : nombreux sont les habitants du Vercors \u00e0 se rendre tous les jours dans l\u2019agglom\u00e9ration grenobloise pour travailler, et inversement.\u00a0<\/p>\n<blockquote class=\"ac-article-quote wall-content\">\n<p>Quand on prend aujourd\u2019hui les mouvements pendulaires dans les deux sens, il y a \u00e0 peu pr\u00e8s 6 000 flux d\u2019\u00e9changes quotidiens entre les deux territoires, ce qui repr\u00e9sente une masse importante de d\u00e9placements.<\/p>\n<p>    <strong>Sylvain Laval<\/strong><br \/>\n        Pr\u00e9sident du SMMAG    <\/p><\/blockquote>\n<p>    <img   decoding=\"async\" loading=\"lazy\" src=\"https:\/\/www.europesays.com\/fr\/wp-content\/uploads\/2025\/04\/sylvain-laval-2-960x640.jpg\" alt=\"Sylvain Laval, pr\u00e9sident du SMMAG et maire de Saint-Martin-le-Vinoux (Is\u00e8re).\" width=\"960\" height=\"640\"\/><br \/>\n    Sylvain Laval, pr\u00e9sident du SMMAG, a salu\u00e9 l\u2019arriv\u00e9e d\u2019un nouveau territoire au sein du syndicat de mobilit\u00e9s grenoblois. (\u00a9Lisa Rodrigues \/ actu Grenoble)<\/p>\n<p>Votre r\u00e9gion, votre actu !<\/p>\n<p>Recevez chaque jour les infos qui comptent pour vous.<\/p>\n<p>\t<a href=\"https:\/\/actu.fr\/newsletter\" class=\"ac-btn ac-btn--corner ac-btn--medium ac-btn--blue800\" rel=\"nofollow noopener\" target=\"_blank\">S&rsquo;incrire<\/a><br \/>\nD\u2019autres territoires pourraient adh\u00e9rer<\/p>\n<p class=\" wall-content\">Si la CCMV et le SMMAG coop\u00e8rent d\u00e9j\u00e0 pour les lignes de <a href=\"https:\/\/actu.fr\/auvergne-rhone-alpes\/grenoble_38185\/grenoble-le-radar-est-arrive-sur-la-voie-de-covoiturage-de-l-a48-et-les-premieres-amendes-aussi_62833455.html\" rel=\"nofollow noopener\" target=\"_blank\">covoiturage<\/a>, l\u2019adh\u00e9sion du Vercors doit permettre de renforcer l\u2019offre de stationnement relais, la connexion entre les r\u00e9seaux de transports existants, ou encore les pistes cyclables vers Grenoble.\u00a0<\/p>\n<p class=\" wall-content\"><strong>\u201cEn mati\u00e8re de d\u00e9placement, il n\u2019y a pas de fronti\u00e8re administrative\u00a0\u00bb<\/strong>, rappelle Sylvain Laval. Un mantra qui laisse la porte ouverte \u00e0 d\u2019autres territoires. \u00ab\u00a0Nous avons un bassin de mobilit\u00e9 cible de 11 intercommunalit\u00e9s autour du centre urbain grenoblois\u00a0\u00bb, poursuit le pr\u00e9sident.<\/p>\n<p class=\" wall-content\">Sept autres communaut\u00e9s de communes \u2013 une zone englobant la Bi\u00e8vre jusqu\u2019en Matheysine, en passant par le Tri\u00e8ves \u2013 pourraient donc, \u00e0 l\u2019avenir, rejoindre le SMMAG si elles le souhaitaient. Soit un potentiel d\u2019environ <strong>181 000 habitants suppl\u00e9mentaires<\/strong>, qui ferait du syndicat grenoblois de mobilit\u00e9s l\u2019un des plus \u00e9tendus en France.<\/p>\n<p class=\" wall-content\">Personnalisez votre actualit\u00e9 en ajoutant vos villes et m\u00e9dias en favori avec <a href=\"https:\/\/moncompte.actu.fr\" title=\"D\u00e9couvez Mon Actu\" rel=\"nofollow noopener\" data-trk=\"{&quot;cta&quot;:{&quot;action&quot;:&quot;https:\\\/\\\/moncompte.actu.fr&quot;,&quot;category&quot;:&quot;mon compte&quot;,&quot;from&quot;:&quot;article footer&quot;,&quot;name&quot;:&quot;Mon actu&quot;,&quot;type&quot;:&quot;cta&quot;}}\" target=\"_blank\">Mon Actu<\/a>.<\/p>\n","protected":false},"excerpt":{"rendered":"Par Lisa Rodrigues Publi\u00e9 le 27 nov. 2025 \u00e0 17h28 Le SMMAG (Syndicat mixte des mobilit\u00e9s de l\u2019aire&hellip;\n","protected":false},"author":2,"featured_media":562727,"comment_status":"","ping_status":"","sticky":false,"template":"","format":"standard","meta":{"footnotes":""},"categories":[9566],"tags":[1111,11,2430,1777,674,1011,27,2731,12,25,104,8194],"class_list":{"0":"post-562726","1":"post","2":"type-post","3":"status-publish","4":"format-standard","5":"has-post-thumbnail","7":"category-grenoble","8":"tag-actu","9":"tag-actualites","10":"tag-auvergne-rhone-alpes","11":"tag-eu","12":"tag-europe","13":"tag-fr","14":"tag-france","15":"tag-grenoble","16":"tag-news","17":"tag-republique-francaise","18":"tag-societe","19":"tag-transport-de-lagglomeration-grenobloise-tag"},"share_on_mastodon":{"url":"https:\/\/pubeurope.com\/@fr\/115622846245973818","error":""},"_links":{"self":[{"href":"https:\/\/www.europesays.com\/fr\/wp-json\/wp\/v2\/posts\/562726","targetHints":{"allow":["GET"]}}],"collection":[{"href":"https:\/\/www.europesays.com\/fr\/wp-json\/wp\/v2\/posts"}],"about":[{"href":"https:\/\/www.europesays.com\/fr\/wp-json\/wp\/v2\/types\/post"}],"author":[{"embeddable":true,"href":"https:\/\/www.europesays.com\/fr\/wp-json\/wp\/v2\/users\/2"}],"replies":[{"embeddable":true,"href":"https:\/\/www.europesays.com\/fr\/wp-json\/wp\/v2\/comments?post=562726"}],"version-history":[{"count":0,"href":"https:\/\/www.europesays.com\/fr\/wp-json\/wp\/v2\/posts\/562726\/revisions"}],"wp:featuredmedia":[{"embeddable":true,"href":"https:\/\/www.europesays.com\/fr\/wp-json\/wp\/v2\/media\/562727"}],"wp:attachment":[{"href":"https:\/\/www.europesays.com\/fr\/wp-json\/wp\/v2\/media?parent=562726"}],"wp:term":[{"taxonomy":"category","embeddable":true,"href":"https:\/\/www.europesays.com\/fr\/wp-json\/wp\/v2\/categories?post=562726"},{"taxonomy":"post_tag","embeddable":true,"href":"https:\/\/www.europesays.com\/fr\/wp-json\/wp\/v2\/tags?post=562726"}],"curies":[{"name":"wp","href":"https:\/\/api.w.org\/{rel}","templated":true}]}}