{"id":562728,"date":"2025-11-27T17:29:15","date_gmt":"2025-11-27T17:29:15","guid":{"rendered":"https:\/\/www.europesays.com\/fr\/562728\/"},"modified":"2025-11-27T17:29:15","modified_gmt":"2025-11-27T17:29:15","slug":"critic-25-ans-de-livres-de-rencontres-et-de-passion","status":"publish","type":"post","link":"https:\/\/www.europesays.com\/fr\/562728\/","title":{"rendered":"Critic : 25 ans de livres, de rencontres et de passion"},"content":{"rendered":"<p style=\"text-align: justify\"><strong>\u00c9ric Marcelin f\u00eate ses 25 ans. Plus particuli\u00e8rement ceux de sa librairie rue Hoche. Depuis l\u2019an 2000, Critic tient la place contre vents et mar\u00e9es.<\/strong><\/p>\n<p style=\"text-align: justify\">Rennes a de la chance\u00a0: les librairies s\u2019y \u00e9panouissent. Au fil du temps, certaines enseignes ont malgr\u00e9 tout tourn\u00e9 la page. \u00ab\u00a0Critic\u00a0\u00bb, elle, est toujours l\u00e0.<\/p>\n<p style=\"text-align: justify\">Quand \u00c9ric Marcelin arrive rue Hoche en l\u2019an 2000, sa boutique se fond parmi d\u2019autres endroits prestigieux\u00a0: Alphagraph, Le Chercheur d\u2019art, La Librairie du dictionnaire\u2026 autant de noms qui ont mis un point final \u00e0 leur romance<strong>. \u00ab\u00a0Nous avons cru \u00e0 un retour des belles ann\u00e9es pendant la pand\u00e9mie de Covid o\u00f9, coinc\u00e9s chez eux, les Fran\u00e7ais se sont remis \u00e0 lire. C\u2019est depuis redevenu un peu compliqu\u00e9\u00a0\u00bb<\/strong>, admet \u00c9ric Marcelin.<\/p>\n<p style=\"text-align: justify\"><strong>\u00ab\u00a0Certaines personnes s\u2019imaginent encore que les libraires sont plus chers que les grandes surfaces culturelles ou les marketplace. C\u2019est faux\u00a0! Une loi existe depuis 1981 et impose un prix fixe\u00a0\u00bb,<\/strong> rappelle-t-il.<\/p>\n<p style=\"text-align: justify\"><strong>Des livres jusqu\u2019au plafond<\/strong><\/p>\n<p style=\"text-align: justify\">Sp\u00e9cialis\u00e9e dans la litt\u00e9rature de l\u2019imaginaire (science-fiction, fantasy, fantastique) mais aussi dans le manga et la bande dessin\u00e9e (Critic a deux boutiques, presque voisines) la librairie est loin de l\u2019\u00e9pilogue.<\/p>\n<p style=\"text-align: justify\"><strong>\u00ab\u00a0En 25 ans, nous avons vu notre nombre d\u2019habitu\u00e9s augmenter. Critic a toujours eu la volont\u00e9 de tisser du lien et d\u2019\u00eatre un lieu convivial\u00a0\u00bb,<\/strong> se f\u00e9licite le responsable, bien incapable de dresser un profil type de ses clients. <strong>\u00ab\u00a0Des \u00e9tudiants, c\u2019est s\u00fbr. Mais aussi des gens du centre-ville, des touristes, des badauds. Nous sommes plac\u00e9s entre Hoche et le Parlement sur un axe emprunt\u00e9 par de nombreux Rennais\u2026 et autres\u00a0\u00bb,<\/strong> positivise \u00c9ric Marcelin.<\/p>\n<p style=\"text-align: justify\">Des plumes renomm\u00e9es ont contribu\u00e9 \u00e0 faire de Critic \u00ab\u00a0The place to lire\u00a0\u00bb. Depuis 2000, F\u00e9lix Delep, Pierre Bordage, Fran\u00e7ois Baranger (illustrateur pour Harry Potter), Serge Le Tendre ou encore John Howe (connu pour avoir contribu\u00e9 au Seigneur des Anneaux) sont quelques noms \u00e0 avoir foul\u00e9 le seuil.<\/p>\n<p><img fetchpriority=\"high\" decoding=\"async\" class=\" wp-image-108095\" src=\"data:image\/svg+xml,%3Csvg%20xmlns=\" http:=\"\" alt=\"\" width=\"437\" height=\"326\" data-wp-pid=\"108095\" data-lazy- data-lazy- data-lazy-src=\"https:\/\/www.europesays.com\/fr\/wp-content\/uploads\/2025\/11\/IMG_8782-600x448.jpeg\"\/>Photo : J.MOREAU<\/p>\n<p style=\"text-align: justify\"><strong>Libraire, mais aussi \u00e9diteur<\/strong><\/p>\n<p style=\"text-align: justify\">Il y a dix ans, Critic a ouvert un nouveau chapitre pour devenir \u00e9diteur. <strong>\u00ab\u00a0J\u2019avais d\u00e8s le d\u00e9but l\u2019envie de cr\u00e9er une maison d\u2019\u00e9dition\u00a0\u00bb<\/strong>, se rem\u00e9more \u00c9ric Marcelin<strong>. \u00ab\u00a0Au d\u00e9part, c\u2019\u00e9tait un peu mon violon d\u2019Ingres. Je me disais \u2018Si j\u2019\u00e9dite un ou deux bouquins par an, c\u2019est bien\u00a0\u00bb,<\/strong> poursuit-il. Aujourd\u2019hui, les rotatives chauffent. Dix \u00e0 quinze ouvrages sortent des presses sous la houlette de Critic chaque ann\u00e9e.<\/p>\n<p style=\"text-align: justify\"><strong>\u00ab\u00a0Nous sommes tourn\u00e9s vers la litt\u00e9rature de l\u2019imaginaire, m\u00eame si nous nous autorisons quelques incartades dans le thriller fran\u00e7ais\u00a0\u00bb,<\/strong> commente le libraire-\u00e9diteur, fier de citer certaines plumes\u00a0: <strong>\u00ab\u00a0Eva Martin, de Dinan\u00a0; No\u00ebmie Lemos, de Combourg\u00a0; Florestan de Moor, \u00e0 Rennes, ont \u00e9t\u00e9 par exemple publi\u00e9s par Critic.\u00a0\u00bb<\/strong><\/p>\n<p style=\"text-align: justify\"><strong>\u00a0<\/strong><strong>25 bougies souffl\u00e9es toute l\u2019ann\u00e9e<\/strong><\/p>\n<p style=\"text-align: justify\"><strong>\u00a0<\/strong>Pour f\u00eater son quart de si\u00e8cle, Critic a multipli\u00e9 les \u00e9v\u00e9nements cette ann\u00e9e. D\u00e9dicaces, rencontres, jeux-concours\u00a0: les clients ont \u00e9t\u00e9 g\u00e2t\u00e9s. Point d\u2019orgue en d\u00e9cembre\u00a0: un mini salon de No\u00ebl sera organis\u00e9 chez Mama Vespa, le restaurant d\u2019\u00e0 c\u00f4t\u00e9. <strong>\u00ab\u00a0Une dizaine d\u2019invit\u00e9s nous feront l\u2019honneur d\u2019\u00eatre pr\u00e9sents, dont Zanzim, l\u2019auteur de Peau d\u2019homme\u00a0\u00bb<\/strong>, jubile \u00c9ric Marcelin.<\/p>\n<p style=\"text-align: justify\"><strong>Pratique\u00a0:<\/strong> Librairie Critic, 19 rue Hoche, 35000 Rennes. Ouvert le lundi de 14h \u00e0 19h, et du mardi au samedi de 10h30 \u00e0 19h. <a href=\"https:\/\/www.librairie-critic.fr\" target=\"_blank\" rel=\"noopener\">https:\/\/www.librairie-critic.fr<\/a>, 02 23 20 24 98.<\/p>\n<p><img loading=\"lazy\" decoding=\"async\" class=\" wp-image-108096\" src=\"data:image\/svg+xml,%3Csvg%20xmlns=\" http:=\"\" alt=\"\" width=\"512\" height=\"382\" data-wp-pid=\"108096\" data-lazy- data-lazy- data-lazy-src=\"https:\/\/www.europesays.com\/fr\/wp-content\/uploads\/2025\/11\/IMG_8783-600x448.jpeg\"\/>Photo : J.MOREAU<\/p>\n<p style=\"text-align: justify\">\u00a0<\/p>\n","protected":false},"excerpt":{"rendered":"\u00c9ric Marcelin f\u00eate ses 25 ans. Plus particuli\u00e8rement ceux de sa librairie rue Hoche. Depuis l\u2019an 2000, Critic&hellip;\n","protected":false},"author":2,"featured_media":562729,"comment_status":"","ping_status":"","sticky":false,"template":"","format":"standard","meta":{"footnotes":""},"categories":[2821],"tags":[1111,11,829,1777,674,1011,27,12,584,25],"class_list":{"0":"post-562728","1":"post","2":"type-post","3":"status-publish","4":"format-standard","5":"has-post-thumbnail","7":"category-rennes","8":"tag-actu","9":"tag-actualites","10":"tag-bretagne","11":"tag-eu","12":"tag-europe","13":"tag-fr","14":"tag-france","15":"tag-news","16":"tag-rennes","17":"tag-republique-francaise"},"share_on_mastodon":{"url":"https:\/\/pubeurope.com\/@fr\/115622849057124827","error":""},"_links":{"self":[{"href":"https:\/\/www.europesays.com\/fr\/wp-json\/wp\/v2\/posts\/562728","targetHints":{"allow":["GET"]}}],"collection":[{"href":"https:\/\/www.europesays.com\/fr\/wp-json\/wp\/v2\/posts"}],"about":[{"href":"https:\/\/www.europesays.com\/fr\/wp-json\/wp\/v2\/types\/post"}],"author":[{"embeddable":true,"href":"https:\/\/www.europesays.com\/fr\/wp-json\/wp\/v2\/users\/2"}],"replies":[{"embeddable":true,"href":"https:\/\/www.europesays.com\/fr\/wp-json\/wp\/v2\/comments?post=562728"}],"version-history":[{"count":0,"href":"https:\/\/www.europesays.com\/fr\/wp-json\/wp\/v2\/posts\/562728\/revisions"}],"wp:featuredmedia":[{"embeddable":true,"href":"https:\/\/www.europesays.com\/fr\/wp-json\/wp\/v2\/media\/562729"}],"wp:attachment":[{"href":"https:\/\/www.europesays.com\/fr\/wp-json\/wp\/v2\/media?parent=562728"}],"wp:term":[{"taxonomy":"category","embeddable":true,"href":"https:\/\/www.europesays.com\/fr\/wp-json\/wp\/v2\/categories?post=562728"},{"taxonomy":"post_tag","embeddable":true,"href":"https:\/\/www.europesays.com\/fr\/wp-json\/wp\/v2\/tags?post=562728"}],"curies":[{"name":"wp","href":"https:\/\/api.w.org\/{rel}","templated":true}]}}