{"id":562730,"date":"2025-11-27T17:30:19","date_gmt":"2025-11-27T17:30:19","guid":{"rendered":"https:\/\/www.europesays.com\/fr\/562730\/"},"modified":"2025-11-27T17:30:19","modified_gmt":"2025-11-27T17:30:19","slug":"on-sen-souviendra-encore-dans-plusieurs-annees-a-rennes-ces-jeunes-ont-elu-le-prix-goncourt-des-lyceens","status":"publish","type":"post","link":"https:\/\/www.europesays.com\/fr\/562730\/","title":{"rendered":"\u00ab\u00a0On s\u2019en souviendra encore dans plusieurs ann\u00e9es\u00a0\u00bb\u00a0: \u00e0 Rennes, ces jeunes ont \u00e9lu le prix Goncourt des lyc\u00e9ens"},"content":{"rendered":"<p>Il est presque 13\u00a0h, ce jeudi 27 novembre, entre les murs de l\u2019H\u00f4tel de Ville de Rennes. Mahault, 16 ans, \u00e9l\u00e8ve de premi\u00e8re au lyc\u00e9e S\u00e9vign\u00e9 \u00e0 C\u00e9sson (35), patiente dans l\u2019attente du r\u00e9sultat Goncourt des lyc\u00e9ens. Dans sa main, le roman de Laurent Mauvignier, \u00ab\u00a0La Maison vide\u00a0\u00bb, qui figure parmi les quatre \u0153uvres en lice. \u00ab\u00a0J\u2019aurais bien aim\u00e9 le d\u00e9fendre\u00a0\u00bb, souligne la jeune femme.<\/p>\n<p><a href=\"https:\/\/www.letelegramme.fr\/culture-loisirs\/livres\/apres-le-prix-femina-natacha-appanah-fait-coup-double-en-remportant-goncourt-des-lyceens-6936443.php\" target=\"_blank\" rel=\"noopener\">Le verdict tombe\u00a0: \u00ab\u00a0La nuit au c\u0153ur\u00a0\u00bb, de Nathacha Appanah,<\/a> d\u00e9j\u00e0 r\u00e9compens\u00e9 du<a href=\"https:\/\/www.letelegramme.fr\/france\/nathacha-appanah-decroche-le-prix-femina-pour-la-nuit-au-coeur-6921621.php\" target=\"_blank\" rel=\"noopener\"> prix F\u00e9mina<\/a>, d\u00e9croche le c\u00e9l\u00e8bre prix. L\u2019annonce arrive par la voix d\u2019Elsa, 17 ans, \u00e9l\u00e8ve en premi\u00e8re au lyc\u00e9e Henri-Matisse, \u00e0 Vence (Alpes-Maritimes), et porte-parole du jury final. \u00ab\u00a0Nous avons \u00e9t\u00e9 boulevers\u00e9s par ces trois histoires de femmes et profond\u00e9ment touch\u00e9s par sa plume alliant complexit\u00e9, justesse et po\u00e9sie\u00a0\u00bb, d\u00e9clare Elsa. \u00ab\u00a0C\u2019\u00e9tait une tr\u00e8s grande fiert\u00e9 pour moi d\u2019annoncer ce prix, confie, plus tard, la jeune femme. Et c\u2019est aussi une fiert\u00e9 de pouvoir repr\u00e9senter tous nos camarades.\u00a0\u00bb Pr\u00e8s de 2\u00a0000 lyc\u00e9ens ont b\u00fbch\u00e9 sur les 14 titres de cette \u00e9dition du Goncourt des lyc\u00e9ens.<\/p>\n<p>\u00ab\u00a0C\u2019est magique\u00a0\u00bb<\/p>\n<p>Un t\u00e9l\u00e9phone est tendu alors \u00e0 la lyc\u00e9enne. Au bout du fil, Nathacha Appanah, laur\u00e9ate du prix. \u00ab\u00a0C\u2019est un grand cadeau\u00a0\u00bb, se r\u00e9jouit alors l\u2019autrice. Dans les rangs du jury, quelques larmes, suivies de grands sourires. Cette aventure, forte en \u00e9motions, les treize lyc\u00e9ens la vivent depuis plusieurs mois. \u00ab\u00a0C\u2019est magique comme moment. On s\u2019en souviendra encore dans plusieurs ann\u00e9es\u00a0\u00bb, sourit Clara.<\/p>\n<p>Pour cette \u00e9l\u00e8ve de premi\u00e8re g\u00e9n\u00e9rale, \u00e0 Paris, \u00e2g\u00e9e de 16 ans, \u00ab\u00a0cet instant ne peut pas se r\u00e9sumer. C\u2019\u00e9tait tellement fort comme exp\u00e9rience.\u00a0\u00bb Clara a d\u00e9couvert, en d\u00e9but de semaine, qu\u2019elle participerait aux d\u00e9lib\u00e9rations finales. \u00ab\u00a0J\u2019ai d\u2019abord \u00e9t\u00e9 \u00e9lue comme repr\u00e9sentante r\u00e9gionale. Puis, lundi, on m\u2019a dit que je faisais partie du jury national.\u00a0\u00bb De cette exp\u00e9rience, la Parisienne retient la responsabilit\u00e9 du choix\u00a0: \u00ab\u00a0On sait qu\u2019on peut avoir une influence avec ce prix.\u00a0\u00bb<\/p>\n<p>Un d\u00e9bat et un r\u00e9sultat<\/p>\n<p>Avant de rendre leur d\u00e9cision, ils ont d\u00e9battu pendant un long moment. \u00ab\u00a0Il y a eu un consensus\u00a0\u00bb, assure Elsa. Si, durant les d\u00e9lib\u00e9rations, un coup de c\u0153ur divergent a pu se manifester, aucun jur\u00e9 ne laisse \u00e9chapper un mot dessus. \u00ab\u00a0On \u00e9tait tous d\u2019accord\u00a0\u00bb, reprend Elsa, plusieurs fois. Pour Paul, originaire de Saint-Palais-sur-Mer (Charente-Maritime), le roman de Nathacha Appanah \u00ab\u00a0r\u00e9pondait \u00e0 tous les crit\u00e8res, autant par le style que par l\u2019histoire. Il y a un \u00e9quilibre entre l\u2019esprit et la po\u00e9sie.\u00a0\u00bb Emma, \u00e9tudiante en BTS \u00e0 Brest et doyenne du jury, \u00e0 20 ans, avoue \u00ab\u00a0avoir pleur\u00e9\u00a0\u00bb pendant la lecture du bouquin. \u00ab\u00a0Et je ne suis pas la seule.\u00a0\u00bb<\/p>\n<p>Des lecteurs assidus<\/p>\n<p>Un point commun rassemble ces jeunes venus de toute la France\u00a0: le plaisir de la lecture. \u00ab\u00a0On a tous des profils diff\u00e9rents mais on lit tous\u00a0\u00bb, affirme Clara. Emma penche plut\u00f4t vers le genre \u00ab\u00a0policier ou la fantasy. Maintenant, je vais plus lire davantage des romans qui racontent le r\u00e9el\u00a0\u00bb.<\/p>\n<p>\u00ab\u00a0La jeunesse lit toujours, poursuit Emma. Dans ma classe, il y en a qui se sont mis \u00e0 lire pour le prix.\u00a0\u00bb \u00ab\u00a0Je ne crois pas que ce soit vrai que la jeunesse ne lit plus. On en est la preuve\u00a0\u00bb, abonde Elsa.<\/p>\n<p><img decoding=\"async\" src=\"https:\/\/www.europesays.com\/fr\/wp-content\/uploads\/2025\/11\/6928879188692feace07e260.1.jpeg\" width=\"480\" height=\"300\" class=\"web_golden_m\" loading=\"lazy\" alt=\"L\u2019ensemble du jury lors de la remise du prix.\"\/>L\u2019ensemble du jury lors de la remise du prix. (Le T\u00e9l\u00e9gramme\/Jean-Fran\u00e7ois Chesnay)De futures plumes\u00a0?<\/p>\n<p>Cette exp\u00e9rience, qui se cl\u00f4turera par la remise en mains propres du prix \u00e0 Paris, a nourri l\u2019imaginaire de certains. Quelques-uns se voient peut-\u00eatre \u00e9crire dans quelques ann\u00e9es. \u00ab\u00a0On a tous une histoire \u00e0 raconter\u00a0\u00bb, r\u00eave Paul. En attendant, pour grand nombre d\u2019entre eux, il faudra retourner sur les bancs du lyc\u00e9e\u00a0: \u00ab\u00a0Cette ann\u00e9e, c\u2019est le bac de fran\u00e7ais.\u00a0\u00bb<\/p>\n","protected":false},"excerpt":{"rendered":"Il est presque 13\u00a0h, ce jeudi 27 novembre, entre les murs de l\u2019H\u00f4tel de Ville de Rennes. Mahault,&hellip;\n","protected":false},"author":2,"featured_media":562731,"comment_status":"","ping_status":"","sticky":false,"template":"","format":"standard","meta":{"footnotes":""},"categories":[2821],"tags":[1111,11,829,1777,674,1011,27,848,1380,12,16048,584,25],"class_list":{"0":"post-562730","1":"post","2":"type-post","3":"status-publish","4":"format-standard","5":"has-post-thumbnail","7":"category-rennes","8":"tag-actu","9":"tag-actualites","10":"tag-bretagne","11":"tag-eu","12":"tag-europe","13":"tag-fr","14":"tag-france","15":"tag-ille-et-vilaine","16":"tag-livres","17":"tag-news","18":"tag-newsletter-aujourdhui-en-bretagne","19":"tag-rennes","20":"tag-republique-francaise"},"share_on_mastodon":{"url":"https:\/\/pubeurope.com\/@fr\/115622853735076650","error":""},"_links":{"self":[{"href":"https:\/\/www.europesays.com\/fr\/wp-json\/wp\/v2\/posts\/562730","targetHints":{"allow":["GET"]}}],"collection":[{"href":"https:\/\/www.europesays.com\/fr\/wp-json\/wp\/v2\/posts"}],"about":[{"href":"https:\/\/www.europesays.com\/fr\/wp-json\/wp\/v2\/types\/post"}],"author":[{"embeddable":true,"href":"https:\/\/www.europesays.com\/fr\/wp-json\/wp\/v2\/users\/2"}],"replies":[{"embeddable":true,"href":"https:\/\/www.europesays.com\/fr\/wp-json\/wp\/v2\/comments?post=562730"}],"version-history":[{"count":0,"href":"https:\/\/www.europesays.com\/fr\/wp-json\/wp\/v2\/posts\/562730\/revisions"}],"wp:featuredmedia":[{"embeddable":true,"href":"https:\/\/www.europesays.com\/fr\/wp-json\/wp\/v2\/media\/562731"}],"wp:attachment":[{"href":"https:\/\/www.europesays.com\/fr\/wp-json\/wp\/v2\/media?parent=562730"}],"wp:term":[{"taxonomy":"category","embeddable":true,"href":"https:\/\/www.europesays.com\/fr\/wp-json\/wp\/v2\/categories?post=562730"},{"taxonomy":"post_tag","embeddable":true,"href":"https:\/\/www.europesays.com\/fr\/wp-json\/wp\/v2\/tags?post=562730"}],"curies":[{"name":"wp","href":"https:\/\/api.w.org\/{rel}","templated":true}]}}