{"id":562732,"date":"2025-11-27T17:31:15","date_gmt":"2025-11-27T17:31:15","guid":{"rendered":"https:\/\/www.europesays.com\/fr\/562732\/"},"modified":"2025-11-27T17:31:15","modified_gmt":"2025-11-27T17:31:15","slug":"mobilisation-pour-trois-jeunes-filles-a-lecole-gustave-dore","status":"publish","type":"post","link":"https:\/\/www.europesays.com\/fr\/562732\/","title":{"rendered":"mobilisation pour trois jeunes filles \u00e0 l\u2019\u00e9cole Gustave-Dor\u00e9"},"content":{"rendered":"<p>\u00ab\u00a0Une petite fille de 4 ans, scolaris\u00e9e en maternelle, sa s\u0153ur de 7 ans, en \u00e9l\u00e9mentaire, et leur s\u0153ur a\u00een\u00e9e coll\u00e9gienne de 14 ans dorment dans la rue \u00e0 Strasbourg\u00a0\u00bb, d\u00e9crit un collectif compos\u00e9 de parents et d\u2019enseignants. Deux d\u2019entre elles sont scolaris\u00e9es \u00e0 l\u2019\u00e9cole Gustave-Dor\u00e9 de Cronenbourg, leur grande s\u0153ur au coll\u00e8ge Alice-Daul de Bischheim. Avec leurs parents, cette famille de cinq personnes dort dehors depuis le mois de septembre. \u00ab\u00a0Ils ont pass\u00e9 la plupart des nuits sous tente ou dans une cave\u00a0\u00bb, d\u00e9crit un membre du collectif.<\/p>\n<p>\u00ab\u00a0Cela fait pr\u00e8s de trois mois que ces enfants sont expos\u00e9es au froid, \u00e0 l\u2019ins\u00e9curit\u00e9\u00a0\u00bb<\/p>\n<p>Une mobilisation devant l\u2018\u00e9cole Gustave-Dor\u00e9 s\u2019est d\u00e9roul\u00e9e jeudi 27\u00a0novembre au soir pour sensibiliser \u00e0 leur situation\u00a0: \u00ab\u00a0Cela fait pr\u00e8s de trois mois que ces enfants sont expos\u00e9es au froid, \u00e0 l\u2019ins\u00e9curit\u00e9 et priv\u00e9s des conditions n\u00e9cessaires pour apprendre, grandir et vivre dignement\u00a0\u00bb, poursuit le collectif. \u00ab\u00a0On esp\u00e8re que cela fera bouger les choses pour leur trouver un logement. La CEA est au courant, les mairies aussi\u00a0\u00bb, pr\u00e9cise Hubert Louis, un enseignant du coll\u00e8ge. \u00ab\u00a0L\u2019h\u00e9bergement est un droit inconditionnel\u00a0\u00bb, appuient les personnes mobilis\u00e9es.<\/p>\n<p>Il y a quinze jours, le collectif Pas d\u2019enfant \u00e0 la rue 67 a recens\u00e9 une trentaine d\u2019enfants sans domicile fixe \u00e0 Strasbourg <a href=\"https:\/\/www.dna.fr\/education\/2025\/11\/14\/familles-a-la-rue-un-cri-d-alarme-lance-a-l-ecole-josephine-baker\" target=\"_blank\" rel=\"noopener\">et Schiltigheim<\/a>. Un chiffre sous-estim\u00e9 par rapport\u00a0\u00e0 la r\u00e9alit\u00e9 selon le collectif\u00a0: \u00ab\u00a0Il y a au moins quatre fois plus d\u2019enfants concern\u00e9s\u00a0\u00bb.<\/p>\n<p>Ce contenu est bloqu\u00e9 car vous n&rsquo;avez pas accept\u00e9 les cookies et autres traceurs.<\/p>\n<p>En cliquant sur \u00ab J\u2019accepte \u00bb, les cookies et autres traceurs seront d\u00e9pos\u00e9s et vous pourrez visualiser les contenus  (<a href=\"\" class=\"consentModule_policy\" target=\"_blank\" title=\"Consulter la politique de protection des donn\u00e9es du fournisseur\">plus d&rsquo;informations<\/a>).<\/p>\n<p>En cliquant sur \u00ab J\u2019accepte tous les cookies \u00bb, vous autorisez des d\u00e9p\u00f4ts de cookies et autres traceurs pour le stockage de vos donn\u00e9es sur nos sites et applications \u00e0 des fins de personnalisation et de ciblage publicitaire.<\/p>\n<p class=\"consentModule_secondaryText\">Vous gardez la possibilit\u00e9 de retirer votre consentement \u00e0 tout moment en consultant notre <a href=\"https:\/\/www.dna.fr\/protection-des-donnees\" target=\"_blank\" title=\"Consulter notre politique de protection des donn\u00e9es\" rel=\"noopener\">politique de protection des donn\u00e9es<\/a>. <br \/>&#13;<br \/>\n            <a href=\"https:\/\/www.dna.fr\/education\/2025\/11\/27\/javascript:Didomi.notice.show()\" class=\"consentModule_cmp\" target=\"_blank\" rel=\"noopener\">G\u00e9rer mes choix<\/a>&#13;\n        <\/p>\n<p>&#13;<br \/>\n                        J&rsquo;accepte&#13;<br \/>\n            J&rsquo;accepte tous les cookies&#13;\n        <\/p>\n","protected":false},"excerpt":{"rendered":"\u00ab\u00a0Une petite fille de 4 ans, scolaris\u00e9e en maternelle, sa s\u0153ur de 7 ans, en \u00e9l\u00e9mentaire, et leur&hellip;\n","protected":false},"author":2,"featured_media":562733,"comment_status":"","ping_status":"","sticky":false,"template":"","format":"standard","meta":{"footnotes":""},"categories":[2820],"tags":[1111,11,3599,2880,1057,1777,674,107,1011,27,775,1908,10425,12,25,801,104,640,2879],"class_list":{"0":"post-562732","1":"post","2":"type-post","3":"status-publish","4":"format-standard","5":"has-post-thumbnail","7":"category-strasbourg","8":"tag-actu","9":"tag-actualites","10":"tag-college-lycee","11":"tag-edition-strasbourg","12":"tag-education","13":"tag-eu","14":"tag-europe","15":"tag-fil-info","16":"tag-fr","17":"tag-france","18":"tag-grand-est","19":"tag-logement","20":"tag-maternelle-elementaire","21":"tag-news","22":"tag-republique-francaise","23":"tag-social","24":"tag-societe","25":"tag-strasbourg","26":"tag-strasbourg-ville"},"share_on_mastodon":{"url":"https:\/\/pubeurope.com\/@fr\/115622856942760593","error":""},"_links":{"self":[{"href":"https:\/\/www.europesays.com\/fr\/wp-json\/wp\/v2\/posts\/562732","targetHints":{"allow":["GET"]}}],"collection":[{"href":"https:\/\/www.europesays.com\/fr\/wp-json\/wp\/v2\/posts"}],"about":[{"href":"https:\/\/www.europesays.com\/fr\/wp-json\/wp\/v2\/types\/post"}],"author":[{"embeddable":true,"href":"https:\/\/www.europesays.com\/fr\/wp-json\/wp\/v2\/users\/2"}],"replies":[{"embeddable":true,"href":"https:\/\/www.europesays.com\/fr\/wp-json\/wp\/v2\/comments?post=562732"}],"version-history":[{"count":0,"href":"https:\/\/www.europesays.com\/fr\/wp-json\/wp\/v2\/posts\/562732\/revisions"}],"wp:featuredmedia":[{"embeddable":true,"href":"https:\/\/www.europesays.com\/fr\/wp-json\/wp\/v2\/media\/562733"}],"wp:attachment":[{"href":"https:\/\/www.europesays.com\/fr\/wp-json\/wp\/v2\/media?parent=562732"}],"wp:term":[{"taxonomy":"category","embeddable":true,"href":"https:\/\/www.europesays.com\/fr\/wp-json\/wp\/v2\/categories?post=562732"},{"taxonomy":"post_tag","embeddable":true,"href":"https:\/\/www.europesays.com\/fr\/wp-json\/wp\/v2\/tags?post=562732"}],"curies":[{"name":"wp","href":"https:\/\/api.w.org\/{rel}","templated":true}]}}