{"id":562738,"date":"2025-11-27T17:34:18","date_gmt":"2025-11-27T17:34:18","guid":{"rendered":"https:\/\/www.europesays.com\/fr\/562738\/"},"modified":"2025-11-27T17:34:18","modified_gmt":"2025-11-27T17:34:18","slug":"direct-porto-nice-suivez-le-match-de-la-5e-journee-de-ligue-europe-en-live","status":"publish","type":"post","link":"https:\/\/www.europesays.com\/fr\/562738\/","title":{"rendered":"DIRECT. Porto &#8211; Nice: suivez le match de la 5e journ\u00e9e de Ligue Europe en live"},"content":{"rendered":"<p>Pourquoi Haise assume de crisper ses joueurs<\/p>\n<p>Au-del\u00e0 des quatre d\u00e9faites de rang dont le 1-5 face \u00e0 Marseille vendredi dernier, les Ni\u00e7ois peuvent \u00e9galer la pire s\u00e9rie d\u2019un club fran\u00e7ais en coupe d\u2019Europe en cas de 17e match cons\u00e9cutif sans victoire ce jeudi.<\/p>\n<p>Le coach Franck Haise assume: il ne pense plus \u00e0 une qualification ni \u00e0 la s\u00e9rie record. Et s\u2019il crispe son vestiaire, c\u2019est pour le bien du club.<\/p>\n<p><a href=\"https:\/\/rmcsport.bfmtv.com\/football\/europa-league\/porto-nice-ca-ne-me-pose-aucun-probleme-franck-haise-assume-de-crisper-le-vestiaire-pour-le-bien-de-nicois_AV-202511270128.html\" title=\"Porto-Nice: &quot;\u00c7a ne me pose aucun probl\u00e8me&quot;, Franck Haise assume de crisper le vestiaire pour le bien de Ni\u00e7ois\" class=\"internal_link\" target=\"_blank\" rel=\"noopener\">&gt;&gt; Haise assume de crisper le vestiaire de Nice<\/a><\/p>\n<p>Dante de retour dans le groupe<\/p>\n<p>Pour ce qui constitue sa derni\u00e8re saison chez les pros avant de raccrocher, Dante n&rsquo;a pas \u00e9t\u00e9 \u00e9pargn\u00e9 par les blessures. Mais bonne nouvelle pour le d\u00e9fenseur br\u00e9silien et Nice, il est de retour ce jeudi apr\u00e8s plus d&rsquo;un mois d&rsquo;absence.<\/p>\n<p>Bonjour \u00e0 tous,<\/p>\n<p>D\u00e8s 18h45 l&rsquo;OGC Nice s&rsquo;offre un d\u00e9placement p\u00e9rilleux au Portugal sur le terrain du FC Porto lors de la cinqui\u00e8me journ\u00e9e de Ligue Europa.<\/p>\n<p>Avec quatre d\u00e9faites en autant de matchs en C3, les Aiglons occupent l&rsquo;avant-derni\u00e8re place du classement \u00e0 mi-parcours. Une nouvelle d\u00e9faite condamnerait presque d\u00e9finitivement leurs espoirs d&rsquo;une qualification.<\/p>\n","protected":false},"excerpt":{"rendered":"Pourquoi Haise assume de crisper ses joueurs Au-del\u00e0 des quatre d\u00e9faites de rang dont le 1-5 face \u00e0&hellip;\n","protected":false},"author":2,"featured_media":562739,"comment_status":"","ping_status":"","sticky":false,"template":"","format":"standard","meta":{"footnotes":""},"categories":[2819],"tags":[1111,11,1777,674,1011,27,12,2401,882,25],"class_list":{"0":"post-562738","1":"post","2":"type-post","3":"status-publish","4":"format-standard","5":"has-post-thumbnail","7":"category-nice","8":"tag-actu","9":"tag-actualites","10":"tag-eu","11":"tag-europe","12":"tag-fr","13":"tag-france","14":"tag-news","15":"tag-nice","16":"tag-provence-alpes-cote-dazur","17":"tag-republique-francaise"},"share_on_mastodon":{"url":"https:\/\/pubeurope.com\/@fr\/115622868800567964","error":""},"_links":{"self":[{"href":"https:\/\/www.europesays.com\/fr\/wp-json\/wp\/v2\/posts\/562738","targetHints":{"allow":["GET"]}}],"collection":[{"href":"https:\/\/www.europesays.com\/fr\/wp-json\/wp\/v2\/posts"}],"about":[{"href":"https:\/\/www.europesays.com\/fr\/wp-json\/wp\/v2\/types\/post"}],"author":[{"embeddable":true,"href":"https:\/\/www.europesays.com\/fr\/wp-json\/wp\/v2\/users\/2"}],"replies":[{"embeddable":true,"href":"https:\/\/www.europesays.com\/fr\/wp-json\/wp\/v2\/comments?post=562738"}],"version-history":[{"count":0,"href":"https:\/\/www.europesays.com\/fr\/wp-json\/wp\/v2\/posts\/562738\/revisions"}],"wp:featuredmedia":[{"embeddable":true,"href":"https:\/\/www.europesays.com\/fr\/wp-json\/wp\/v2\/media\/562739"}],"wp:attachment":[{"href":"https:\/\/www.europesays.com\/fr\/wp-json\/wp\/v2\/media?parent=562738"}],"wp:term":[{"taxonomy":"category","embeddable":true,"href":"https:\/\/www.europesays.com\/fr\/wp-json\/wp\/v2\/categories?post=562738"},{"taxonomy":"post_tag","embeddable":true,"href":"https:\/\/www.europesays.com\/fr\/wp-json\/wp\/v2\/tags?post=562738"}],"curies":[{"name":"wp","href":"https:\/\/api.w.org\/{rel}","templated":true}]}}