{"id":562740,"date":"2025-11-27T17:35:21","date_gmt":"2025-11-27T17:35:21","guid":{"rendered":"https:\/\/www.europesays.com\/fr\/562740\/"},"modified":"2025-11-27T17:35:21","modified_gmt":"2025-11-27T17:35:21","slug":"une-therapie-de-pointe-contre-la-depression","status":"publish","type":"post","link":"https:\/\/www.europesays.com\/fr\/562740\/","title":{"rendered":"\u00ab une th\u00e9rapie de pointe \u00bb contre la d\u00e9pression"},"content":{"rendered":"<p>                    Par<br \/>\n        <strong><br \/>\n            <a href=\"https:\/\/actu.fr\/auteur\/thomas-bernard\" title=\"Consulter tous les articles de Thomas Bernard\" target=\"_blank\" rel=\"noopener\">Thomas Bernard<\/a><br \/>\n                    <\/strong><\/p>\n<p>        Publi\u00e9 le<\/p>\n<p>            27 nov. 2025 \u00e0 17h37        <\/p>\n<p>Selon <a href=\"https:\/\/www.santepubliquefrance.fr\/maladies-et-traumatismes\/sante-mentale\/depression-et-anxiete\/documents\/rapport-synthese\/episodes-depressifs-prevalence-et-recours-aux-soins.-barometre-de-sante-publique-france-resultats-de-l-edition-2024\" target=\"_blank\" rel=\"noopener\">une \u00e9tude de Sant\u00e9 publique sur les \u00e9pisodes d\u00e9pressifs<\/a>, publi\u00e9e en novembre\u00a02025, 15,6\u2009% des adultes de 18 \u00e0 79\u00a0ans ont v\u00e9cu <a href=\"https:\/\/actu.fr\/pays-de-la-loire\/nantes_44109\/temoignage-j-ai-vecu-la-depression-cette-saloperie-de-maladie-mentale_52299172.html\" target=\"_blank\" rel=\"noopener\">un \u00e9pisode d\u00e9pressif caract\u00e9ris\u00e9<\/a> (EDC) en 2024. Certaines personnes sont touch\u00e9es par <b>une d\u00e9pression r\u00e9sistante<\/b>, c\u2019est-\u00e0-dire une d\u00e9pression r\u00e9fractaire \u00e0 au moins deux traitements antid\u00e9presseurs successifs. Entre <b>10 \u00e0 15\u2009% des patients sont touch\u00e9s par ce ph\u00e9nom\u00e8ne<\/b>.<\/p>\n<p class=\" wall-content\">Pour traiter cette forme de d\u00e9pression, <a href=\"https:\/\/actu.fr\/tag\/chu-de-nantes\" target=\"_blank\" rel=\"noopener\">le CHU de Nantes<\/a> participe \u00e0 <b>un essai clinique national<\/b> DepVNS, coordonn\u00e9 par les Professeurs Philippe Domenech et Fabien Vinckier et promu l\u2019AP-HP, afin de d\u00e9ployer une technique innovante\u2009: <b>la stimulation du nerf vague par voie neurochirurgicale<\/b>. Un dispositif en fonction au CHU de Nantes<b> depuis le 19\u00a0mai 2025<\/b>.<\/p>\n<p class=\" wall-content\">Explications avec la professeure Anne Sauvaget, psychiatre et responsable du Centre d\u2019Excellence Th\u00e9rapeutique de l\u2019Institut de Psychiatrie au CHU de Nantes.<\/p>\n<p>Stimulation du nerf vague<\/p>\n<p class=\" wall-content\">La stimulation du nerf vague est un traitement neurochirurgical initialement utilis\u00e9 pour traiter certaines \u00e9pilepsies r\u00e9sistantes aux m\u00e9dicaments. Le dispositif <b>est implant\u00e9 lors d\u2019une intervention chirurgicale<\/b>, qui dure un peu moins d\u2019une heure.<\/p>\n<p class=\" wall-content\">\u00ab\u2009Un petit ressort est mis autour du nerf vague, c\u2019est-\u00e0-dire autour du gros nerf qui est situ\u00e9 au niveau du cou, sur la partie gauche du cou du patient. Ensuite, il va y avoir un fil qui va aller jusqu\u2019\u00e0 un stimulateur qui est sous la peau du patient au niveau du thorax, juste au-dessus du sein gauche\u2009\u00bb, d\u00e9crit Anne Sauvaget.<\/p>\n<p>    <img   decoding=\"async\" loading=\"lazy\" class=\"size-large\" src=\"https:\/\/www.europesays.com\/fr\/wp-content\/uploads\/2025\/11\/862764bc682960d2764bc6829f4376v-960x640.jpg\" alt=\"L'\u00e9quipe de recherche et de neuromodulation en psychiatrie du CHU de Nantes. De gauche \u00e0 droite : Isabelle Gendre, Karine El Aloui (Infirmi\u00e8res en Neuromodulation), Ad\u00e9la\u00efde Pr\u00e9votel (Technicienne d\u2019\u00e9tudes cliniques), Sandrine Giffaud (Cadre de Sant\u00e9), Anne Sauvaget (PU-PH Psychiatrie), Damiens&#10;Choneau (Infirmier de recherche clinique) et M\u00e9lanie Desmet (Infirmi\u00e8re en Neuromodulation).\" width=\"960\" height=\"640\"\/><br \/>\n    L\u2019\u00e9quipe de recherche et de neuromodulation en psychiatrie du CHU de Nantes. De gauche \u00e0 droite : Isabelle Gendre, Karine El Aloui (Infirmi\u00e8res en Neuromodulation), Ad\u00e9la\u00efde Pr\u00e9votel (Technicienne d\u2019\u00e9tudes cliniques), Sandrine Giffaud (Cadre de Sant\u00e9), Anne Sauvaget (PU-PH Psychiatrie), Damiens Choneau (Infirmier de recherche clinique) et M\u00e9lanie Desmet (Infirmi\u00e8re en Neuromodulation). \u00a9Facebook \/ CHU de Nantes<\/p>\n<p class=\" wall-content\">La stimulation du nerf vague a des effets multiples sur l\u2019humeur, le sommeil ou encore le syst\u00e8me digestif. Le traitement s\u2019inscrit dans un temps long et l\u2019efficacit\u00e9 des changements est observ\u00e9e \u00ab\u2009au bout de plusieurs mois\u2009\u00bb.<\/p>\n<p>Votre r\u00e9gion, votre actu !<\/p>\n<p>Recevez chaque jour les infos qui comptent pour vous.<\/p>\n<p>\t<a href=\"https:\/\/actu.fr\/newsletter\" class=\"ac-btn ac-btn--corner ac-btn--medium ac-btn--blue800\" target=\"_blank\" rel=\"noopener\">S&rsquo;incrire<\/a><\/p>\n<blockquote class=\"ac-article-quote wall-content\">\n<p>Quand le patient nous signale une am\u00e9lioration, \u00e7a va se traduire par une am\u00e9lioration de l\u2019estime de soi, moins d\u2019angoisse, l\u2019humeur qui est un petit peu meilleure. Tous les sympt\u00f4mes de d\u00e9pression en fait. Mais \u00e7a va prendre au moins quatre \u00e0 six mois.<\/p>\n<p>PR Anne Sauvaget, psychiatre et responsable du Centre d\u2019Excellence Th\u00e9rapeutique de l\u2019Institut de Psychiatrie au CHU de Nantes.<\/p><\/blockquote>\n<p>Une th\u00e9rapie innovante pour les patients<\/p>\n<p class=\" wall-content\">La th\u00e9rapie par stimulation du nerf vague existe depuis plusieurs ann\u00e9es aux \u00c9tats-Unis et au Canada. En France, cette th\u00e9rapie est dispens\u00e9e depuis peu pour des raisons techniques et de co\u00fbts. Au total, <b>166 patients fran\u00e7ais vont prendre part \u00e0 l\u2019essai clinique<\/b>.<\/p>\n<p class=\" wall-content\">L\u2019\u00e9tude permet d\u2019\u00e9valuer l\u2019int\u00e9r\u00eat th\u00e9rapeutique chez le patient, le parcours de soins et son efficacit\u00e9 dans le contexte fran\u00e7ais. Les participants \u00e0 l\u2019essai clinique peuvent b\u00e9n\u00e9ficier d\u2019outils th\u00e9rapeutiques qu\u2019ils n\u2019auraient pas eus en dehors de l\u2019\u00e9tude.<\/p>\n<blockquote class=\"ac-article-quote wall-content\">\n<p>S\u2019il n\u2019y avait pas eu cette \u00e9tude, il aurait peut-\u00eatre fallu attendre encore dix ans, c\u2019est difficile \u00e0 dire, cinq ou dix ans avant que les patients puissent avoir act\u00e9 \u00e0 ce traitement, sachant que ce n\u2019est pas toujours facile d\u2019avoir acc\u00e8s \u00e0 l\u2019innovation en France malheureusement, pas que pour la psychiatrie, mais pour la psychiatrie en particulier.<\/p>\n<p>PR Anne Sauvaget, psychiatre et responsable du Centre d\u2019Excellence Th\u00e9rapeutique de l\u2019Institut de Psychiatrie au CHU de Nantes.<\/p><\/blockquote>\n<p class=\" wall-content\">Depuis la mise en place de la th\u00e9rapie de stimulation du nerf vague, <b>sept personnes<\/b> ont b\u00e9n\u00e9fici\u00e9 du dispositif au CHU de Nantes.<\/p>\n<p class=\" wall-content\">Personnalisez votre actualit\u00e9 en ajoutant vos villes et m\u00e9dias en favori avec <a href=\"https:\/\/moncompte.actu.fr\" title=\"D\u00e9couvez Mon Actu\" rel=\"nofollow noopener\" data-trk=\"{&quot;cta&quot;:{&quot;action&quot;:&quot;https:\\\/\\\/moncompte.actu.fr&quot;,&quot;category&quot;:&quot;mon compte&quot;,&quot;from&quot;:&quot;article footer&quot;,&quot;name&quot;:&quot;Mon actu&quot;,&quot;type&quot;:&quot;cta&quot;}}\" target=\"_blank\">Mon Actu<\/a>.<\/p>\n","protected":false},"excerpt":{"rendered":"Par Thomas Bernard Publi\u00e9 le 27 nov. 2025 \u00e0 17h37 Selon une \u00e9tude de Sant\u00e9 publique sur les&hellip;\n","protected":false},"author":2,"featured_media":562741,"comment_status":"","ping_status":"","sticky":false,"template":"","format":"standard","meta":{"footnotes":""},"categories":[2818],"tags":[1111,11,7426,1777,674,1011,27,766,12,2636,25,71,104],"class_list":{"0":"post-562740","1":"post","2":"type-post","3":"status-publish","4":"format-standard","5":"has-post-thumbnail","7":"category-nantes","8":"tag-actu","9":"tag-actualites","10":"tag-chu-de-nantes","11":"tag-eu","12":"tag-europe","13":"tag-fr","14":"tag-france","15":"tag-nantes","16":"tag-news","17":"tag-pays-de-la-loire","18":"tag-republique-francaise","19":"tag-sante","20":"tag-societe"},"share_on_mastodon":{"url":"https:\/\/pubeurope.com\/@fr\/115622873956982628","error":""},"_links":{"self":[{"href":"https:\/\/www.europesays.com\/fr\/wp-json\/wp\/v2\/posts\/562740","targetHints":{"allow":["GET"]}}],"collection":[{"href":"https:\/\/www.europesays.com\/fr\/wp-json\/wp\/v2\/posts"}],"about":[{"href":"https:\/\/www.europesays.com\/fr\/wp-json\/wp\/v2\/types\/post"}],"author":[{"embeddable":true,"href":"https:\/\/www.europesays.com\/fr\/wp-json\/wp\/v2\/users\/2"}],"replies":[{"embeddable":true,"href":"https:\/\/www.europesays.com\/fr\/wp-json\/wp\/v2\/comments?post=562740"}],"version-history":[{"count":0,"href":"https:\/\/www.europesays.com\/fr\/wp-json\/wp\/v2\/posts\/562740\/revisions"}],"wp:featuredmedia":[{"embeddable":true,"href":"https:\/\/www.europesays.com\/fr\/wp-json\/wp\/v2\/media\/562741"}],"wp:attachment":[{"href":"https:\/\/www.europesays.com\/fr\/wp-json\/wp\/v2\/media?parent=562740"}],"wp:term":[{"taxonomy":"category","embeddable":true,"href":"https:\/\/www.europesays.com\/fr\/wp-json\/wp\/v2\/categories?post=562740"},{"taxonomy":"post_tag","embeddable":true,"href":"https:\/\/www.europesays.com\/fr\/wp-json\/wp\/v2\/tags?post=562740"}],"curies":[{"name":"wp","href":"https:\/\/api.w.org\/{rel}","templated":true}]}}