{"id":562744,"date":"2025-11-27T17:38:19","date_gmt":"2025-11-27T17:38:19","guid":{"rendered":"https:\/\/www.europesays.com\/fr\/562744\/"},"modified":"2025-11-27T17:38:19","modified_gmt":"2025-11-27T17:38:19","slug":"les-touristes-quon-accueille-ne-voient-pas-les-frontieres-les-professionnelles-de-loenotourisme-bordelais-viennent-decouvrir-le-vignoble-cognacais","status":"publish","type":"post","link":"https:\/\/www.europesays.com\/fr\/562744\/","title":{"rendered":"\u00ab\u00a0Les touristes qu\u2019on accueille ne voient pas les fronti\u00e8res\u00a0\u00bb\u00a0: les professionnelles de l\u2019\u0153notourisme bordelais viennent d\u00e9couvrir le vignoble cogna\u00e7ais"},"content":{"rendered":"<blockquote><p>\u00ab\u00a0Ce sont deux vignobles avec le Bordelais proche g\u00e9ographiquement et qui sont int\u00e9ressants \u00e0 combiner.\u00a0\u00bb<\/p><\/blockquote>\n<p>Une dizaine d\u2019entre elles vont passer deux jours, vendredi et samedi, \u00e0 Cognac et dans les deux Charentes. \u00ab\u00a0Ce sont deux vignobles avec le Bordelais proches g\u00e9ographiquement et qui sont int\u00e9ressants \u00e0 combiner.\u00a0\u00bb Au programme, visite de maisons de cognac, comme Frapin et R\u00e9my Martin, mais aussi d\u00e9gustations de pineau et de vin de pays charentais, sans oublier une rencontre avec l\u2019antenne cogna\u00e7aise des Ladies Wine and spirits mise sur pied en 2024 et qui compte une quarantaine d\u2019adh\u00e9rentes.<\/p>\n<p>L\u2019\u0153notourisme en force<\/p>\n<p>\u00ab\u00a0Cela peut nous permettre de construire quelque chose en commun. On a du monde qui vient visiter de Bordeaux mais parfois ils ne visitent qu\u2019une maison de cognac, on veut montrer que sur 48\u00a0heures, on n\u2019a pas qu\u2019une offre \u00e0 pr\u00e9senter, que notre offre est plus vaste que \u00e7a\u00a0\u00bb, appuie Laurette Didi\u00e8re, la g\u00e9rante de Charentes in flow, une agence touristique qui co-organise ces visites avec Pauline Versace.<\/p>\n<p>    La r\u00e9daction vous conseille<\/p>\n<p>Une op\u00e9ration de mise en contact, de relations, d\u2019\u00e9changes pour cr\u00e9er des passerelles entre les deux vignobles voisins qui ne se connaissent pas forc\u00e9ment bien. \u00ab\u00a0Ce n\u2019est pas en \u00e9tant isol\u00e9 dans son coin qu\u2019on va y arriver, autant multiplier les contacts\u00a0\u00bb, souligne Laurette Didi\u00e8re. \u00ab\u00a0Les touristes qu\u2019on accueille ne voient pas les fronti\u00e8res et puis c\u2019est une condition de survie, le collectif c\u2019est la seule fa\u00e7on de faire les choses\u00a0\u00bb, ajoute Pauline Versace, qui g\u00e8re <a href=\"https:\/\/www.viebonnevoyages.com\/\" target=\"_blank\" rel=\"nofollow noopener\">La Vie Bonne<\/a>, une agence qui organise des s\u00e9jours autour du vin et de la culture.<\/p>\n<p>        <img decoding=\"async\" id=\"26880682\" src=\"https:\/\/www.europesays.com\/fr\/wp-content\/uploads\/2025\/11\/versace.jpg\" alt=\"Pauline Versace, g\u00e9rante d\u2019une agence de s\u00e9jour dans le vignoble bordelais fera partie des visiteurs lors de ce s\u00e9jour dans le Cogna\u00e7ais.\" itemprop=\"contentURL\"\/><\/p>\n<p>    Pauline Versace, g\u00e9rante d\u2019une agence de s\u00e9jour dans le vignoble bordelais fera partie des visiteurs lors de ce s\u00e9jour dans le Cogna\u00e7ais.<\/p>\n<p>Repro CL<\/p>\n<p>L\u2019\u0153notourisme et le spiritourisme sont des axes forts de d\u00e9veloppement \u00e9conomique pour des vignobles et des maisons en perte de chiffres \u00e0 cause de ventes au ralenti. \u00ab\u00a0\u00c7a fait partie des solutions et la demande est en croissance\u00a0\u00bb, argumente Pauline Versace. Laurette Didi\u00e8re esp\u00e8re pouvoir bient\u00f4t r\u00e9it\u00e9rer l\u2019exp\u00e9rience avec d\u2019autres vignobles fran\u00e7ais.<\/p>\n","protected":false},"excerpt":{"rendered":"\u00ab\u00a0Ce sont deux vignobles avec le Bordelais proche g\u00e9ographiquement et qui sont int\u00e9ressants \u00e0 combiner.\u00a0\u00bb Une dizaine d\u2019entre&hellip;\n","protected":false},"author":2,"featured_media":562745,"comment_status":"","ping_status":"","sticky":false,"template":"","format":"standard","meta":{"footnotes":""},"categories":[2817],"tags":[1111,11,1997,1777,674,1011,27,12,2219,25],"class_list":{"0":"post-562744","1":"post","2":"type-post","3":"status-publish","4":"format-standard","5":"has-post-thumbnail","7":"category-bordeaux","8":"tag-actu","9":"tag-actualites","10":"tag-bordeaux","11":"tag-eu","12":"tag-europe","13":"tag-fr","14":"tag-france","15":"tag-news","16":"tag-nouvelle-aquitaine","17":"tag-republique-francaise"},"share_on_mastodon":{"url":"https:\/\/pubeurope.com\/@fr\/115622885560605132","error":""},"_links":{"self":[{"href":"https:\/\/www.europesays.com\/fr\/wp-json\/wp\/v2\/posts\/562744","targetHints":{"allow":["GET"]}}],"collection":[{"href":"https:\/\/www.europesays.com\/fr\/wp-json\/wp\/v2\/posts"}],"about":[{"href":"https:\/\/www.europesays.com\/fr\/wp-json\/wp\/v2\/types\/post"}],"author":[{"embeddable":true,"href":"https:\/\/www.europesays.com\/fr\/wp-json\/wp\/v2\/users\/2"}],"replies":[{"embeddable":true,"href":"https:\/\/www.europesays.com\/fr\/wp-json\/wp\/v2\/comments?post=562744"}],"version-history":[{"count":0,"href":"https:\/\/www.europesays.com\/fr\/wp-json\/wp\/v2\/posts\/562744\/revisions"}],"wp:featuredmedia":[{"embeddable":true,"href":"https:\/\/www.europesays.com\/fr\/wp-json\/wp\/v2\/media\/562745"}],"wp:attachment":[{"href":"https:\/\/www.europesays.com\/fr\/wp-json\/wp\/v2\/media?parent=562744"}],"wp:term":[{"taxonomy":"category","embeddable":true,"href":"https:\/\/www.europesays.com\/fr\/wp-json\/wp\/v2\/categories?post=562744"},{"taxonomy":"post_tag","embeddable":true,"href":"https:\/\/www.europesays.com\/fr\/wp-json\/wp\/v2\/tags?post=562744"}],"curies":[{"name":"wp","href":"https:\/\/api.w.org\/{rel}","templated":true}]}}