{"id":562746,"date":"2025-11-27T17:39:13","date_gmt":"2025-11-27T17:39:13","guid":{"rendered":"https:\/\/www.europesays.com\/fr\/562746\/"},"modified":"2025-11-27T17:39:13","modified_gmt":"2025-11-27T17:39:13","slug":"nouvelle-aquitaine-une-nouvelle-ligne-sncf-bordeaux","status":"publish","type":"post","link":"https:\/\/www.europesays.com\/fr\/562746\/","title":{"rendered":"Nouvelle-Aquitaine : une nouvelle ligne SNCF Bordeaux"},"content":{"rendered":"<p>Le train Ouigo num\u00e9ro\u00a01288 en direction de Lyon va entrer en gare de Poitiers. \u00c9loignez-vous de la bordure du quai. Et oui, vous ne r\u00eavez pas, Franck Dubourdieu, directeur de TGV Atlantique, l\u2019a annonc\u00e9 officiellement ce jeudi 27\u00a0novembre\u00a0: il sera maintenant possible de faire <a target=\"_self\" href=\"https:\/\/www.lanouvellerepublique.fr\/vienne\/ouverture-courant-2027-d-une-ligne-tgv-ouigo-entre-lyon-et-bordeaux-qui-desservira-saint-pierre-des-corps-et-poitiers-1764250803\" rel=\"noopener\">Poitiers\u00a0&#8211; Lyon<\/a> sans changer de train \u00e0 Paris, comme annonc\u00e9 par notre r\u00e9daction le 5\u00a0novembre 2025&#8230;. <\/p>\n<p>    Cet article a \u00e9t\u00e9 tronqu\u00e9. Abonnez-vous pour lire l&rsquo;article complet sur notre site.<\/p>\n<p style=\"margin: 0 !important; padding: 0 !important; font-size: 12px !important;\">Cet article a \u00e9t\u00e9 tronqu\u00e9. Abonnez-vous pour lire l&rsquo;article complet.<\/p>\n<p>    <a href=\"https:\/\/www.lanouvellerepublique.fr\/abonnements\" style=\"display: inline-block; margin-top: 5px !important; padding: 6px 12px !important; background: #cb1c27; color: white; text-decoration: none; border-radius: 4px; font-size: 12px !important;\" target=\"_blank\" rel=\"noopener\"><br \/>\n      S&rsquo;abonner<br \/>\n    <\/a><\/p>\n","protected":false},"excerpt":{"rendered":"Le train Ouigo num\u00e9ro\u00a01288 en direction de Lyon va entrer en gare de Poitiers. \u00c9loignez-vous de la bordure&hellip;\n","protected":false},"author":2,"featured_media":562747,"comment_status":"","ping_status":"","sticky":false,"template":"","format":"standard","meta":{"footnotes":""},"categories":[2817],"tags":[1392,1111,11,1997,2545,1777,674,1011,27,12,2219,1653,25,2215,926,800,1584,1666],"class_list":{"0":"post-562746","1":"post","2":"type-post","3":"status-publish","4":"format-standard","5":"has-post-thumbnail","7":"category-bordeaux","8":"tag-a-la-une-local","9":"tag-actu","10":"tag-actualites","11":"tag-bordeaux","12":"tag-deux-sevres","13":"tag-eu","14":"tag-europe","15":"tag-fr","16":"tag-france","17":"tag-news","18":"tag-nouvelle-aquitaine","19":"tag-poitiers","20":"tag-republique-francaise","21":"tag-sncf","22":"tag-train","23":"tag-transports","24":"tag-vienne","25":"tag-voyages"},"share_on_mastodon":{"url":"https:\/\/pubeurope.com\/@fr\/115622888416057435","error":""},"_links":{"self":[{"href":"https:\/\/www.europesays.com\/fr\/wp-json\/wp\/v2\/posts\/562746","targetHints":{"allow":["GET"]}}],"collection":[{"href":"https:\/\/www.europesays.com\/fr\/wp-json\/wp\/v2\/posts"}],"about":[{"href":"https:\/\/www.europesays.com\/fr\/wp-json\/wp\/v2\/types\/post"}],"author":[{"embeddable":true,"href":"https:\/\/www.europesays.com\/fr\/wp-json\/wp\/v2\/users\/2"}],"replies":[{"embeddable":true,"href":"https:\/\/www.europesays.com\/fr\/wp-json\/wp\/v2\/comments?post=562746"}],"version-history":[{"count":0,"href":"https:\/\/www.europesays.com\/fr\/wp-json\/wp\/v2\/posts\/562746\/revisions"}],"wp:featuredmedia":[{"embeddable":true,"href":"https:\/\/www.europesays.com\/fr\/wp-json\/wp\/v2\/media\/562747"}],"wp:attachment":[{"href":"https:\/\/www.europesays.com\/fr\/wp-json\/wp\/v2\/media?parent=562746"}],"wp:term":[{"taxonomy":"category","embeddable":true,"href":"https:\/\/www.europesays.com\/fr\/wp-json\/wp\/v2\/categories?post=562746"},{"taxonomy":"post_tag","embeddable":true,"href":"https:\/\/www.europesays.com\/fr\/wp-json\/wp\/v2\/tags?post=562746"}],"curies":[{"name":"wp","href":"https:\/\/api.w.org\/{rel}","templated":true}]}}