{"id":562750,"date":"2025-11-27T17:41:11","date_gmt":"2025-11-27T17:41:11","guid":{"rendered":"https:\/\/www.europesays.com\/fr\/562750\/"},"modified":"2025-11-27T17:41:11","modified_gmt":"2025-11-27T17:41:11","slug":"pourquoi-le-burkini-a-refait-surface-dans-les-debats-du-conseil-municipal","status":"publish","type":"post","link":"https:\/\/www.europesays.com\/fr\/562750\/","title":{"rendered":"pourquoi le burkini a refait surface dans les d\u00e9bats du conseil municipal"},"content":{"rendered":"<p>                    Par<br \/>\n        <strong><br \/>\n            <a href=\"https:\/\/actu.fr\/auteur\/guillaume-laurens\" title=\"Consulter tous les articles de Guillaume Laurens\" target=\"_blank\" rel=\"noopener\">Guillaume Laurens<\/a><br \/>\n                    <\/strong><\/p>\n<p>        Publi\u00e9 le<\/p>\n<p>            27 nov. 2025 \u00e0 18h30        <\/p>\n<p>Revoil\u00e0\u2026 le <strong>burkini<\/strong>. Un v\u0153u \u00ab\u00a0pour la la\u00efcit\u00e9 et la neutralit\u00e9 du service public sportif\u00a0\u00bb, d\u00e9pos\u00e9 par le groupe majoritaire <strong>Aimer Toulouse<\/strong>, a raviv\u00e9 ce <strong>d\u00e9bat inflammable<\/strong>, mercredi 26 novembre 2025, \u00e0 l\u2019occasion d\u2019une <a href=\"https:\/\/actu.fr\/occitanie\/toulouse_31555\/video-a-toulouse-une-elue-sort-un-megaphone-en-plein-conseil-municipal-pour-ouvrir-les-fenetres_63492268.html\" target=\"_blank\" rel=\"noopener\">s\u00e9ance du conseil municipal<\/a> de la Ville rose. Ce qu\u2019il s\u2019est pass\u00e9.<\/p>\n<p>\u00ab\u00a0Hygi\u00e8ne\u00a0\u00bb, \u00ab\u00a0respect de la la\u00efcit\u00e9\u00a0\u00bb et \u00ab\u00a0dignit\u00e9 des femmes\u00a0\u00bb<\/p>\n<p class=\" wall-content\">D\u00e8s le d\u00e9but de la s\u00e9ance, <strong>Pierre Esplugas-Labatut<\/strong> a annonc\u00e9 la couleur, en indiquant que le groupe majoritaire dont il est le porte-parole avait mis ce v\u0153u \u00e0 l\u2019ordre du jour, parce que \u00ab\u00a0la <strong>Ligue des droits de l\u2019homme (LDH)<\/strong>, tournant une fois de plus le dos \u00e0 son pass\u00e9 glorieux, a <strong>demand\u00e9 \u00e0 ce que le burkini soit autoris\u00e9<\/strong> dans les piscines municipales toulousaines\u00a0\u00bb. Or, cela pose d\u2019apr\u00e8s lui des probl\u00e8mes \u00ab\u00a0d\u2019hygi\u00e8ne\u00a0publique\u00a0\u00bb, mais aussi de \u00ab\u00a0respect de la la\u00efcit\u00e9 et de dignit\u00e9 des femmes\u00a0\u00bb.<\/p>\n<p class=\" wall-content\">Car \u00ab\u00a0le burkini ne rel\u00e8ve pas d\u2019un simple choix vestimentaire\u00a0\u00bb, d\u2019apr\u00e8s <strong>Jean-Paul Bouche, <\/strong>l\u2019\u00e9lu en charge de la la\u00efcit\u00e9 et des relations avec les cultes. C\u2019est lui qui a remis le sujet sur le tapis, pour pr\u00e9senter en fin de conseil ce v\u0153u au nom d\u2019une majorit\u00e9 qui se pose en d\u00e9fenseure de la \u00ab\u00a0la\u00efcit\u00e9 r\u00e9publicaine\u00a0\u00bb et de la \u00ab\u00a0neutralit\u00e9 du service public\u00a0\u00bb, alors que \u00ab\u00a0les lois de s\u00e9paration de l\u2019\u00c9glise et de l\u2019\u00c9tat f\u00eatent leurs 120 ans\u00a0\u00bb en 2025.<\/p>\n<p>La pol\u00e9mique de Grenoble en 2022 ressuscit\u00e9e<\/p>\n<p class=\" wall-content\">\u00ab\u00a0Depuis plusieurs ann\u00e9es, le retour du fait religieux dans l\u2019espace public, notamment dans le domaine public sportif, fait l\u2019objet de d\u00e9bats, parfois aliment\u00e9s <strong>\u00e0 des fins politiques\u00a0\u00bb,<\/strong> a \u00e9nonc\u00e9 Jean-Paul Bouche, rappelant l\u2019\u00e9pisode survenu en <strong>2022<\/strong> dans \u00ab\u00a0la commune \u00e0 direction \u00e9cologiste de <strong>Grenoble\u00a0\u00bb,<\/strong> o\u00f9 <a href=\"https:\/\/actu.fr\/auvergne-rhone-alpes\/grenoble_38185\/grenoble-le-port-du-burkini-dans-les-piscines-municipales-est-autorise-a-grenoble_50989789.html\" target=\"_blank\" rel=\"noopener\">le burkini avait \u00e9t\u00e9 autoris\u00e9 par la mairie<\/a>, avant que cette \u00ab\u00a0posture politique\u00a0\u00bb \u2014 selon ses termes \u2014 ne soit enterr\u00e9e par le Tribunal administratif, puis <a href=\"https:\/\/actu.fr\/auvergne-rhone-alpes\/grenoble_38185\/grenoble-le-burkini-est-definitivement-interdit-dans-les-piscines-municipales_51698501.html\" target=\"_blank\" rel=\"noopener\">confirm\u00e9e par le Conseil d\u2019\u00c9tat<\/a>.<\/p>\n<p>Un courrier de la LDH adress\u00e9 cet \u00e9t\u00e9<\/p>\n<p class=\" wall-content\">Mais alors, pourquoi le burkini ressurgit-il trois ans apr\u00e8s dans la Ville rose, \u00e0 trois mois et demi des <a href=\"https:\/\/actu.fr\/toulouse\/politique\/elections-municipales\" target=\"_blank\" rel=\"noopener\">Municipales 2026<\/a> ? D\u2019apr\u00e8s Jean-Paul Bouche, c\u2019est en raison de \u00ab\u00a0la r\u00e9ception par le maire d\u2019un <strong>courrier<\/strong> dat\u00e9 du 1\u1d49\u02b3\u00a0ao\u00fbt 2025, et adress\u00e9 par <strong>Nathalie Tehio,<\/strong> pr\u00e9sidente nationale de la LDH, dans lequel elle demande <strong>l\u2019abrogation du r\u00e8glement<\/strong> des piscines municipales de Toulouse, qui date pourtant de 2024\u2033. Jean-Luc Moudenc y a r\u00e9pondu le 17 septembre.<\/p>\n<p>Vid\u00e9os : en ce moment sur Actu<\/p>\n<p class=\" wall-content\">D\u2019apr\u00e8s le conseiller municipal, \u00ab\u00a0\u00e0 Toulouse, diverses associations politis\u00e9es, comme la LDH, cherchent \u00e0 <strong>remettre en cause les principes de la\u00efcit\u00e9 et de neutralit\u00e9<\/strong> du service public en demandant <strong>l\u2019autorisation du burkini<\/strong> au sein des piscines municipales \u00e0 Toulouse\u00a0\u00bb. Selon lui, dans sa missive, la Ligue \u00ab\u00a0indique m\u00eame \u2018qu\u2019aucun \u00e9l\u00e9ment tir\u00e9 du bon fonctionnement du service public ne peut justifier la restriction \u00e0 la libert\u00e9 de conscience ainsi oppos\u00e9e aux femmes musulmanes d\u00e9sireuses de porter le burkini\u2019, faisant fi de principes \u00e9l\u00e9mentaires de la\u00efcit\u00e9\u00a0\u00bb.<\/p>\n<p>Le burkini n\u2019est pas autoris\u00e9, rappelle la mairie<\/p>\n<p class=\" wall-content\">Regrettant que la LDH \u00ab\u00a0soutienne le d\u00e9ploiement du <strong>communautarisme religieux<\/strong> dans les lieux du service public\u00a0\u00bb, l\u2019\u00e9lu insiste :<\/p>\n<p>Votre r\u00e9gion, votre actu !<\/p>\n<p>Recevez chaque jour les infos qui comptent pour vous.<\/p>\n<p>\t<a href=\"https:\/\/actu.fr\/newsletter\" class=\"ac-btn ac-btn--corner ac-btn--medium ac-btn--blue800\" target=\"_blank\" rel=\"noopener\">S&rsquo;incrire<\/a><\/p>\n<blockquote class=\"ac-article-quote wall-content\">\n<p>Le r\u00e8glement int\u00e9rieur des piscines municipales fait d\u2019ores et d\u00e9j\u00e0 preuve de la plus grande clart\u00e9 et n\u2019autorise pas de v\u00eatements pour la baignade inadapt\u00e9s, dont notamment le burkini.<\/p>\n<p>    <strong>Jean-Paul Bouche<\/strong>\n            <\/p><\/blockquote>\n<p class=\" wall-content\">\u00ab\u00a0Au-del\u00e0 de la la\u00efcit\u00e9\u00a0\u00bb, il rappelle que \u00ab\u00a0les piscines publiques sont des espaces particuli\u00e8rement sensibles sur le plan de l\u2019hygi\u00e8ne et de la s\u00e9curit\u00e9\u00a0\u00bb. Et que \u00ab\u00a0le port de tenues, amples ou couvrantes\u00a0\u00bb pose \u00ab\u00a0des difficult\u00e9s\u00a0\u00bb en la mati\u00e8re car \u00ab\u00a0ces v\u00eatements peuvent retenir des bact\u00e9ries, des r\u00e9sidus ou des particules \u00e9trang\u00e8res \u00e0 l\u2019eau chlor\u00e9e\u00a0\u00bb.<\/p>\n<p>Une proposition de loi d\u00e9fendue dans les cartons du Parlement<\/p>\n<p class=\" wall-content\">Il a ensuite rappel\u00e9 qu\u2019au niveau national, \u00ab\u00a0une <strong>proposition de loi<\/strong> visant \u00e0 assurer le respect du principe de la\u00efcit\u00e9 dans le sport a \u00e9t\u00e9 d\u00e9pos\u00e9e au S\u00e9nat en mars 2024\u2033. Celle-ci doit, en th\u00e9orie, clarifier cette question dans les piscines publiques, o\u00f9 elle \u00ab\u00a0prohibe notamment le port de signes ou de tenues susceptibles d\u2019y contrevenir\u00a0\u00bb.\u00a0<\/p>\n<p class=\" wall-content\">Ce texte doit aussi permettre aux pr\u00e9fets de \u00ab\u00a0suspendre l\u2019agr\u00e9ment d\u2019une association sportive qui se soustrait aux obligations de neutralit\u00e9 ou de la\u00efcit\u00e9\u00a0\u00bb. C\u2019est donc officiellement pour <strong>\u00ab\u00a0soutenir l\u2019inscription dans la loi<\/strong> de telles dispositions\u00a0\u00bb, et afin de \u00ab\u00a0pouvoir agir au mieux au niveau local dans un cadre l\u00e9gal clair\u00a0\u00bb, que la mairie de Toulouse a d\u00e9pos\u00e9 ce v\u0153u.<\/p>\n<p>Un exemple de \u00ab\u00a0l\u2019islamophobie grandissante\u00a0\u00bb pour LFI<\/p>\n<p class=\" wall-content\">Ce v\u0153u n\u2019\u00e9tait pas du go\u00fbt de l\u2019opposition, qui nage \u00e0 contre-courant de la majorit\u00e9 sur ce sujet, certains \u00e9lus se d\u00e9solant des \u00ab\u00a0attaques\u00a0\u00bb de la majorit\u00e9 envers la LDH.\u00a0<\/p>\n<p class=\" wall-content\">\u00ab\u00a0Nous voil\u00e0 donc avec <strong>ce brave Burkini<\/strong>\u00a0des n\u00e9o-d\u00e9fenseurs de la la\u00efcit\u00e9\u00a0\u00bb, s\u2019est exclam\u00e9e<strong> H\u00e9l\u00e8ne Magdo<\/strong>. La conseill\u00e8re municipale LFI y voit un \u00ab\u00a0exemple type de <strong>l\u2019islamophobie grandissante<\/strong> dans notre pays\u00a0\u00bb.<\/p>\n<p>\u00ab\u00a0On n\u2019avait pas plus urgent \u00e0 traiter ?\u00a0\u00bb raille un \u00e9lu PS<\/p>\n<p class=\" wall-content\">\u00ab\u00a0Comme si notre ville n\u2019avait pas d\u2019enjeu plus urgent \u00e0 traiter\u00a0\u00bb, a soupir\u00e9 <strong>Vincent Gibert,<\/strong> le conseiller municipal PS, par ailleurs vice-pr\u00e9sident du Conseil d\u00e9partemental en charge de l\u2019\u00e9ducation et des valeurs de la R\u00e9publique. D\u2019apr\u00e8s lui, non seulement ce v\u0153u est un \u00ab\u00a0m\u00e9lange de consid\u00e9rations juridiques approximatives, amalgames et de pol\u00e9miques tr\u00e8s \u00e9loign\u00e9es des enjeux du conseil municipal\u00a0\u00bb, mais c\u2019\u00e9tait surtout <strong>une man\u0153uvre \u00ab\u00a0pour faire de la politique\u00a0\u00bb.<\/strong><\/p>\n<p class=\" wall-content\">Il a par ailleurs d\u00e9nonc\u00e9 une <strong>\u00ab\u00a0conception de la la\u00efcit\u00e9 variable<\/strong> selon les dossiers\u00a0\u00bb par une majorit\u00e9 qui, d\u2019un c\u00f4t\u00e9, affiche son refus du burkini, et de l\u2019autre, soutiendrait des initiatives chr\u00e9tiennes, puisqu\u2019elle a \u00ab\u00a0financ\u00e9 l\u2019association des amis de Saint-Thomas d\u2019Aquin pour l\u2019\u00e9dition de livrets de pri\u00e8re\u00a0\u00bb, mais aussi \u00ab\u00a0favoris\u00e9 l\u2019accueil d\u2019une messe au MEETT\u00a0\u00bb.<\/p>\n<p>\u00ab\u00a0Une strat\u00e9gie perverse\u00a0\u00bb, dit le pr\u00e9sident de la LDH<\/p>\n<p class=\" wall-content\">\u00ab\u00a0On d\u00e9plore qu\u2019un tel v\u0153u ait pu \u00eatre vot\u00e9 en conseil municipal. Les man\u0153uvres \u00e9lectoralistes ont commenc\u00e9\u00a0\u00bb, regrette <strong>Jean-Fran\u00e7ois Mignard<\/strong>, pr\u00e9sident de la LDH de Toulouse, interrog\u00e9 par Actu. \u00ab\u00a0En p\u00e9riode \u00e9lectorale, ce ne sont pas les positions politiques les plus intelligentes qui sont prises.<\/p>\n<blockquote class=\"ac-article-quote wall-content\">\n<p>C&rsquo;est une strat\u00e9gie perverse utilis\u00e9e par la droite dans ce qu&rsquo;elle peut avoir de pire, une man\u0153uvre politicienne pour faire les yeux doux \u00e0 la droite extr\u00eame.<\/p>\n<p>    <strong>Jean-Fran\u00e7ois Mignard<\/strong><br \/>\n        Pr\u00e9sident de la LDH de Toulouse    <\/p><\/blockquote>\n<p class=\" wall-content\">Sur le fond du dossier, il assure que \u00ab\u00a0si c\u2019\u00e9tait seulement li\u00e9 \u00e0 l\u2019hygi\u00e8ne, il n\u2019y aurait pas de souci, mais c\u2019est le reste qui est probl\u00e9matique : cela nous para\u00eet anormal d\u2019interdire le burkini au motif qu\u2019il s\u2019agirait d\u2019un signe religieux, car cela nous para\u00eet <strong>contraire \u00e0 la loi de 1905\u2033.<\/strong><\/p>\n<p class=\" wall-content\">\u00ab\u00a0On se battra pour la libert\u00e9 de s\u2019habiller comme on veut\u00a0\u00bb, d\u00e9fend Jean-Fran\u00e7ois Mignard, qui se trouve justement cette fin de semaine \u00e0 Paris pour participer \u00e0 <strong>l\u2019universit\u00e9 d\u2019automne de la LDH sur la la\u00efcit\u00e9. <\/strong>Il entend \u00ab\u00a0se pencher sur le dossier\u00a0\u00bb et assure que la LDH \u00ab\u00a0n\u2019h\u00e9sitera pas \u00e0 attaquer la d\u00e9cision d\u2019interdiction en justice\u00a0\u00bb.<\/p>\n<p class=\" wall-content\">\u00ab\u00a0La LDH <strong>se trompe de cible<\/strong> et de motivation\u00a0\u00bb, avance de son c\u00f4t\u00e9 Jean-Paul Bouche. \u00ab\u00a0Ce n\u2019est pas la libert\u00e9 de conscience qui est en cause, mais la libert\u00e9 d\u2019expression\u00a0\u00bb.<\/p>\n<p>\u00ab\u00a0Pour la tentative de d\u00e9stabilisation, c\u2019est rat\u00e9\u00a0\u00bb<\/p>\n<p class=\" wall-content\">La question du burkini est un toujours sujet qui <strong>cristallise les tensions<\/strong>. \u00ab\u00a0Il va \u00eatre int\u00e9ressant d\u2019observer le vote de notre opposition municipale\u00a0\u00bb, avait lanc\u00e9 Pierre Esplugas-Labatut ce mercredi matin. Et s\u2019il \u00ab\u00a0ne doutait pas\u00a0\u00bb que les \u00e9lus socialistes, communistes ou \u00e9cologistes \u00ab\u00a0votent pour\u00a0\u00bb, il n\u2019en faisait pas myst\u00e8re : \u00ab\u00a0J\u2019ai <strong>un petit doute sur la composante LFI<\/strong> de notre opposition municipale\u00a0\u00bb.<\/p>\n<p class=\" wall-content\">\u00c0 l\u2019arriv\u00e9e, aucun des membres de l\u2019opposition n\u2019a pris part au vote. \u00ab\u00a0Pour <strong>la tentative de d\u00e9stabilisation<\/strong>, c\u2019est rat\u00e9\u00a0\u00bb, sourit H\u00e9l\u00e8ne Magdo. \u00ab\u00a0Pour le reste\u00a0\u00bb, l\u2019\u00e9lue insoumise regrette \u00ab\u00a0une man\u0153uvre de la majorit\u00e9 qui est <a href=\"https:\/\/actu.fr\/occitanie\/toulouse_31555\/toulouse-cette-batisse-de-plus-de-250-ans-va-etre-vendue-voici-son-histoire_61929791.html\" target=\"_blank\" rel=\"noopener\">en bataille avec la LDH\u00a0<\/a><a href=\"https:\/\/actu.fr\/occitanie\/toulouse_31555\/toulouse-cette-batisse-de-plus-de-250-ans-va-etre-vendue-voici-son-histoire_61929791.html\" target=\"_blank\" rel=\"noopener\">depuis un certain temps sur l\u2019histoire des locaux.\u00a0<\/a>Et puis, c\u2019est le 2e v\u0153u de la majorit\u00e9 sur le burkini en six ans de mandat\u00a0\u00bb, s\u2019offusque-t-elle. \u00ab\u00a0\u00c7a commence \u00e0 faire beaucoup ! Si ce n\u2019est pas de la <strong>stigmatisation d\u2019une partie de la population<\/strong> pour courir apr\u00e8s l\u2019extr\u00eame-droite, qu\u2019est-ce que c\u2019est ?\u00a0\u00bb La majorit\u00e9 se d\u00e9fend de toute r\u00e9cup\u00e9ration. \u00ab\u00a0S\u2019il y a eu ce v\u0153u\u00a0\u00bb, r\u00e9torque Jean-Paul Bouche, \u00ab\u00a0c\u2019est parce que la Ligue des droits de l\u2019homme <strong>revient \u00e0 la charge<\/strong>. Sans sa lettre, il n\u2019y aurait jamais eu de v\u0153u\u00a0\u00bb.<\/p>\n<p class=\" wall-content\">Personnalisez votre actualit\u00e9 en ajoutant vos villes et m\u00e9dias en favori avec <a href=\"https:\/\/moncompte.actu.fr\" title=\"D\u00e9couvez Mon Actu\" rel=\"nofollow noopener\" data-trk=\"{&quot;cta&quot;:{&quot;action&quot;:&quot;https:\\\/\\\/moncompte.actu.fr&quot;,&quot;category&quot;:&quot;mon compte&quot;,&quot;from&quot;:&quot;article footer&quot;,&quot;name&quot;:&quot;Mon actu&quot;,&quot;type&quot;:&quot;cta&quot;}}\" target=\"_blank\">Mon Actu<\/a>.<\/p>\n","protected":false},"excerpt":{"rendered":"Par Guillaume Laurens Publi\u00e9 le 27 nov. 2025 \u00e0 18h30 Revoil\u00e0\u2026 le burkini. Un v\u0153u \u00ab\u00a0pour la la\u00efcit\u00e9&hellip;\n","protected":false},"author":2,"featured_media":562751,"comment_status":"","ping_status":"","sticky":false,"template":"","format":"standard","meta":{"footnotes":""},"categories":[2816],"tags":[1111,11,1777,674,1011,27,15430,12,2680,4020,25,104,2312],"class_list":{"0":"post-562750","1":"post","2":"type-post","3":"status-publish","4":"format-standard","5":"has-post-thumbnail","7":"category-toulouse","8":"tag-actu","9":"tag-actualites","10":"tag-eu","11":"tag-europe","12":"tag-fr","13":"tag-france","14":"tag-laicite","15":"tag-news","16":"tag-occitanie","17":"tag-religion","18":"tag-republique-francaise","19":"tag-societe","20":"tag-toulouse"},"share_on_mastodon":{"url":"https:\/\/pubeurope.com\/@fr\/115622896248320672","error":""},"_links":{"self":[{"href":"https:\/\/www.europesays.com\/fr\/wp-json\/wp\/v2\/posts\/562750","targetHints":{"allow":["GET"]}}],"collection":[{"href":"https:\/\/www.europesays.com\/fr\/wp-json\/wp\/v2\/posts"}],"about":[{"href":"https:\/\/www.europesays.com\/fr\/wp-json\/wp\/v2\/types\/post"}],"author":[{"embeddable":true,"href":"https:\/\/www.europesays.com\/fr\/wp-json\/wp\/v2\/users\/2"}],"replies":[{"embeddable":true,"href":"https:\/\/www.europesays.com\/fr\/wp-json\/wp\/v2\/comments?post=562750"}],"version-history":[{"count":0,"href":"https:\/\/www.europesays.com\/fr\/wp-json\/wp\/v2\/posts\/562750\/revisions"}],"wp:featuredmedia":[{"embeddable":true,"href":"https:\/\/www.europesays.com\/fr\/wp-json\/wp\/v2\/media\/562751"}],"wp:attachment":[{"href":"https:\/\/www.europesays.com\/fr\/wp-json\/wp\/v2\/media?parent=562750"}],"wp:term":[{"taxonomy":"category","embeddable":true,"href":"https:\/\/www.europesays.com\/fr\/wp-json\/wp\/v2\/categories?post=562750"},{"taxonomy":"post_tag","embeddable":true,"href":"https:\/\/www.europesays.com\/fr\/wp-json\/wp\/v2\/tags?post=562750"}],"curies":[{"name":"wp","href":"https:\/\/api.w.org\/{rel}","templated":true}]}}