{"id":562752,"date":"2025-11-27T17:42:16","date_gmt":"2025-11-27T17:42:16","guid":{"rendered":"https:\/\/www.europesays.com\/fr\/562752\/"},"modified":"2025-11-27T17:42:16","modified_gmt":"2025-11-27T17:42:16","slug":"un-apres-midi-de-jeux-video-a-la-mediatheque","status":"publish","type":"post","link":"https:\/\/www.europesays.com\/fr\/562752\/","title":{"rendered":"Un apr\u00e8s-midi de jeux vid\u00e9o \u00e0 la m\u00e9diath\u00e8que"},"content":{"rendered":"<p class=\"introduction\">La m\u00e9diath\u00e8que de Roubaix a organis\u00e9 ce mercredi 26 novembre 2025 un tournoi de jeux vid\u00e9o, dans la salle La Cri\u00e9e. Cette salle multim\u00e9dia s\u2019est transform\u00e9e en un v\u00e9ritable petit stade num\u00e9rique, avec un \u00e9cran g\u00e9ant qui rendait chaque passe, chaque tir et chaque but spectaculaires.<\/p>\n<p>Une fois par mois, la m\u00e9diath\u00e8que de Roubaix organise cet \u00e9v\u00e9nement vid\u00e9oludique . L\u2019entr\u00e9e est gratuite et sans inscription, ouverte \u00e0 tous. Les jeux peuvent \u00eatre pratiqu\u00e9s par tout le monde, adultes comme enfants. Cet \u00e9v\u00e9nement rencontre un vrai succ\u00e8s. Petits et grands se retrouvent autour des manettes et consoles. Les parties s\u2019encha\u00eenent avec de la joie, des d\u00e9fis et de la bonne humeur. Certains d\u00e9couvrent le jeu pour la premi\u00e8re fois, d\u2019autres am\u00e9liorent leurs gestes, leurs strat\u00e9gies dans des matchs amicaux qui font vivre pleinement l\u2019apr\u00e8s-midi. L\u2019\u00e9nergie et la curiosit\u00e9 des participants font de cet \u00e9v\u00e9nement un moment vivant, dynamique, o\u00f9 chacun trouve sa place, prend plaisir \u00e0 jouer.<\/p>\n<p> <b>Le prochain apr\u00e8s-midi jeux vid\u00e9o aura lieu le 17 d\u00e9cembre<\/b>, pour prolonger ces moments de d\u00e9couverte, de jeu et de partage.<\/p>\n<p>Article r\u00e9alis\u00e9 par Imany-Victory Bikoko dans le cadre de son stage au sein du service communication de la Ville de Roubaix<\/p>\n<p class=\"title\">Infos pratiques<\/p>\n<p>M\u00e9diath\u00e8que La Grand Plage<br \/>2 Rue Pierre Motte, 59100 Roubaix<br \/>T\u00e9l\u00e9phone: 03 20 66 45 00<br \/>Horaires: 9h\/19h<\/p>\n<p>L\u2019inscription est gratuite pour tous les roubaisiens : <a href=\"http:\/\/www.mediathequederoubaix.fr\/pratique\/inscription\" target=\"_blank\" rel=\"noopener\">toutes les infos<\/a><\/p>\n<p>Cr\u00e9dit Photos : Service Communication, ville de Roubaix<\/p>\n","protected":false},"excerpt":{"rendered":"La m\u00e9diath\u00e8que de Roubaix a organis\u00e9 ce mercredi 26 novembre 2025 un tournoi de jeux vid\u00e9o, dans la&hellip;\n","protected":false},"author":2,"featured_media":562753,"comment_status":"","ping_status":"","sticky":false,"template":"","format":"standard","meta":{"footnotes":""},"categories":[2815],"tags":[1111,11,1777,674,1011,27,811,1307,16582,12,25],"class_list":{"0":"post-562752","1":"post","2":"type-post","3":"status-publish","4":"format-standard","5":"has-post-thumbnail","7":"category-lille","8":"tag-actu","9":"tag-actualites","10":"tag-eu","11":"tag-europe","12":"tag-fr","13":"tag-france","14":"tag-hauts-de-france","15":"tag-lille","16":"tag-mediatheque","17":"tag-news","18":"tag-republique-francaise"},"share_on_mastodon":{"url":"https:\/\/pubeurope.com\/@fr\/115622900174414618","error":""},"_links":{"self":[{"href":"https:\/\/www.europesays.com\/fr\/wp-json\/wp\/v2\/posts\/562752","targetHints":{"allow":["GET"]}}],"collection":[{"href":"https:\/\/www.europesays.com\/fr\/wp-json\/wp\/v2\/posts"}],"about":[{"href":"https:\/\/www.europesays.com\/fr\/wp-json\/wp\/v2\/types\/post"}],"author":[{"embeddable":true,"href":"https:\/\/www.europesays.com\/fr\/wp-json\/wp\/v2\/users\/2"}],"replies":[{"embeddable":true,"href":"https:\/\/www.europesays.com\/fr\/wp-json\/wp\/v2\/comments?post=562752"}],"version-history":[{"count":0,"href":"https:\/\/www.europesays.com\/fr\/wp-json\/wp\/v2\/posts\/562752\/revisions"}],"wp:featuredmedia":[{"embeddable":true,"href":"https:\/\/www.europesays.com\/fr\/wp-json\/wp\/v2\/media\/562753"}],"wp:attachment":[{"href":"https:\/\/www.europesays.com\/fr\/wp-json\/wp\/v2\/media?parent=562752"}],"wp:term":[{"taxonomy":"category","embeddable":true,"href":"https:\/\/www.europesays.com\/fr\/wp-json\/wp\/v2\/categories?post=562752"},{"taxonomy":"post_tag","embeddable":true,"href":"https:\/\/www.europesays.com\/fr\/wp-json\/wp\/v2\/tags?post=562752"}],"curies":[{"name":"wp","href":"https:\/\/api.w.org\/{rel}","templated":true}]}}