{"id":562754,"date":"2025-11-27T17:43:14","date_gmt":"2025-11-27T17:43:14","guid":{"rendered":"https:\/\/www.europesays.com\/fr\/562754\/"},"modified":"2025-11-27T17:43:14","modified_gmt":"2025-11-27T17:43:14","slug":"meteo-a-lille-les-previsions-du-jeudi-27-novembre-2025","status":"publish","type":"post","link":"https:\/\/www.europesays.com\/fr\/562754\/","title":{"rendered":"M\u00e9t\u00e9o \u00e0 Lille : les pr\u00e9visions du jeudi 27 novembre 2025"},"content":{"rendered":"<p>\u00c0 Lille, la journ\u00e9e s\u2019annonce fra\u00eeche avec un ciel clair ce matin, puis quelques \u00e9claircies l\u2019apr\u00e8s-midi avant un ciel tr\u00e8s nuageux en soir\u00e9e. Le vent de sud reste mod\u00e9r\u00e9 sans risque de pluie.<\/p>\n<p>    Matin : fra\u00eecheur s\u00e8che et grand soleil<\/p>\n<p>Le lever du soleil est pr\u00e9vu \u00e0 08 h 21 sur la capitale des Flandres. \u00c0 9 h, le thermom\u00e8tre n\u2019affiche que 2 \u00b0C sous un ciel parfaitement d\u00e9gag\u00e9.<\/p>\n<p>Le ressenti descend jusqu\u2019\u00e0 \u20131 \u00b0C, combinant une humidit\u00e9 \u00e9lev\u00e9e \u00e0 92 % et un vent de sud soufflant \u00e0 14 km\/h.<\/p>\n<p>Mieux vaut donc se munir de gants et d\u2019un bonnet ; attention aux pare-brise givr\u00e9s et aux pistes cyclables qui peuvent devenir glissantes.<\/p>\n<p>Ces temp\u00e9ratures basses, sans gel marqu\u00e9, restent conformes aux normales de fin novembre, illustrant une transition saisonni\u00e8re classique malgr\u00e9 les tendances de r\u00e9chauffement global identifi\u00e9es par le GIEC.<\/p>\n<p>Les usagers des transports en commun remarqueront que l\u2019humidit\u00e9 importante peut provoquer de la condensation sur les vitres, r\u00e9duisant l\u00e9g\u00e8rement la visibilit\u00e9 pour les conducteurs de bus et de tramway.<\/p>\n<p>Apr\u00e8s-midi : \u00e9claircies dominantes<\/p>\n<p>\u00c0 la mi-journ\u00e9e, Lille profite toujours de belles \u00e9claircies. \u00c0 15 h, la temp\u00e9rature atteint 6 \u00b0C, avec un ressenti de 3 \u00b0C.<\/p>\n<p>L\u2019humidit\u00e9 baisse \u00e0 72 %, la pression reste \u00e9lev\u00e9e \u00e0 1021 hPa, et le flux de sud se renforce \u00e0 22 km\/h sans g\u00e9n\u00e9rer de rafales notables.<\/p>\n<p>En l\u2019absence de pluie, une pause d\u00e9jeuner en terrasse est envisageable, mais la sensation reste fra\u00eeche ; il est donc conseill\u00e9 de conserver une veste coupe-vent.<\/p>\n<p>Les capteurs n\u2019indiquent aucune donn\u00e9e sur la qualit\u00e9 de l\u2019air ; l\u2019indice reste ind\u00e9fini. En l\u2019absence de pollution signal\u00e9e, aucune restriction n\u2019est pr\u00e9vue pour les joggeurs ou les enfants.<\/p>\n<p>La stabilit\u00e9 de la pression t\u00e9moigne de la domination d\u2019un anticyclone centr\u00e9 sur l\u2019Europe centrale ; il favorise ces \u00e9claircies tout en canalisant un flux m\u00e9ridional, responsable de la douceur relative.<\/p>\n<p>Soir : nuages et douceur relative avant la nuit<\/p>\n<p>Le soleil se couche t\u00f4t, \u00e0 16 h 48, alors que le voile nuageux s\u2019\u00e9paissit progressivement.<\/p>\n<p>Aux alentours de 21 h, le mercure redescend \u00e0 5 \u00b0C, avec un ressenti de 1 \u00b0C, sous un ciel tr\u00e8s nuageux mais restant sec.<\/p>\n<p>Le vent de sud persiste \u00e0 22 km\/h, pr\u00e9servant une l\u00e9g\u00e8re fra\u00eecheur. Chauffage recommand\u00e9 pour les terrasses et vigilance accrue pour les personnes sans-abri.<\/p>\n<p>La couverture nuageuse nocturne limite la perte radiative, ce qui emp\u00eache une chute marqu\u00e9e des temp\u00e9ratures et \u00e9vite ainsi toute gel\u00e9e susceptible de compliquer la circulation au petit matin.<\/p>\n<p>Les animations lumineuses du march\u00e9 de No\u00ebl b\u00e9n\u00e9ficieront d\u2019un temps calme ; seuls les 5 \u00b0C inciteront \u00e0 privil\u00e9gier boissons chaudes et v\u00eatements isolants pour profiter confortablement des chalets.<\/p>\n<p>Tendance pour le 28 novembre : retour de l\u2019humidit\u00e9<\/p>\n<p>Demain, changement d\u2019ambiance : un front humide remontera par le sud, apportant de faibles pluies d\u00e8s la matin\u00e9e.<\/p>\n<p>Les temp\u00e9ratures oscilleront entre <b>5 \u00b0C<\/b> \u00e0 l\u2019aube et <b>8 \u00b0C<\/b> l\u2019apr\u00e8s-midi, pour un ressenti rarement sup\u00e9rieur \u00e0 6 \u00b0C.<\/p>\n<p>Probabilit\u00e9 de pr\u00e9cipitations : 89 % ; un cumul attendu de 3 mm, suffisant pour d\u00e9tremper les sols et chauss\u00e9es d\u00e9j\u00e0 froids.<\/p>\n<p>Sous un vent de sud \u00e0 22 km\/h, l\u2019atmosph\u00e8re restera humide. Le parapluie sera donc indispensable pour les trajets domicile-travail.<\/p>\n<ul>\n<li><b>Humidit\u00e9 moyenne<\/b> : 91 %.<\/li>\n<li><b>Pression<\/b> : 1016 hPa, en l\u00e9g\u00e8re baisse.<\/li>\n<li><b>Risque orageux<\/b> : nul, ph\u00e9nom\u00e8ne convectif absent.<\/li>\n<\/ul>\n<p>Le faible cumul attendu ne suffira pas \u00e0 recharger durablement les nappes phr\u00e9atiques, toujours d\u00e9ficitaires apr\u00e8s l\u2019\u00e9t\u00e9 sec.<\/p>\n<p>Le passage perturb\u00e9 pourrait \u00eatre suivi samedi d\u2019un temps plus instable ; l\u2019\u00e9volution des mod\u00e8les sera \u00e0 surveiller pour le week-end.<\/p>\n<p>Pour plus de d\u00e9tails sur les prochains jours, consultez <a href=\"https:\/\/www.meteocity.com\/france\/lille-v2998324\/meteo-15-jours\" target=\"_blank\" rel=\"noopener\">notre bulletin sur 15 jours<\/a>.<\/p>\n","protected":false},"excerpt":{"rendered":"\u00c0 Lille, la journ\u00e9e s\u2019annonce fra\u00eeche avec un ciel clair ce matin, puis quelques \u00e9claircies l\u2019apr\u00e8s-midi avant un&hellip;\n","protected":false},"author":2,"featured_media":562755,"comment_status":"","ping_status":"","sticky":false,"template":"","format":"standard","meta":{"footnotes":""},"categories":[2815],"tags":[1111,11,1777,674,1011,27,811,1307,12,25],"class_list":{"0":"post-562754","1":"post","2":"type-post","3":"status-publish","4":"format-standard","5":"has-post-thumbnail","7":"category-lille","8":"tag-actu","9":"tag-actualites","10":"tag-eu","11":"tag-europe","12":"tag-fr","13":"tag-france","14":"tag-hauts-de-france","15":"tag-lille","16":"tag-news","17":"tag-republique-francaise"},"share_on_mastodon":{"url":"https:\/\/pubeurope.com\/@fr\/115622904098157881","error":""},"_links":{"self":[{"href":"https:\/\/www.europesays.com\/fr\/wp-json\/wp\/v2\/posts\/562754","targetHints":{"allow":["GET"]}}],"collection":[{"href":"https:\/\/www.europesays.com\/fr\/wp-json\/wp\/v2\/posts"}],"about":[{"href":"https:\/\/www.europesays.com\/fr\/wp-json\/wp\/v2\/types\/post"}],"author":[{"embeddable":true,"href":"https:\/\/www.europesays.com\/fr\/wp-json\/wp\/v2\/users\/2"}],"replies":[{"embeddable":true,"href":"https:\/\/www.europesays.com\/fr\/wp-json\/wp\/v2\/comments?post=562754"}],"version-history":[{"count":0,"href":"https:\/\/www.europesays.com\/fr\/wp-json\/wp\/v2\/posts\/562754\/revisions"}],"wp:featuredmedia":[{"embeddable":true,"href":"https:\/\/www.europesays.com\/fr\/wp-json\/wp\/v2\/media\/562755"}],"wp:attachment":[{"href":"https:\/\/www.europesays.com\/fr\/wp-json\/wp\/v2\/media?parent=562754"}],"wp:term":[{"taxonomy":"category","embeddable":true,"href":"https:\/\/www.europesays.com\/fr\/wp-json\/wp\/v2\/categories?post=562754"},{"taxonomy":"post_tag","embeddable":true,"href":"https:\/\/www.europesays.com\/fr\/wp-json\/wp\/v2\/tags?post=562754"}],"curies":[{"name":"wp","href":"https:\/\/api.w.org\/{rel}","templated":true}]}}