{"id":562757,"date":"2025-11-27T17:45:24","date_gmt":"2025-11-27T17:45:24","guid":{"rendered":"https:\/\/www.europesays.com\/fr\/562757\/"},"modified":"2025-11-27T17:45:24","modified_gmt":"2025-11-27T17:45:24","slug":"un-adolescent-blesse-par-arme-blanche-dans-les-quartiers-nord","status":"publish","type":"post","link":"https:\/\/www.europesays.com\/fr\/562757\/","title":{"rendered":"un adolescent bless\u00e9 par arme blanche dans les quartiers nord"},"content":{"rendered":"<p>\n    Un gar\u00e7on de 16 ans a \u00e9t\u00e9 bless\u00e9 au couteau dans des circonstances qui demeurent \u00e9nigmatiques dans une cit\u00e9 des quartiers nord de Marseille. Aucune trace de sang ni aucun t\u00e9moin n\u2019ont \u00e9t\u00e9 retrouv\u00e9s.<\/p>\n<p class=\"fig-paragraph\">Que s\u2019est-il donc pass\u00e9 ce mardi\u00a0? \u00c0 la cit\u00e9 de la Viste, un adolescent de seulement 16 ans a \u00e9t\u00e9 victime de<a href=\"http:\/\/www.lefigaro.fr\/nantes\/pres-de-nantes-une-femme-meurt-apres-avoir-ete-poignardee-son-ex-conjoint-activement-recherche-20251126\" data-fig-type=\"NewsFlash\" data-gtm-custom-categorie=\"navigation\" data-gtm-custom-action=\"crossclick\" data-gtm-custom-label=\"Contextuel\" data-gtm-event=\"customEventSPE\" data-fig-domain=\"LEFIGARO\" target=\"_blank\" rel=\"noopener\">\u00a0coups de couteau<\/a>\u00a0au thorax, a appris Le Figaro de sources concordantes, confirmant une<a href=\"https:\/\/www.laprovence.com\/article\/faits-divers-justice\/18465473342061\/un-jeune-de-16-ans-blesse-au-thorax-par-arme-blanche-a-marseille\" target=\"_blank\" rel=\"sponsored noopener\" data-gtm-custom-categorie=\"navigation\" data-gtm-custom-action=\"crossclick\" data-gtm-custom-label=\"Contextuel\" data-gtm-event=\"customEventSPE\">\u00a0information initiale de La Provence<\/a> . L\u2019adolescent a \u00e9t\u00e9 bless\u00e9 sans que son pronostic vital soit engag\u00e9 rue de l\u2019Eissero dans le 15e arrondissement de Marseille.<\/p>\n<p>                                            Aucune trace de sang<\/p>\n<p class=\"fig-paragraph\">Selon une source polici\u00e8re, aucune trace de sang n\u2019a \u00e9t\u00e9 retrouv\u00e9e par les enqu\u00eateurs et l\u2019enqu\u00eate de voisinage n\u2019a rien donn\u00e9, ne permettant pas d\u2019\u00e9claircir les circonstances de ces faits plut\u00f4t \u00e9nigmatiques. Les marins-pompiers de Marseille affirment de leur c\u00f4t\u00e9 n\u2019avoir \u00e9t\u00e9 pr\u00e9venu qu\u2019\u00e0 10h30 du matin. L\u2019enqu\u00eate se poursuit.<\/p>\n<p>                                            <a class=\"fig-a11y-skip\" href=\"#fig-a11y-skip-main-inarticle\" data-module=\"a11y-skip\" data-context=\"was @visible\"><br \/>\n    Passer la publicit\u00e9<br \/>\n<\/a>            <\/p>\n<p class=\"fig-paragraph\">Selon des statistiques du ministre de l\u2019Int\u00e9rieur, en 2024, les tentatives d\u2019homicide en France \u00e9taient en hausse de 7 %. Toujours selon des statistiques officielles, 10.397 attaques \u00e0 l\u2019arme blanche ont \u00e9t\u00e9 recens\u00e9es sur le territoire en 2024. 34 % des altercations de rue impliquent des couteaux ou des armes blanches, selon les derniers sondages de la police.<\/p>\n","protected":false},"excerpt":{"rendered":"Un gar\u00e7on de 16 ans a \u00e9t\u00e9 bless\u00e9 au couteau dans des circonstances qui demeurent \u00e9nigmatiques dans une&hellip;\n","protected":false},"author":2,"featured_media":562758,"comment_status":"","ping_status":"","sticky":false,"template":"","format":"standard","meta":{"footnotes":""},"categories":[2814],"tags":[1111,11,7623,1777,674,118,1011,27,884,12,882,25],"class_list":{"0":"post-562757","1":"post","2":"type-post","3":"status-publish","4":"format-standard","5":"has-post-thumbnail","7":"category-marseille","8":"tag-actu","9":"tag-actualites","10":"tag-coup-de-couteau","11":"tag-eu","12":"tag-europe","13":"tag-faits-divers","14":"tag-fr","15":"tag-france","16":"tag-marseille","17":"tag-news","18":"tag-provence-alpes-cote-dazur","19":"tag-republique-francaise"},"share_on_mastodon":{"url":"https:\/\/pubeurope.com\/@fr\/115622911904588444","error":""},"_links":{"self":[{"href":"https:\/\/www.europesays.com\/fr\/wp-json\/wp\/v2\/posts\/562757","targetHints":{"allow":["GET"]}}],"collection":[{"href":"https:\/\/www.europesays.com\/fr\/wp-json\/wp\/v2\/posts"}],"about":[{"href":"https:\/\/www.europesays.com\/fr\/wp-json\/wp\/v2\/types\/post"}],"author":[{"embeddable":true,"href":"https:\/\/www.europesays.com\/fr\/wp-json\/wp\/v2\/users\/2"}],"replies":[{"embeddable":true,"href":"https:\/\/www.europesays.com\/fr\/wp-json\/wp\/v2\/comments?post=562757"}],"version-history":[{"count":0,"href":"https:\/\/www.europesays.com\/fr\/wp-json\/wp\/v2\/posts\/562757\/revisions"}],"wp:featuredmedia":[{"embeddable":true,"href":"https:\/\/www.europesays.com\/fr\/wp-json\/wp\/v2\/media\/562758"}],"wp:attachment":[{"href":"https:\/\/www.europesays.com\/fr\/wp-json\/wp\/v2\/media?parent=562757"}],"wp:term":[{"taxonomy":"category","embeddable":true,"href":"https:\/\/www.europesays.com\/fr\/wp-json\/wp\/v2\/categories?post=562757"},{"taxonomy":"post_tag","embeddable":true,"href":"https:\/\/www.europesays.com\/fr\/wp-json\/wp\/v2\/tags?post=562757"}],"curies":[{"name":"wp","href":"https:\/\/api.w.org\/{rel}","templated":true}]}}