{"id":562759,"date":"2025-11-27T17:47:24","date_gmt":"2025-11-27T17:47:24","guid":{"rendered":"https:\/\/www.europesays.com\/fr\/562759\/"},"modified":"2025-11-27T17:47:24","modified_gmt":"2025-11-27T17:47:24","slug":"a-lyon-une-manifestation-pour-un-autre-budget-le-2-decembre","status":"publish","type":"post","link":"https:\/\/www.europesays.com\/fr\/562759\/","title":{"rendered":"\u00c0 Lyon, une manifestation pour \u00ab\u00a0un autre budget\u00a0\u00bb le 2 d\u00e9cembre"},"content":{"rendered":"<p class=\"wp-block-post-excerpt__excerpt\">Mardi 2 d\u00e9cembre, plusieurs syndicats appellent \u00e0 une manifestation, \u00e0 l\u2019heure du vote du budget, \u00e0 Lyon. Un rassemblement aura lieu place des Cordeliers. <\/p>\n<p class=\"font-sans\">\n\t\t\tCet article est en acc\u00e8s libre. Pour soutenir Rue89 Lyon,<br \/>\n\t\t\t<a class=\"underline\" href=\"https:\/\/www.rue89lyon.fr\/abonnement\/\" target=\"_blank\" rel=\"noopener\">abonnez-vous<\/a>.\n\t\t<\/p>\n<p>Rue89Lyon<\/p>\n<p>Publi\u00e9 le 27 novembre 2025\u00a0\u00a0\u00b7\u00a0\u00a0<\/p>\n<p>Imprim\u00e9 le 27 novembre 2025 \u00e0 17h46\u00a0\u00a0\u00b7\u00a0\u00a0<\/p>\n<p>Modifi\u00e9 le 27 novembre 2025\u00a0\u00a0\u00b7\u00a0\u00a0<\/p>\n<p>\t\t\t\t\t1\u00a0minute\n<\/p>\n<p>Se faire entendre, \u00e0 l\u2019heure du vote du budget. Mardi 2 d\u00e9cembre, l\u2019union d\u00e9partementale CGT appelle se rassembler contre un \u00ab\u00a0budget d\u2019aust\u00e9rit\u00e9\u00a0\u00bb \u00e0 Lyon. Elle demande une r\u00e9elle justice \u00ab\u00a0sociale et fiscale\u00a0\u00bb, \u00e0 l\u2019heure o\u00f9 des coupes sont annonc\u00e9es un peu de partout.<\/p>\n<blockquote class=\"wp-block-quote is-layout-flow wp-block-quote-is-layout-flow\">\n<p>\u00ab\u00a0Gel des salaires dans la fonction publique, blocage des pensions des retraites, hausse des franchises m\u00e9dicales, coupes dans les services publics\u2026 Le budget Lecornu maintient le cap de l\u2019aust\u00e9rit\u00e9. Depuis que les prix augmentent, nos salaires stagnent.\u00a0\u00bb<\/p>\n<p>Extrait du communiqu\u00e9 de l\u2019UD CGT 69<\/p>\n<\/blockquote>\n<p>Encore et toujours, la \u00ab\u00a0C\u00e9g\u00e8te\u00a0\u00bb appelle \u00e0 une revalorisation des salaires, \u00e0 une augmentation du Smic et \u00e0 un contr\u00f4le \u00ab\u00a0et conditionnement\u00a0\u00bb des aides publiques aux entreprises. Dans cette mobilisation, elle est suivie (notamment) par la F\u00e9d\u00e9ration syndicale unitaire (FSU), syndicat de l\u2019enseignement.<\/p>\n<p>\u00c0 lire sur Rue89Lyon<\/p>\n<p>\t\tUn rassemblement place des Cordelier \u00e0 Lyon<\/p>\n<p>Ce rassemblement arrive alors que <a href=\"https:\/\/www.publicsenat.fr\/actualites\/politique\/budget-ou-en-est-on-du-calendrier-et-des-delais-dexamen\" target=\"_blank\" rel=\"noreferrer noopener\">l\u2019heure tourne pour le vote du budget<\/a> (et le gouvernement Lecornu). Cette semaine, les d\u00e9put\u00e9s ont rejet\u00e9 le volet \u00ab\u00a0recette\u00a0\u00bb du budget. Les s\u00e9nateurs examinent la premi\u00e8re partie du projet loi de finance (PLF) jusqu\u2019au jeudi 4 d\u00e9cembre. Ils \u00e9tudieront, ensuite, la deuxi\u00e8me partie jusqu\u2019au 15 d\u00e9cembre. L\u2019Assembl\u00e9e et le S\u00e9nat ont jusqu\u2019au 23 d\u00e9cembre, minuit, pour adopter un budget. Exercice qui s\u2019annonce p\u00e9rilleux.<\/p>\n<p>Pour les syndicats, il s\u2019agit de tenter de peser dans la balance, tant qu\u2019il en est encore temps, pour limiter une potentielle casse. Le rassemblement est pr\u00e9vu place des Cordeliers, \u00e0 11h.<\/p>\n","protected":false},"excerpt":{"rendered":"Mardi 2 d\u00e9cembre, plusieurs syndicats appellent \u00e0 une manifestation, \u00e0 l\u2019heure du vote du budget, \u00e0 Lyon. Un&hellip;\n","protected":false},"author":2,"featured_media":562760,"comment_status":"","ping_status":"","sticky":false,"template":"","format":"standard","meta":{"footnotes":""},"categories":[1889],"tags":[1111,11,2430,1777,674,1011,27,2428,2088,12,25],"class_list":{"0":"post-562759","1":"post","2":"type-post","3":"status-publish","4":"format-standard","5":"has-post-thumbnail","7":"category-lyon","8":"tag-actu","9":"tag-actualites","10":"tag-auvergne-rhone-alpes","11":"tag-eu","12":"tag-europe","13":"tag-fr","14":"tag-france","15":"tag-lyon","16":"tag-manifestation","17":"tag-news","18":"tag-republique-francaise"},"share_on_mastodon":{"url":"https:\/\/pubeurope.com\/@fr\/115622919912991774","error":""},"_links":{"self":[{"href":"https:\/\/www.europesays.com\/fr\/wp-json\/wp\/v2\/posts\/562759","targetHints":{"allow":["GET"]}}],"collection":[{"href":"https:\/\/www.europesays.com\/fr\/wp-json\/wp\/v2\/posts"}],"about":[{"href":"https:\/\/www.europesays.com\/fr\/wp-json\/wp\/v2\/types\/post"}],"author":[{"embeddable":true,"href":"https:\/\/www.europesays.com\/fr\/wp-json\/wp\/v2\/users\/2"}],"replies":[{"embeddable":true,"href":"https:\/\/www.europesays.com\/fr\/wp-json\/wp\/v2\/comments?post=562759"}],"version-history":[{"count":0,"href":"https:\/\/www.europesays.com\/fr\/wp-json\/wp\/v2\/posts\/562759\/revisions"}],"wp:featuredmedia":[{"embeddable":true,"href":"https:\/\/www.europesays.com\/fr\/wp-json\/wp\/v2\/media\/562760"}],"wp:attachment":[{"href":"https:\/\/www.europesays.com\/fr\/wp-json\/wp\/v2\/media?parent=562759"}],"wp:term":[{"taxonomy":"category","embeddable":true,"href":"https:\/\/www.europesays.com\/fr\/wp-json\/wp\/v2\/categories?post=562759"},{"taxonomy":"post_tag","embeddable":true,"href":"https:\/\/www.europesays.com\/fr\/wp-json\/wp\/v2\/tags?post=562759"}],"curies":[{"name":"wp","href":"https:\/\/api.w.org\/{rel}","templated":true}]}}